{"id":4696,"date":"2023-12-19T11:27:50","date_gmt":"2023-12-19T10:27:50","guid":{"rendered":"http:\/\/dziedzictwopolonii.pl\/portal\/?p=4696"},"modified":"2023-12-19T11:27:50","modified_gmt":"2023-12-19T10:27:50","slug":"miroslaw-lekis-dr-w-zakresie-geografii","status":"publish","type":"post","link":"https:\/\/dziedzictwopolonii.pl\/portal\/miroslaw-lekis-dr-w-zakresie-geografii\/","title":{"rendered":"Miros\u0142aw Lekis, dr w zakresie geografii"},"content":{"rendered":"<div class=\"pdfprnt-buttons pdfprnt-buttons-post pdfprnt-top-right\"><a href=\"https:\/\/dziedzictwopolonii.pl\/portal\/wp-json\/wp\/v2\/posts\/4696?print=pdf\" class=\"pdfprnt-button pdfprnt-button-pdf\" target=\"_blank\"><img decoding=\"async\" src=\"http:\/\/dziedzictwopolonii.pl\/portal\/wp-content\/plugins\/pdf-print\/images\/pdf.png\" alt=\"image_pdf\" title=\"Download PDF\" \/><span class=\"pdfprnt-button-title pdfprnt-button-pdf-title\">POBIERZ PDF<\/span><\/a><a href=\"https:\/\/dziedzictwopolonii.pl\/portal\/wp-json\/wp\/v2\/posts\/4696?print=print\" class=\"pdfprnt-button pdfprnt-button-print\" target=\"_blank\"><img decoding=\"async\" src=\"http:\/\/dziedzictwopolonii.pl\/portal\/wp-content\/plugins\/pdf-print\/images\/print.png\" alt=\"image_print\" title=\"Print Content\" \/><\/a><\/div><p><strong>Miros\u0142aw Lekis, dr w zakresie geografii<\/strong><\/p>\n<p>Urodzony 11 pa\u017adziernika 1919 roku w P\u0142ocku. Uko\u0144czy\u0142 gimnazjum przyrodnicze w P\u0142ocku. By\u0142 ostatnim przedwojennym dru\u017cynowym 89 M\u0142odszej Dru\u017cyny Harcerskiej (MDH) w P\u0142ocku. We wrze\u015bniu 1939 roku zaanga\u017cowany w prace Harcerskiego Pogotowia Wojennego Bra\u0142 udzia\u0142 w wojnie obronnej 1939 roku. Po kapitulacji przedosta\u0142 si\u0119 na Litw\u0119, jednak\u017ce wkr\u00f3tce dosta\u0142 si\u0119 do niewoli sowieckiej. Nast\u0119pnie, po podpisaniu uk\u0142adu Sikorski-Majski, trafi\u0142 do polskiego wojska &#8211; s\u0142u\u017cy\u0142 w 15 Batalionie Strzelc\u00f3w (\u201eWilk\u00f3w\u201d) w 5 Wile\u0144skiej Dywizji Piechoty, z kt\u00f3r\u0105 przeszed\u0142 szlak bojowy. W 1943 r. otrzyma\u0142 stopie\u0144 podporucznika W ramach 2. Korpusu Polskiego bra\u0142 udzia\u0142 w kampanii w\u0142oskiej, walczy\u0142 w bitwie o Monte Cassino. W bitwie pod Ankon\u0105 zosta\u0142 ci\u0119\u017cko ranny. W ramach rekonwalescencji odes\u0142any do Szkocji. Za waleczno\u015b\u0107 i odwag\u0119 odznaczony orderem Virtutti Militari.<\/p>\n<p>Po wojnie pozosta\u0142 w Wielkiej Brytanii. Studia w zakresie geografii uko\u0144czy\u0142 w St. Andrews University (studiowa\u0142 tu w latach 1945-1948). Nast\u0119pnie, w 1966 roku, uzyska\u0142 na Polskim Uniwersytecie na Obczy\u017anie (PUNO) doktorat z geografii<a href=\"#_ftn1\" name=\"_ftnref1\">[1]<\/a>.\u00a0 By\u0142 aktywnym cz\u0142onkiem Polskiego Towarzystwa Naukowego na Obczy\u017anie (PTNO).\u00a0 14 stycznia 1999 r. otrzyma\u0142 Krzy\u017c Kawalerski Orderu Zas\u0142ugi RP. Przyznano mu r\u00f31)nie\u017c Krzy\u017c Pami\u0105tkowy Monte Cassino (nr 17002). Autor opracowania: \u201eHuman Ecology on the Romney Marsh\u201d, a tak\u017ce pracy \u201cRe-appraisal of the reasons for the use of direct\/indirect hot water storage\u201d, ktor\u0105 opublikowa\u0142 w Institution of Heating and Ventilating Engineers.<\/p>\n<p>Pod koniec \u017cycia zamieszka\u0142 we\u00a0 W\u0142oszech.<\/p>\n<p><a href=\"#_ftnref1\" name=\"_ftn1\">[1]<\/a> <em>S. Portalski, Zarys historii Polskiego&#8230;,<\/em> s. 103; Rocznik PTNO, 2006\/2007, Wrzesie\u0144 2008, s. 14.<\/p>\n","protected":false},"excerpt":{"rendered":"<p>Miros\u0142aw Lekis, dr w zakresie geografii Urodzony 11 pa\u017adziernika 1919 roku w P\u0142ocku. Uko\u0144czy\u0142 gimnazjum przyrodnicze w P\u0142ocku. By\u0142 ostatnim przedwojennym dru\u017cynowym 89 M\u0142odszej Dru\u017cyny Harcerskiej (MDH) w P\u0142ocku. We wrze\u015bniu 1939 roku zaanga\u017cowany w prace Harcerskiego Pogotowia Wojennego Bra\u0142 udzia\u0142 w wojnie obronnej 1939 roku. Po kapitulacji przedosta\u0142 si\u0119 na Litw\u0119, jednak\u017ce wkr\u00f3tce [&hellip;]<\/p>\n","protected":false},"author":1,"featured_media":4694,"comment_status":"closed","ping_status":"closed","sticky":false,"template":"","format":"standard","meta":{"_mi_skip_tracking":false,"footnotes":""},"categories":[67],"tags":[],"class_list":["post-4696","post","type-post","status-publish","format-standard","has-post-thumbnail","hentry","category-naukowcy"],"_links":{"self":[{"href":"https:\/\/dziedzictwopolonii.pl\/portal\/wp-json\/wp\/v2\/posts\/4696","targetHints":{"allow":["GET"]}}],"collection":[{"href":"https:\/\/dziedzictwopolonii.pl\/portal\/wp-json\/wp\/v2\/posts"}],"about":[{"href":"https:\/\/dziedzictwopolonii.pl\/portal\/wp-json\/wp\/v2\/types\/post"}],"author":[{"embeddable":true,"href":"https:\/\/dziedzictwopolonii.pl\/portal\/wp-json\/wp\/v2\/users\/1"}],"replies":[{"embeddable":true,"href":"https:\/\/dziedzictwopolonii.pl\/portal\/wp-json\/wp\/v2\/comments?post=4696"}],"version-history":[{"count":1,"href":"https:\/\/dziedzictwopolonii.pl\/portal\/wp-json\/wp\/v2\/posts\/4696\/revisions"}],"predecessor-version":[{"id":4698,"href":"https:\/\/dziedzictwopolonii.pl\/portal\/wp-json\/wp\/v2\/posts\/4696\/revisions\/4698"}],"wp:featuredmedia":[{"embeddable":true,"href":"https:\/\/dziedzictwopolonii.pl\/portal\/wp-json\/wp\/v2\/media\/4694"}],"wp:attachment":[{"href":"https:\/\/dziedzictwopolonii.pl\/portal\/wp-json\/wp\/v2\/media?parent=4696"}],"wp:term":[{"taxonomy":"category","embeddable":true,"href":"https:\/\/dziedzictwopolonii.pl\/portal\/wp-json\/wp\/v2\/categories?post=4696"},{"taxonomy":"post_tag","embeddable":true,"href":"https:\/\/dziedzictwopolonii.pl\/portal\/wp-json\/wp\/v2\/tags?post=4696"}],"curies":[{"name":"wp","href":"https:\/\/api.w.org\/{rel}","templated":true}]}}