{"id":3941,"date":"2023-01-06T11:38:43","date_gmt":"2023-01-06T10:38:43","guid":{"rendered":"http:\/\/dziedzictwopolonii.pl\/?p=3941"},"modified":"2023-01-27T10:02:01","modified_gmt":"2023-01-27T09:02:01","slug":"dzienisiewicz-jan","status":"publish","type":"post","link":"https:\/\/dziedzictwopolonii.pl\/portal\/dzienisiewicz-jan\/","title":{"rendered":"Dzienisiewicz Jan"},"content":{"rendered":"<div class=\"pdfprnt-buttons pdfprnt-buttons-post pdfprnt-top-right\"><a href=\"https:\/\/dziedzictwopolonii.pl\/portal\/wp-json\/wp\/v2\/posts\/3941?print=pdf\" class=\"pdfprnt-button pdfprnt-button-pdf\" target=\"_blank\"><img decoding=\"async\" src=\"http:\/\/dziedzictwopolonii.pl\/portal\/wp-content\/plugins\/pdf-print\/images\/pdf.png\" alt=\"image_pdf\" title=\"Download PDF\" \/><span class=\"pdfprnt-button-title pdfprnt-button-pdf-title\">POBIERZ PDF<\/span><\/a><a href=\"https:\/\/dziedzictwopolonii.pl\/portal\/wp-json\/wp\/v2\/posts\/3941?print=print\" class=\"pdfprnt-button pdfprnt-button-print\" target=\"_blank\"><img decoding=\"async\" src=\"http:\/\/dziedzictwopolonii.pl\/portal\/wp-content\/plugins\/pdf-print\/images\/print.png\" alt=\"image_print\" title=\"Print Content\" \/><\/a><\/div><p style=\"text-align: justify;\"><strong>Jan Dzienisiewicz (1913-1988) &#8211; dr in\u017c. <\/strong><\/p>\n<p style=\"text-align: justify;\">Urodzony 24 listopada 1913 r. w Filipowie na Suwalszczy\u017anie. Zmar\u0142 10 stycznia 1988 r. w Londynie. Przed wojn\u0105 (w latach 1935-1939) student Wydzia\u0142u G\u00f3rniczego AK w Krakowie. Po ataku Niemiec na Polsk\u0119, jesieni\u0105 1939 roku przedosta\u0142 si\u0119 do Francji, a po jej kapitulacji dotar\u0142 do Wielkiej Brytanii. \u00a0W latach 1940-1947 s\u0142u\u017cy\u0142 w Polskich Si\u0142ach Powietrznych (porucznik \u2013 specjalno\u015b\u0107: nawigator). W 1942 r. wys\u0142any (jako instruktor) do Szko\u0142y Podchor\u0105\u017cych w Armii Polskiej na Bliskim Wschodzie. W 1944 roku powr\u00f3ci\u0142 do Wielkiej Brytanii. Po wojnie, w ramach Polskiego Korpusu Przysposobienia i Rozmieszczenia (PKPR) odkomenderowany do uko\u0144czenia studi\u00f3w przy Radzie Akademickich Szk\u00f3\u0142 Technicznych (RAST). Tytu\u0142 in\u017cyniera uzyska\u0142 w 1946 roku.<\/p>\n<p style=\"text-align: justify;\">W latach 1947-1951 prowadzi\u0142 prace badawcze w Royal School of Mines Uniwersytetu Londy\u0144skiego. Tutaj tak\u017ce (w 1951 roku) obroni\u0142 doktorat. Wieloletni ekspert Organizacji Narod\u00f3w Zjednoczonych (ONZ) w dziedzinie mineralogii. W ramach ONZ swoje prace prowadzi\u0142 w: Korei Po\u0142udniowej, Iranie, Birmie i Turcji.<\/p>\n<p style=\"text-align: justify;\">Od listopada 1985 do 1988 roku prezes Stowarzyszenia Technik\u00f3w Polskich (STP) w Wielkiej Brytanii.<\/p>\n<p style=\"text-align: justify;\"><strong>Bibliografia:<\/strong><\/p>\n<ol>\n<li style=\"text-align: justify;\">Portalski, <em>Zarys Historii Stowarzyszenia<\/em> Technik\u00f3w Polskich w Wielkiej Brytanii, Londyn, s. 220.<\/li>\n<li style=\"text-align: justify;\"><em> Py\u0142at, Polscy naukowcy niehumani\u015bci na emigracji w latach 1939-1990<\/em>, [w:] <em>Polska emigracja polityczna 1939-1990. Stan bada\u0144<\/em>, red. S. \u0141ukasiewicz, IPN, Warszawa 2016 (seria monografie, t.113).<\/li>\n<\/ol>\n","protected":false},"excerpt":{"rendered":"<p>Jan Dzienisiewicz (1913-1988) &#8211; dr in\u017c. Urodzony 24 listopada 1913 r. w Filipowie na Suwalszczy\u017anie. Zmar\u0142 10 stycznia 1988 r. w Londynie. Przed wojn\u0105 (w latach 1935-1939) student Wydzia\u0142u G\u00f3rniczego AK w Krakowie. Po ataku Niemiec na Polsk\u0119, jesieni\u0105 1939 roku przedosta\u0142 si\u0119 do Francji, a po jej kapitulacji dotar\u0142 do Wielkiej Brytanii. \u00a0W [&hellip;]<\/p>\n","protected":false},"author":4,"featured_media":3588,"comment_status":"closed","ping_status":"open","sticky":false,"template":"","format":"standard","meta":{"_mi_skip_tracking":false,"footnotes":""},"categories":[67],"tags":[],"class_list":["post-3941","post","type-post","status-publish","format-standard","has-post-thumbnail","hentry","category-naukowcy"],"_links":{"self":[{"href":"https:\/\/dziedzictwopolonii.pl\/portal\/wp-json\/wp\/v2\/posts\/3941","targetHints":{"allow":["GET"]}}],"collection":[{"href":"https:\/\/dziedzictwopolonii.pl\/portal\/wp-json\/wp\/v2\/posts"}],"about":[{"href":"https:\/\/dziedzictwopolonii.pl\/portal\/wp-json\/wp\/v2\/types\/post"}],"author":[{"embeddable":true,"href":"https:\/\/dziedzictwopolonii.pl\/portal\/wp-json\/wp\/v2\/users\/4"}],"replies":[{"embeddable":true,"href":"https:\/\/dziedzictwopolonii.pl\/portal\/wp-json\/wp\/v2\/comments?post=3941"}],"version-history":[{"count":1,"href":"https:\/\/dziedzictwopolonii.pl\/portal\/wp-json\/wp\/v2\/posts\/3941\/revisions"}],"predecessor-version":[{"id":4443,"href":"https:\/\/dziedzictwopolonii.pl\/portal\/wp-json\/wp\/v2\/posts\/3941\/revisions\/4443"}],"wp:featuredmedia":[{"embeddable":true,"href":"https:\/\/dziedzictwopolonii.pl\/portal\/wp-json\/wp\/v2\/media\/3588"}],"wp:attachment":[{"href":"https:\/\/dziedzictwopolonii.pl\/portal\/wp-json\/wp\/v2\/media?parent=3941"}],"wp:term":[{"taxonomy":"category","embeddable":true,"href":"https:\/\/dziedzictwopolonii.pl\/portal\/wp-json\/wp\/v2\/categories?post=3941"},{"taxonomy":"post_tag","embeddable":true,"href":"https:\/\/dziedzictwopolonii.pl\/portal\/wp-json\/wp\/v2\/tags?post=3941"}],"curies":[{"name":"wp","href":"https:\/\/api.w.org\/{rel}","templated":true}]}}