{"id":3933,"date":"2023-01-06T11:36:00","date_gmt":"2023-01-06T10:36:00","guid":{"rendered":"http:\/\/dziedzictwopolonii.pl\/?p=3933"},"modified":"2023-01-27T10:02:01","modified_gmt":"2023-01-27T09:02:01","slug":"lichtarowicz-andrzej","status":"publish","type":"post","link":"https:\/\/dziedzictwopolonii.pl\/portal\/lichtarowicz-andrzej\/","title":{"rendered":"Lichtarowicz Andrzej"},"content":{"rendered":"<div class=\"pdfprnt-buttons pdfprnt-buttons-post pdfprnt-top-right\"><a href=\"https:\/\/dziedzictwopolonii.pl\/portal\/wp-json\/wp\/v2\/posts\/3933?print=pdf\" class=\"pdfprnt-button pdfprnt-button-pdf\" target=\"_blank\"><img decoding=\"async\" src=\"http:\/\/dziedzictwopolonii.pl\/portal\/wp-content\/plugins\/pdf-print\/images\/pdf.png\" alt=\"image_pdf\" title=\"Download PDF\" \/><span class=\"pdfprnt-button-title pdfprnt-button-pdf-title\">POBIERZ PDF<\/span><\/a><a href=\"https:\/\/dziedzictwopolonii.pl\/portal\/wp-json\/wp\/v2\/posts\/3933?print=print\" class=\"pdfprnt-button pdfprnt-button-print\" target=\"_blank\"><img decoding=\"async\" src=\"http:\/\/dziedzictwopolonii.pl\/portal\/wp-content\/plugins\/pdf-print\/images\/print.png\" alt=\"image_print\" title=\"Print Content\" \/><\/a><\/div><p style=\"text-align: justify;\"><strong>Andrzej Lichtarowicz<\/strong> <strong>(1930-2015)<\/strong> \u2013 prof. dr in\u017c. mechanik, instruktor (podharcmistrz) Zwi\u0105zku Harcerstwa Polskiego poza Granicami Kraju, dzia\u0142acz katolicki i spo\u0142eczny (syn Ludwika Lichtarowicza i Zofii &#8211; z domu Fiedorowicz), urodzony 10 listopada 1930 roku w Wilnie, zmar\u0142y 5 stycznia 2015 roku w Nottingham, w Wielkiej Brytanii (pochowany na cmentarzu Gunnersbury).<\/p>\n<p style=\"text-align: justify;\">Jako dziecko wychowywa\u0142 si\u0119 w Wilnie. Po zako\u0144czeniu II wojny \u015bwiatowej (dzi\u0119ki pomocy ojca \u2013 w\u00f3wczas \u017co\u0142nierza Polskich Si\u0142 Zbrojnych na Zachodzie) uda\u0142o mu si\u0119 uciec (\u201eprzez zielon\u0105 granic\u0105\u201d) ze zniewolonej przez Zwi\u0105zek Sowiecki Polski.<\/p>\n<p style=\"text-align: justify;\">Pocz\u0105tkowo przebywa\u0142 w obozie dla polskich uciekinier\u00f3w w \u201eMaczkowie\u201d- tj. w miasteczku Harem nad rzek\u0105 EMS (w Dolnej Saksonii) przy granicy holenderskiej. Po jakim\u015b czasie dotar\u0142 (transportem UNRRA) do Wielkiej Brytanii i do\u0142\u0105czy\u0142 do przebywaj\u0105cego w\u00f3wczas w Szkocji (w Glasgow) ojca. Tutaj te\u017c podj\u0105\u0142 nauk\u0119 w St. Mungo\u2019s Academy.<\/p>\n<p style=\"text-align: justify;\">Po demobilizacji, wraz z ojcem i pozosta\u0142ymi cz\u0142onkami rodziny, przeprowadzi\u0142 si\u0119 do Nottingham i zaanga\u017cowa\u0142 w dzia\u0142alno\u015b\u0107 harcersk\u0105. W 1949 roku za\u0142o\u017cy\u0142 w tym mie\u015bcie (polsk\u0105) 24 Dru\u017cyn\u0119 Harcersk\u0105 im. Jana Birczana. Nast\u0119pnie, przez wiele lat, pe\u0142ni\u0142 harcersk\u0105 s\u0142u\u017cb\u0119 jako instruktor Zwi\u0105zku Harcerstwa Polskiego poza Granicami kraju &#8211; w stopniu podharcmistrza.<\/p>\n<p style=\"text-align: justify;\">W 1949 roku rozpocz\u0105\u0142 studia na Wydziale Mechanicznym Nottingham University. Dyplom z mechaniki uzyska\u0142 w roku 1952. Kilka lat p\u00f3\u017aniej (w 1959 roku) otrzyma\u0142 na tej samej uczelni posad\u0119 wyk\u0142adowcy, a w 1960 roku obroni\u0142 tutaj doktorat (specjalizowa\u0142 si\u0119 w mechanice p\u0142yn\u00f3w). Nast\u0119pnie &#8211; tak\u017ce na Nottingham University &#8211; pracowa\u0142 (a\u017c do momentu przej\u015bcia na emerytur\u0119 \u2013 w 1996 roku) jako profesor.<\/p>\n<p style=\"text-align: justify;\">Od 1961 do 1962 roku by\u0142 te\u017c profesorem wizytuj\u0105cym na Uniwersytecie w Yale\u2019a i w1975 roku w Tokyo Instytut of Technology &#8211; tym czasie by\u0142 ju\u017c powszechnie cenionym ekspertem w dziedzinie zu\u017cycia i erozji maszyn, wyk\u0142adaj\u0105cym mechanik\u0119 p\u0142yn\u00f3w (autorem 4 wa\u017cnych patent\u00f3w). Z czasem jego dokonania (g\u0142\u00f3wnie prace zwi\u0105zane z przygotowaniem \u015bwiatowych standard\u00f3w ci\u0119cia strumieniami) docenione zosta\u0142y przez The American Society for Testing and Materials (ASTM), kt\u00f3re przyzna\u0142o mu (w 1998 roku) \u201eBrautingham Award\u201d.<\/p>\n<p style=\"text-align: justify;\">Po przemianach spo\u0142eczno-politycznych w Polsce podj\u0105\u0142 te\u017c z czasem wsp\u00f3\u0142prac\u0119 z uczelniami w Kraju \u2013 wsp\u00f3\u0142pracowa\u0142 z Instytutem Maszyn Przep\u0142ywowych Polskiej Akademii Nauk w Gda\u0144sku i Politechnik\u0105 w Opolu.<\/p>\n<p style=\"text-align: justify;\">W czasie Stanu Wojennego zaanga\u017cowa\u0142 si\u0119 w prace Medical Aid for Poland (by\u0142 jednym z wsp\u00f3\u0142tw\u00f3rc\u00f3w tej organizacji). Za t\u0119 dzia\u0142alno\u015b\u0107 odznaczony zosta\u0142 (w 1984 roku), przez Prezydenta Rzeczypospolitej Polskiej na Uchod\u017astwie, Z\u0142otym Krzy\u017cem Zas\u0142ugi.<\/p>\n<p style=\"text-align: justify;\">Jako znany dzia\u0142acz katolicki doceniony zosta\u0142 w 1992 roku przez Papie\u017ca Jana Paw\u0142a II &#8211; otrzyma\u0142 w\u00f3wczas medal Pro Ecclesia et Pontifice.<\/p>\n<p style=\"text-align: justify;\"><strong>Bibliografia:<\/strong><\/p>\n<ol>\n<li style=\"text-align: justify;\"><em>Prof. Andrzej Lichtarowicz<\/em>, [w]: \u201eTechnika i Nauka\u201d, nr 69, wrzesie\u0144 1999, s. 102.<\/li>\n<li style=\"text-align: justify;\">\u201e<em>Na wieczn\u0105 wart\u0119<\/em>\u201d, \u201eOgnisko \u2013 Kwartalnik Starszyzny Harcerskiej\u201d, 51 (1), Londyn, marzec 2015, s. 28 (data dost\u0119pu 15 grudnia 2022).<\/li>\n<\/ol>\n","protected":false},"excerpt":{"rendered":"<p>Andrzej Lichtarowicz (1930-2015) \u2013 prof. dr in\u017c. mechanik, instruktor (podharcmistrz) Zwi\u0105zku Harcerstwa Polskiego poza Granicami Kraju, dzia\u0142acz katolicki i spo\u0142eczny (syn Ludwika Lichtarowicza i Zofii &#8211; z domu Fiedorowicz), urodzony 10 listopada 1930 roku w Wilnie, zmar\u0142y 5 stycznia 2015 roku w Nottingham, w Wielkiej Brytanii (pochowany na cmentarzu Gunnersbury). Jako dziecko wychowywa\u0142 si\u0119 [&hellip;]<\/p>\n","protected":false},"author":4,"featured_media":3588,"comment_status":"closed","ping_status":"open","sticky":false,"template":"","format":"standard","meta":{"_mi_skip_tracking":false,"footnotes":""},"categories":[73,67],"tags":[],"class_list":["post-3933","post","type-post","status-publish","format-standard","has-post-thumbnail","hentry","category-harcerze-i-instruktorzy","category-naukowcy"],"_links":{"self":[{"href":"https:\/\/dziedzictwopolonii.pl\/portal\/wp-json\/wp\/v2\/posts\/3933","targetHints":{"allow":["GET"]}}],"collection":[{"href":"https:\/\/dziedzictwopolonii.pl\/portal\/wp-json\/wp\/v2\/posts"}],"about":[{"href":"https:\/\/dziedzictwopolonii.pl\/portal\/wp-json\/wp\/v2\/types\/post"}],"author":[{"embeddable":true,"href":"https:\/\/dziedzictwopolonii.pl\/portal\/wp-json\/wp\/v2\/users\/4"}],"replies":[{"embeddable":true,"href":"https:\/\/dziedzictwopolonii.pl\/portal\/wp-json\/wp\/v2\/comments?post=3933"}],"version-history":[{"count":1,"href":"https:\/\/dziedzictwopolonii.pl\/portal\/wp-json\/wp\/v2\/posts\/3933\/revisions"}],"predecessor-version":[{"id":4327,"href":"https:\/\/dziedzictwopolonii.pl\/portal\/wp-json\/wp\/v2\/posts\/3933\/revisions\/4327"}],"wp:featuredmedia":[{"embeddable":true,"href":"https:\/\/dziedzictwopolonii.pl\/portal\/wp-json\/wp\/v2\/media\/3588"}],"wp:attachment":[{"href":"https:\/\/dziedzictwopolonii.pl\/portal\/wp-json\/wp\/v2\/media?parent=3933"}],"wp:term":[{"taxonomy":"category","embeddable":true,"href":"https:\/\/dziedzictwopolonii.pl\/portal\/wp-json\/wp\/v2\/categories?post=3933"},{"taxonomy":"post_tag","embeddable":true,"href":"https:\/\/dziedzictwopolonii.pl\/portal\/wp-json\/wp\/v2\/tags?post=3933"}],"curies":[{"name":"wp","href":"https:\/\/api.w.org\/{rel}","templated":true}]}}