{"id":3901,"date":"2022-12-21T22:25:19","date_gmt":"2022-12-21T21:25:19","guid":{"rendered":"http:\/\/yanh.pl\/dev\/srbnp\/?p=3901"},"modified":"2023-01-27T10:02:01","modified_gmt":"2023-01-27T09:02:01","slug":"zeglicki-stanislaw","status":"publish","type":"post","link":"https:\/\/dziedzictwopolonii.pl\/portal\/zeglicki-stanislaw\/","title":{"rendered":"\u017beglicki Stanis\u0142aw"},"content":{"rendered":"<div class=\"pdfprnt-buttons pdfprnt-buttons-post pdfprnt-top-right\"><a href=\"https:\/\/dziedzictwopolonii.pl\/portal\/wp-json\/wp\/v2\/posts\/3901?print=pdf\" class=\"pdfprnt-button pdfprnt-button-pdf\" target=\"_blank\"><img decoding=\"async\" src=\"http:\/\/dziedzictwopolonii.pl\/portal\/wp-content\/plugins\/pdf-print\/images\/pdf.png\" alt=\"image_pdf\" title=\"Download PDF\" \/><span class=\"pdfprnt-button-title pdfprnt-button-pdf-title\">POBIERZ PDF<\/span><\/a><a href=\"https:\/\/dziedzictwopolonii.pl\/portal\/wp-json\/wp\/v2\/posts\/3901?print=print\" class=\"pdfprnt-button pdfprnt-button-print\" target=\"_blank\"><img decoding=\"async\" src=\"http:\/\/dziedzictwopolonii.pl\/portal\/wp-content\/plugins\/pdf-print\/images\/print.png\" alt=\"image_print\" title=\"Print Content\" \/><\/a><\/div><p><span style=\"font-weight: 400\">(1813 \u0141opacianka, woj. sandomierskie \u2013 po 1863 Francja), lekarz og\u00f3lny. We Francji od 1832. Wykszta\u0142cenie: studia medyczne i doktorat na uniwersytecie w Montpellier. Od 1841 prowadzi\u0142 prywatn\u0105 praktyk\u0119 lekarsk\u0105 w Mauriac (dep. Cantal). Cz\u0142onek Zjednoczenia Emigracji Polskiej oraz Towarzystwa Demokratycznego Polskiego.<\/span><\/p>\n<p><em><span style=\"font-weight: 400\">\u0179r\u00f3d\u0142o: Z. A. Judycki, Lekarze polskiego pochodzenia w \u015bwiecie, Kielce 2020.<\/span><\/em><\/p>\n","protected":false},"excerpt":{"rendered":"<p>(1813 \u0141opacianka, woj. sandomierskie \u2013 po 1863 Francja), lekarz og\u00f3lny. We Francji od 1832. Wykszta\u0142cenie: studia medyczne i doktorat na uniwersytecie w Montpellier. Od 1841 prowadzi\u0142 prywatn\u0105 praktyk\u0119 lekarsk\u0105 w Mauriac (dep. Cantal). Cz\u0142onek Zjednoczenia Emigracji Polskiej oraz Towarzystwa Demokratycznego Polskiego. \u0179r\u00f3d\u0142o: Z. A. Judycki, Lekarze polskiego pochodzenia w \u015bwiecie, Kielce 2020.<\/p>\n","protected":false},"author":4,"featured_media":3588,"comment_status":"closed","ping_status":"closed","sticky":false,"template":"","format":"standard","meta":{"_mi_skip_tracking":false,"footnotes":""},"categories":[72],"tags":[],"class_list":["post-3901","post","type-post","status-publish","format-standard","has-post-thumbnail","hentry","category-lekarze"],"_links":{"self":[{"href":"https:\/\/dziedzictwopolonii.pl\/portal\/wp-json\/wp\/v2\/posts\/3901","targetHints":{"allow":["GET"]}}],"collection":[{"href":"https:\/\/dziedzictwopolonii.pl\/portal\/wp-json\/wp\/v2\/posts"}],"about":[{"href":"https:\/\/dziedzictwopolonii.pl\/portal\/wp-json\/wp\/v2\/types\/post"}],"author":[{"embeddable":true,"href":"https:\/\/dziedzictwopolonii.pl\/portal\/wp-json\/wp\/v2\/users\/4"}],"replies":[{"embeddable":true,"href":"https:\/\/dziedzictwopolonii.pl\/portal\/wp-json\/wp\/v2\/comments?post=3901"}],"version-history":[{"count":1,"href":"https:\/\/dziedzictwopolonii.pl\/portal\/wp-json\/wp\/v2\/posts\/3901\/revisions"}],"predecessor-version":[{"id":3902,"href":"https:\/\/dziedzictwopolonii.pl\/portal\/wp-json\/wp\/v2\/posts\/3901\/revisions\/3902"}],"wp:featuredmedia":[{"embeddable":true,"href":"https:\/\/dziedzictwopolonii.pl\/portal\/wp-json\/wp\/v2\/media\/3588"}],"wp:attachment":[{"href":"https:\/\/dziedzictwopolonii.pl\/portal\/wp-json\/wp\/v2\/media?parent=3901"}],"wp:term":[{"taxonomy":"category","embeddable":true,"href":"https:\/\/dziedzictwopolonii.pl\/portal\/wp-json\/wp\/v2\/categories?post=3901"},{"taxonomy":"post_tag","embeddable":true,"href":"https:\/\/dziedzictwopolonii.pl\/portal\/wp-json\/wp\/v2\/tags?post=3901"}],"curies":[{"name":"wp","href":"https:\/\/api.w.org\/{rel}","templated":true}]}}