{"id":3853,"date":"2022-12-21T22:04:56","date_gmt":"2022-12-21T21:04:56","guid":{"rendered":"http:\/\/yanh.pl\/dev\/srbnp\/?p=3853"},"modified":"2023-01-27T10:02:01","modified_gmt":"2023-01-27T09:02:01","slug":"tomkiewicz-stanislaw","status":"publish","type":"post","link":"https:\/\/dziedzictwopolonii.pl\/portal\/tomkiewicz-stanislaw\/","title":{"rendered":"Tomkiewicz Stanis\u0142aw"},"content":{"rendered":"<div class=\"pdfprnt-buttons pdfprnt-buttons-post pdfprnt-top-right\"><a href=\"https:\/\/dziedzictwopolonii.pl\/portal\/wp-json\/wp\/v2\/posts\/3853?print=pdf\" class=\"pdfprnt-button pdfprnt-button-pdf\" target=\"_blank\"><img decoding=\"async\" src=\"http:\/\/dziedzictwopolonii.pl\/portal\/wp-content\/plugins\/pdf-print\/images\/pdf.png\" alt=\"image_pdf\" title=\"Download PDF\" \/><span class=\"pdfprnt-button-title pdfprnt-button-pdf-title\">POBIERZ PDF<\/span><\/a><a href=\"https:\/\/dziedzictwopolonii.pl\/portal\/wp-json\/wp\/v2\/posts\/3853?print=print\" class=\"pdfprnt-button pdfprnt-button-print\" target=\"_blank\"><img decoding=\"async\" src=\"http:\/\/dziedzictwopolonii.pl\/portal\/wp-content\/plugins\/pdf-print\/images\/print.png\" alt=\"image_print\" title=\"Print Content\" \/><\/a><\/div><p><span style=\"font-weight: 400\">(1925 Warszawa \u2013 2003 Pary\u017c), lekarz psychiatra, nauczyciel akademicki. We Francji od 1945. Wykszta\u0142cenie: studia medyczne na Uniwersytecie Paryskim. Szef Kliniki Uniwersytetu Paryskiego 1960-1965; wyk\u0142adowca w Instytucie Psychologicznym w Pary\u017cu 1961-1969; profesor psychopatologii na Uniwersytecie Paris VIII 1969-1980. Docent, a nast\u0119pnie dyrektor bada\u0144 naukowych w Institut National de la Sant\u00e9 et de la Recherche M\u00e9dicale 1969-1977. Specjalista w zakresie psychiatrii dzieci i m\u0142odzie\u017cy, a szczeg\u00f3lnie dzieci umys\u0142owo niedorozwini\u0119tych oraz m\u0142odocianych przest\u0119pc\u00f3w. Wydawca, wsp\u00f3\u0142autor i autor kilkunastu ksi\u0105\u017cek z zakresu psychologii dzieci\u0119cej, m.in. <\/span><i><span style=\"font-weight: 400\">Le d\u00e9veloppement biologique de l\u2019enfant <\/span><\/i><span style=\"font-weight: 400\">(1968), <\/span><i><span style=\"font-weight: 400\">Trait\u00e9 de psychologie de l\u201denfant <\/span><\/i><span style=\"font-weight: 400\">(1970), <\/span><i><span style=\"font-weight: 400\">Aimer malchatier bien <\/span><\/i><span style=\"font-weight: 400\">(1991), <\/span><i><span style=\"font-weight: 400\">Cri du Pinguin <\/span><\/i><span style=\"font-weight: 400\">(1992), <\/span><i><span style=\"font-weight: 400\">Crocodile sentimental <\/span><\/i><span style=\"font-weight: 400\">(1999). Wsp\u00f3\u0142za\u0142o\u017cyciel 1974 i prezes 1978-1982 i 1991-1992 Association Fran\u00e7aise des Amis de Janusz Korczak. Cz\u0142onek zarz\u0105du Syndicat National des Chercheurs Scientifiques.<\/span><\/p>\n","protected":false},"excerpt":{"rendered":"<p>(1925 Warszawa \u2013 2003 Pary\u017c), lekarz psychiatra, nauczyciel akademicki. We Francji od 1945. Wykszta\u0142cenie: studia medyczne na Uniwersytecie Paryskim. Szef Kliniki Uniwersytetu Paryskiego 1960-1965; wyk\u0142adowca w Instytucie Psychologicznym w Pary\u017cu 1961-1969; profesor psychopatologii na Uniwersytecie Paris VIII 1969-1980. Docent, a nast\u0119pnie dyrektor bada\u0144 naukowych w Institut National de la Sant\u00e9 et de la Recherche [&hellip;]<\/p>\n","protected":false},"author":4,"featured_media":2598,"comment_status":"closed","ping_status":"closed","sticky":false,"template":"","format":"standard","meta":{"_mi_skip_tracking":false,"footnotes":""},"categories":[72],"tags":[],"class_list":["post-3853","post","type-post","status-publish","format-standard","has-post-thumbnail","hentry","category-lekarze"],"_links":{"self":[{"href":"https:\/\/dziedzictwopolonii.pl\/portal\/wp-json\/wp\/v2\/posts\/3853","targetHints":{"allow":["GET"]}}],"collection":[{"href":"https:\/\/dziedzictwopolonii.pl\/portal\/wp-json\/wp\/v2\/posts"}],"about":[{"href":"https:\/\/dziedzictwopolonii.pl\/portal\/wp-json\/wp\/v2\/types\/post"}],"author":[{"embeddable":true,"href":"https:\/\/dziedzictwopolonii.pl\/portal\/wp-json\/wp\/v2\/users\/4"}],"replies":[{"embeddable":true,"href":"https:\/\/dziedzictwopolonii.pl\/portal\/wp-json\/wp\/v2\/comments?post=3853"}],"version-history":[{"count":1,"href":"https:\/\/dziedzictwopolonii.pl\/portal\/wp-json\/wp\/v2\/posts\/3853\/revisions"}],"predecessor-version":[{"id":3854,"href":"https:\/\/dziedzictwopolonii.pl\/portal\/wp-json\/wp\/v2\/posts\/3853\/revisions\/3854"}],"wp:featuredmedia":[{"embeddable":true,"href":"https:\/\/dziedzictwopolonii.pl\/portal\/wp-json\/wp\/v2\/media\/2598"}],"wp:attachment":[{"href":"https:\/\/dziedzictwopolonii.pl\/portal\/wp-json\/wp\/v2\/media?parent=3853"}],"wp:term":[{"taxonomy":"category","embeddable":true,"href":"https:\/\/dziedzictwopolonii.pl\/portal\/wp-json\/wp\/v2\/categories?post=3853"},{"taxonomy":"post_tag","embeddable":true,"href":"https:\/\/dziedzictwopolonii.pl\/portal\/wp-json\/wp\/v2\/tags?post=3853"}],"curies":[{"name":"wp","href":"https:\/\/api.w.org\/{rel}","templated":true}]}}