{"id":3847,"date":"2022-12-21T22:03:29","date_gmt":"2022-12-21T21:03:29","guid":{"rendered":"http:\/\/yanh.pl\/dev\/srbnp\/?p=3847"},"modified":"2023-01-27T10:02:01","modified_gmt":"2023-01-27T09:02:01","slug":"teslar-ewa","status":"publish","type":"post","link":"https:\/\/dziedzictwopolonii.pl\/portal\/teslar-ewa\/","title":{"rendered":"Teslar Ewa"},"content":{"rendered":"<div class=\"pdfprnt-buttons pdfprnt-buttons-post pdfprnt-top-right\"><a href=\"https:\/\/dziedzictwopolonii.pl\/portal\/wp-json\/wp\/v2\/posts\/3847?print=pdf\" class=\"pdfprnt-button pdfprnt-button-pdf\" target=\"_blank\"><img decoding=\"async\" src=\"http:\/\/dziedzictwopolonii.pl\/portal\/wp-content\/plugins\/pdf-print\/images\/pdf.png\" alt=\"image_pdf\" title=\"Download PDF\" \/><span class=\"pdfprnt-button-title pdfprnt-button-pdf-title\">POBIERZ PDF<\/span><\/a><a href=\"https:\/\/dziedzictwopolonii.pl\/portal\/wp-json\/wp\/v2\/posts\/3847?print=print\" class=\"pdfprnt-button pdfprnt-button-print\" target=\"_blank\"><img decoding=\"async\" src=\"http:\/\/dziedzictwopolonii.pl\/portal\/wp-content\/plugins\/pdf-print\/images\/print.png\" alt=\"image_print\" title=\"Print Content\" \/><\/a><\/div><p><span style=\"font-weight: 400\">(1949 Polska \u2013 2005 Pary\u017c), lekarz internista. We Francji od 1959. Wykszta\u0142cenie: studia medyczne w Pary\u017cu. Organizatorka pomocy medycznej dla polskich uchod\u017ac\u00f3w politycznych. Wieloletni prezes Stowarzyszenia Lekarzy Polskiego Pochodzenia we Francji. W 1997 podczas powodzi w Polsce uzyska\u0142a od francuskiej Izby Lekarskiej 100 tysi\u0119cy frank\u00f3w, kt\u00f3re zosta\u0142y przekazane Akademii Medycznej we Wroc\u0142awiu na odnowienie zniszczonej przez pow\u00f3d\u017a Biblioteki Lekarskiej. Pochowana na Cmentarzu Montmorency.<\/span><\/p>\n<p>&nbsp;<\/p>\n","protected":false},"excerpt":{"rendered":"<p>(1949 Polska \u2013 2005 Pary\u017c), lekarz internista. We Francji od 1959. Wykszta\u0142cenie: studia medyczne w Pary\u017cu. Organizatorka pomocy medycznej dla polskich uchod\u017ac\u00f3w politycznych. Wieloletni prezes Stowarzyszenia Lekarzy Polskiego Pochodzenia we Francji. W 1997 podczas powodzi w Polsce uzyska\u0142a od francuskiej Izby Lekarskiej 100 tysi\u0119cy frank\u00f3w, kt\u00f3re zosta\u0142y przekazane Akademii Medycznej we Wroc\u0142awiu na odnowienie [&hellip;]<\/p>\n","protected":false},"author":4,"featured_media":2597,"comment_status":"closed","ping_status":"closed","sticky":false,"template":"","format":"standard","meta":{"_mi_skip_tracking":false,"footnotes":""},"categories":[72],"tags":[],"class_list":["post-3847","post","type-post","status-publish","format-standard","has-post-thumbnail","hentry","category-lekarze"],"_links":{"self":[{"href":"https:\/\/dziedzictwopolonii.pl\/portal\/wp-json\/wp\/v2\/posts\/3847","targetHints":{"allow":["GET"]}}],"collection":[{"href":"https:\/\/dziedzictwopolonii.pl\/portal\/wp-json\/wp\/v2\/posts"}],"about":[{"href":"https:\/\/dziedzictwopolonii.pl\/portal\/wp-json\/wp\/v2\/types\/post"}],"author":[{"embeddable":true,"href":"https:\/\/dziedzictwopolonii.pl\/portal\/wp-json\/wp\/v2\/users\/4"}],"replies":[{"embeddable":true,"href":"https:\/\/dziedzictwopolonii.pl\/portal\/wp-json\/wp\/v2\/comments?post=3847"}],"version-history":[{"count":2,"href":"https:\/\/dziedzictwopolonii.pl\/portal\/wp-json\/wp\/v2\/posts\/3847\/revisions"}],"predecessor-version":[{"id":3849,"href":"https:\/\/dziedzictwopolonii.pl\/portal\/wp-json\/wp\/v2\/posts\/3847\/revisions\/3849"}],"wp:featuredmedia":[{"embeddable":true,"href":"https:\/\/dziedzictwopolonii.pl\/portal\/wp-json\/wp\/v2\/media\/2597"}],"wp:attachment":[{"href":"https:\/\/dziedzictwopolonii.pl\/portal\/wp-json\/wp\/v2\/media?parent=3847"}],"wp:term":[{"taxonomy":"category","embeddable":true,"href":"https:\/\/dziedzictwopolonii.pl\/portal\/wp-json\/wp\/v2\/categories?post=3847"},{"taxonomy":"post_tag","embeddable":true,"href":"https:\/\/dziedzictwopolonii.pl\/portal\/wp-json\/wp\/v2\/tags?post=3847"}],"curies":[{"name":"wp","href":"https:\/\/api.w.org\/{rel}","templated":true}]}}