{"id":3822,"date":"2022-12-21T21:51:07","date_gmt":"2022-12-21T20:51:07","guid":{"rendered":"http:\/\/yanh.pl\/dev\/srbnp\/?p=3822"},"modified":"2023-01-27T10:02:01","modified_gmt":"2023-01-27T09:02:01","slug":"rymarkiewicz-maksymilian","status":"publish","type":"post","link":"https:\/\/dziedzictwopolonii.pl\/portal\/rymarkiewicz-maksymilian\/","title":{"rendered":"Rymarkiewicz Maksymilian"},"content":{"rendered":"<div class=\"pdfprnt-buttons pdfprnt-buttons-post pdfprnt-top-right\"><a href=\"https:\/\/dziedzictwopolonii.pl\/portal\/wp-json\/wp\/v2\/posts\/3822?print=pdf\" class=\"pdfprnt-button pdfprnt-button-pdf\" target=\"_blank\"><img decoding=\"async\" src=\"http:\/\/dziedzictwopolonii.pl\/portal\/wp-content\/plugins\/pdf-print\/images\/pdf.png\" alt=\"image_pdf\" title=\"Download PDF\" \/><span class=\"pdfprnt-button-title pdfprnt-button-pdf-title\">POBIERZ PDF<\/span><\/a><a href=\"https:\/\/dziedzictwopolonii.pl\/portal\/wp-json\/wp\/v2\/posts\/3822?print=print\" class=\"pdfprnt-button pdfprnt-button-print\" target=\"_blank\"><img decoding=\"async\" src=\"http:\/\/dziedzictwopolonii.pl\/portal\/wp-content\/plugins\/pdf-print\/images\/print.png\" alt=\"image_print\" title=\"Print Content\" \/><\/a><\/div><p><span style=\"font-weight: 400\">(ok. 1827 Krotoszyn \u2013 1857 Montevideo), lekarz og\u00f3lny, legionista. Wykszta\u0142cenie: studia medyczne w Montpellier. W 1848 podporucznik w Legionach utworzonych przez Adama Mickiewicza we W\u0142oszech i uczestnik obrony Rzymu przed wojskami francuskimi. W kwietniu 1850 wi\u0119ziony przez w\u0142adze papieskie. Od 1850 w Argentynie, gdzie prowadzi\u0142 praktyk\u0119 lekarsk\u0105 w Buenos Aires oraz redagowa\u0142 pismo w j\u0119zyku francuskim \u201eLe Commerce\u201d. Uczestnik zwalczania epidemii \u017c\u00f3\u0142tej febry w Urugwaju.<\/span><\/p>\n","protected":false},"excerpt":{"rendered":"<p>(ok. 1827 Krotoszyn \u2013 1857 Montevideo), lekarz og\u00f3lny, legionista. Wykszta\u0142cenie: studia medyczne w Montpellier. W 1848 podporucznik w Legionach utworzonych przez Adama Mickiewicza we W\u0142oszech i uczestnik obrony Rzymu przed wojskami francuskimi. W kwietniu 1850 wi\u0119ziony przez w\u0142adze papieskie. Od 1850 w Argentynie, gdzie prowadzi\u0142 praktyk\u0119 lekarsk\u0105 w Buenos Aires oraz redagowa\u0142 pismo w [&hellip;]<\/p>\n","protected":false},"author":4,"featured_media":3588,"comment_status":"closed","ping_status":"closed","sticky":false,"template":"","format":"standard","meta":{"_mi_skip_tracking":false,"footnotes":""},"categories":[72],"tags":[],"class_list":["post-3822","post","type-post","status-publish","format-standard","has-post-thumbnail","hentry","category-lekarze"],"_links":{"self":[{"href":"https:\/\/dziedzictwopolonii.pl\/portal\/wp-json\/wp\/v2\/posts\/3822","targetHints":{"allow":["GET"]}}],"collection":[{"href":"https:\/\/dziedzictwopolonii.pl\/portal\/wp-json\/wp\/v2\/posts"}],"about":[{"href":"https:\/\/dziedzictwopolonii.pl\/portal\/wp-json\/wp\/v2\/types\/post"}],"author":[{"embeddable":true,"href":"https:\/\/dziedzictwopolonii.pl\/portal\/wp-json\/wp\/v2\/users\/4"}],"replies":[{"embeddable":true,"href":"https:\/\/dziedzictwopolonii.pl\/portal\/wp-json\/wp\/v2\/comments?post=3822"}],"version-history":[{"count":2,"href":"https:\/\/dziedzictwopolonii.pl\/portal\/wp-json\/wp\/v2\/posts\/3822\/revisions"}],"predecessor-version":[{"id":3824,"href":"https:\/\/dziedzictwopolonii.pl\/portal\/wp-json\/wp\/v2\/posts\/3822\/revisions\/3824"}],"wp:featuredmedia":[{"embeddable":true,"href":"https:\/\/dziedzictwopolonii.pl\/portal\/wp-json\/wp\/v2\/media\/3588"}],"wp:attachment":[{"href":"https:\/\/dziedzictwopolonii.pl\/portal\/wp-json\/wp\/v2\/media?parent=3822"}],"wp:term":[{"taxonomy":"category","embeddable":true,"href":"https:\/\/dziedzictwopolonii.pl\/portal\/wp-json\/wp\/v2\/categories?post=3822"},{"taxonomy":"post_tag","embeddable":true,"href":"https:\/\/dziedzictwopolonii.pl\/portal\/wp-json\/wp\/v2\/tags?post=3822"}],"curies":[{"name":"wp","href":"https:\/\/api.w.org\/{rel}","templated":true}]}}