{"id":3818,"date":"2022-12-21T21:48:54","date_gmt":"2022-12-21T20:48:54","guid":{"rendered":"http:\/\/yanh.pl\/dev\/srbnp\/?p=3818"},"modified":"2023-01-27T10:02:01","modified_gmt":"2023-01-27T09:02:01","slug":"robinski-seweryn-pawel","status":"publish","type":"post","link":"https:\/\/dziedzictwopolonii.pl\/portal\/robinski-seweryn-pawel\/","title":{"rendered":"Robi\u0144ski Seweryn Pawe\u0142"},"content":{"rendered":"<div class=\"pdfprnt-buttons pdfprnt-buttons-post pdfprnt-top-right\"><a href=\"https:\/\/dziedzictwopolonii.pl\/portal\/wp-json\/wp\/v2\/posts\/3818?print=pdf\" class=\"pdfprnt-button pdfprnt-button-pdf\" target=\"_blank\"><img decoding=\"async\" src=\"http:\/\/dziedzictwopolonii.pl\/portal\/wp-content\/plugins\/pdf-print\/images\/pdf.png\" alt=\"image_pdf\" title=\"Download PDF\" \/><span class=\"pdfprnt-button-title pdfprnt-button-pdf-title\">POBIERZ PDF<\/span><\/a><a href=\"https:\/\/dziedzictwopolonii.pl\/portal\/wp-json\/wp\/v2\/posts\/3818?print=print\" class=\"pdfprnt-button pdfprnt-button-print\" target=\"_blank\"><img decoding=\"async\" src=\"http:\/\/dziedzictwopolonii.pl\/portal\/wp-content\/plugins\/pdf-print\/images\/print.png\" alt=\"image_print\" title=\"Print Content\" \/><\/a><\/div><p><span style=\"font-weight: 400\">(1837 Krotoszyn \u2013 1912 Berlin), lekarz okulista i kardiolog. Wykszta\u0142cenie: studia medyczne we Wroc\u0142awiu, W\u00fcrzburgu, Wiedniu oraz doktorat w Berlinie. Lekarz praktykuj\u0105cy w Berlinie, a nast\u0119pnie w Charlottenburgu. Autor prac naukowych w niemieckich czasopismach medycznych. Wsp\u00f3\u0142za\u0142o\u017cyciel Towarzystwa Polsko-Katolickiego w Berlinie 1865 oraz wsp\u00f3\u0142za\u0142o\u017cyciel i prezes pierwszego gniazda Towarzystwa Gimnastycznego \u201eSok\u00f3\u0142\u201d w Berlinie 1889.<\/span><\/p>\n","protected":false},"excerpt":{"rendered":"<p>(1837 Krotoszyn \u2013 1912 Berlin), lekarz okulista i kardiolog. Wykszta\u0142cenie: studia medyczne we Wroc\u0142awiu, W\u00fcrzburgu, Wiedniu oraz doktorat w Berlinie. Lekarz praktykuj\u0105cy w Berlinie, a nast\u0119pnie w Charlottenburgu. Autor prac naukowych w niemieckich czasopismach medycznych. Wsp\u00f3\u0142za\u0142o\u017cyciel Towarzystwa Polsko-Katolickiego w Berlinie 1865 oraz wsp\u00f3\u0142za\u0142o\u017cyciel i prezes pierwszego gniazda Towarzystwa Gimnastycznego \u201eSok\u00f3\u0142\u201d w Berlinie 1889.<\/p>\n","protected":false},"author":4,"featured_media":3588,"comment_status":"closed","ping_status":"closed","sticky":false,"template":"","format":"standard","meta":{"_mi_skip_tracking":false,"footnotes":""},"categories":[72],"tags":[],"class_list":["post-3818","post","type-post","status-publish","format-standard","has-post-thumbnail","hentry","category-lekarze"],"_links":{"self":[{"href":"https:\/\/dziedzictwopolonii.pl\/portal\/wp-json\/wp\/v2\/posts\/3818","targetHints":{"allow":["GET"]}}],"collection":[{"href":"https:\/\/dziedzictwopolonii.pl\/portal\/wp-json\/wp\/v2\/posts"}],"about":[{"href":"https:\/\/dziedzictwopolonii.pl\/portal\/wp-json\/wp\/v2\/types\/post"}],"author":[{"embeddable":true,"href":"https:\/\/dziedzictwopolonii.pl\/portal\/wp-json\/wp\/v2\/users\/4"}],"replies":[{"embeddable":true,"href":"https:\/\/dziedzictwopolonii.pl\/portal\/wp-json\/wp\/v2\/comments?post=3818"}],"version-history":[{"count":1,"href":"https:\/\/dziedzictwopolonii.pl\/portal\/wp-json\/wp\/v2\/posts\/3818\/revisions"}],"predecessor-version":[{"id":3819,"href":"https:\/\/dziedzictwopolonii.pl\/portal\/wp-json\/wp\/v2\/posts\/3818\/revisions\/3819"}],"wp:featuredmedia":[{"embeddable":true,"href":"https:\/\/dziedzictwopolonii.pl\/portal\/wp-json\/wp\/v2\/media\/3588"}],"wp:attachment":[{"href":"https:\/\/dziedzictwopolonii.pl\/portal\/wp-json\/wp\/v2\/media?parent=3818"}],"wp:term":[{"taxonomy":"category","embeddable":true,"href":"https:\/\/dziedzictwopolonii.pl\/portal\/wp-json\/wp\/v2\/categories?post=3818"},{"taxonomy":"post_tag","embeddable":true,"href":"https:\/\/dziedzictwopolonii.pl\/portal\/wp-json\/wp\/v2\/tags?post=3818"}],"curies":[{"name":"wp","href":"https:\/\/api.w.org\/{rel}","templated":true}]}}