{"id":3812,"date":"2022-12-21T21:46:35","date_gmt":"2022-12-21T20:46:35","guid":{"rendered":"http:\/\/yanh.pl\/dev\/srbnp\/?p=3812"},"modified":"2023-01-27T10:02:02","modified_gmt":"2023-01-27T09:02:02","slug":"pyszko-jan","status":"publish","type":"post","link":"https:\/\/dziedzictwopolonii.pl\/portal\/pyszko-jan\/","title":{"rendered":"Pyszko Jan"},"content":{"rendered":"<div class=\"pdfprnt-buttons pdfprnt-buttons-post pdfprnt-top-right\"><a href=\"https:\/\/dziedzictwopolonii.pl\/portal\/wp-json\/wp\/v2\/posts\/3812?print=pdf\" class=\"pdfprnt-button pdfprnt-button-pdf\" target=\"_blank\"><img decoding=\"async\" src=\"http:\/\/dziedzictwopolonii.pl\/portal\/wp-content\/plugins\/pdf-print\/images\/pdf.png\" alt=\"image_pdf\" title=\"Download PDF\" \/><span class=\"pdfprnt-button-title pdfprnt-button-pdf-title\">POBIERZ PDF<\/span><\/a><a href=\"https:\/\/dziedzictwopolonii.pl\/portal\/wp-json\/wp\/v2\/posts\/3812?print=print\" class=\"pdfprnt-button pdfprnt-button-print\" target=\"_blank\"><img decoding=\"async\" src=\"http:\/\/dziedzictwopolonii.pl\/portal\/wp-content\/plugins\/pdf-print\/images\/print.png\" alt=\"image_print\" title=\"Print Content\" \/><\/a><\/div><p><b>\u00a0<\/b><span style=\"font-weight: 400\">(1930 Oldrzychowice \u2013 2009 Szwajcaria),<\/span> <span style=\"font-weight: 400\">chirurg, dzia\u0142acz spo\u0142eczny; Studia medyczne zako\u0144czone doktoratem na Uniwersytecie im. Palackiego w O\u0142omu\u0144cu i na uniwersytecie w Bazylei; doktorat nadany przez niemieckie Ministerstwo Zdrowia 1968. Lekarz w szpitalu w Karwinej na Zaolziu 1956\u20131958; asystent, a nast\u0119pnie docent chirurgii w klinice chirurgicznej Uniwersytetu im. Plackiego w O\u0142omu\u0144cu 1958\u20131969; chirurg w szpitalach kantonalnych w Frauenfeld, a nast\u0119pnie w Del\u00e9mont (Szwajcaria) 1969; asystent kliniki chirurgicznej uniwersytetu w Bazylei 1971\u20131974; kierownik oddzia\u0142u chirurgicznego w szpitalu miejskim w Benshein (Niemcy) 1975\u20131978; w\u0142a\u015bciciel prywatnej polikliniki chirurgicznej w Binningen (Szwajcaria) z r\u00f3wnoczesn\u0105 akredytacj\u0105 w dw\u00f3ch prywatnych klinikach w Bazylei 1979\u20132008. Autor 25 publikacji naukowych z zakresu medycyny. Wydawca: J. Kubisza <\/span><i><span style=\"font-weight: 400\">Pami\u0119tnik starego nauczyciela <\/span><\/i><span style=\"font-weight: 400\">(Cieszyn 1994), G. Pyszki <\/span><i><span style=\"font-weight: 400\">Oddaj\u0119 cisz\u0119 \u015bwiatu<\/span><\/i><span style=\"font-weight: 400\">, poezje (Cieszyn 1993), W. Przeczka <\/span><i><span style=\"font-weight: 400\">Na ubitej ziemi<\/span><\/i><span style=\"font-weight: 400\">, poezje (Cieszyn 1994); wsp\u00f3\u0142wydawca i fundator kwartalnika historycznego \u201eBiuletyn Zaolzia\u0144ski\u201d (Cieszyn) 1995. Inicjator i fundator: tablicy pami\u0105tkowej marsza\u0142ka J\u00f3zefa Pi\u0142sudskiego w Jab\u0142onkowie na Zaolziu; renowacji grob\u00f3w polskich \u017co\u0142nierzy w Stonawie, upami\u0119tniaj\u0105cych ich \u015bmier\u0107 w czasie czeskiej okupacji Zaolzia w 1920. W 1994 kupi\u0142 star\u0105 polsk\u0105 szko\u0142\u0119 na Bagi\u0144cu, kt\u00f3r\u0105 po renowacji odda\u0142 Macierzy Szkolnej na Zaolziu, a w 1995 odda\u0142 na wieczysty u\u017cytek Polskiemu Harcerstwu na Zaolziu zakupion\u0105 z w\u0142asnych funduszy ziemi\u0119 (10 tys.; m\u00b2) w Beskidach \u015al\u0105skich. Wsp\u00f3\u0142organizator pomocy Polakom na Wschodzie. Prezes Rady Fundacji S\u0142owa Polskiego dla Zaolzia w Warszawie; wiceprezes Zwi\u0105zku Organizacji Polskich w Szwajcarii; za\u0142o\u017cyciel i prezes Polskiego Forum Bazylejskiego w Binningen; fundator i za\u0142o\u017cyciel Fundacji dla Promocji Polskiego Szkolnictwa i O\u015bwiaty w Republice Czeskiej; prezes rady nadzorczej sp\u00f3\u0142ki Hotel \u201ePiast-Polonia\u201d w Cieszynie. Za\u0142o\u017cyciel partii politycznej \u201eLiga polska\u201d. Kandydat w wyborach na prezydenta Polski 2005. Odznaczenia: Medal honorowy Polonia Semper Fidelis.\u00a0<\/span><\/p>\n","protected":false},"excerpt":{"rendered":"<p>\u00a0(1930 Oldrzychowice \u2013 2009 Szwajcaria), chirurg, dzia\u0142acz spo\u0142eczny; Studia medyczne zako\u0144czone doktoratem na Uniwersytecie im. Palackiego w O\u0142omu\u0144cu i na uniwersytecie w Bazylei; doktorat nadany przez niemieckie Ministerstwo Zdrowia 1968. Lekarz w szpitalu w Karwinej na Zaolziu 1956\u20131958; asystent, a nast\u0119pnie docent chirurgii w klinice chirurgicznej Uniwersytetu im. Plackiego w O\u0142omu\u0144cu 1958\u20131969; chirurg w [&hellip;]<\/p>\n","protected":false},"author":4,"featured_media":2581,"comment_status":"closed","ping_status":"closed","sticky":false,"template":"","format":"standard","meta":{"_mi_skip_tracking":false,"footnotes":""},"categories":[72],"tags":[],"class_list":["post-3812","post","type-post","status-publish","format-standard","has-post-thumbnail","hentry","category-lekarze"],"_links":{"self":[{"href":"https:\/\/dziedzictwopolonii.pl\/portal\/wp-json\/wp\/v2\/posts\/3812","targetHints":{"allow":["GET"]}}],"collection":[{"href":"https:\/\/dziedzictwopolonii.pl\/portal\/wp-json\/wp\/v2\/posts"}],"about":[{"href":"https:\/\/dziedzictwopolonii.pl\/portal\/wp-json\/wp\/v2\/types\/post"}],"author":[{"embeddable":true,"href":"https:\/\/dziedzictwopolonii.pl\/portal\/wp-json\/wp\/v2\/users\/4"}],"replies":[{"embeddable":true,"href":"https:\/\/dziedzictwopolonii.pl\/portal\/wp-json\/wp\/v2\/comments?post=3812"}],"version-history":[{"count":1,"href":"https:\/\/dziedzictwopolonii.pl\/portal\/wp-json\/wp\/v2\/posts\/3812\/revisions"}],"predecessor-version":[{"id":3813,"href":"https:\/\/dziedzictwopolonii.pl\/portal\/wp-json\/wp\/v2\/posts\/3812\/revisions\/3813"}],"wp:featuredmedia":[{"embeddable":true,"href":"https:\/\/dziedzictwopolonii.pl\/portal\/wp-json\/wp\/v2\/media\/2581"}],"wp:attachment":[{"href":"https:\/\/dziedzictwopolonii.pl\/portal\/wp-json\/wp\/v2\/media?parent=3812"}],"wp:term":[{"taxonomy":"category","embeddable":true,"href":"https:\/\/dziedzictwopolonii.pl\/portal\/wp-json\/wp\/v2\/categories?post=3812"},{"taxonomy":"post_tag","embeddable":true,"href":"https:\/\/dziedzictwopolonii.pl\/portal\/wp-json\/wp\/v2\/tags?post=3812"}],"curies":[{"name":"wp","href":"https:\/\/api.w.org\/{rel}","templated":true}]}}