{"id":3766,"date":"2022-12-21T21:28:00","date_gmt":"2022-12-21T20:28:00","guid":{"rendered":"http:\/\/yanh.pl\/dev\/srbnp\/?p=3766"},"modified":"2023-01-27T10:02:02","modified_gmt":"2023-01-27T09:02:02","slug":"lazowski-eugeniusz-slawomir","status":"publish","type":"post","link":"https:\/\/dziedzictwopolonii.pl\/portal\/lazowski-eugeniusz-slawomir\/","title":{"rendered":"\u0141azowski Eugeniusz S\u0142awomir"},"content":{"rendered":"<div class=\"pdfprnt-buttons pdfprnt-buttons-post pdfprnt-top-right\"><a href=\"https:\/\/dziedzictwopolonii.pl\/portal\/wp-json\/wp\/v2\/posts\/3766?print=pdf\" class=\"pdfprnt-button pdfprnt-button-pdf\" target=\"_blank\"><img decoding=\"async\" src=\"http:\/\/dziedzictwopolonii.pl\/portal\/wp-content\/plugins\/pdf-print\/images\/pdf.png\" alt=\"image_pdf\" title=\"Download PDF\" \/><span class=\"pdfprnt-button-title pdfprnt-button-pdf-title\">POBIERZ PDF<\/span><\/a><a href=\"https:\/\/dziedzictwopolonii.pl\/portal\/wp-json\/wp\/v2\/posts\/3766?print=print\" class=\"pdfprnt-button pdfprnt-button-print\" target=\"_blank\"><img decoding=\"async\" src=\"http:\/\/dziedzictwopolonii.pl\/portal\/wp-content\/plugins\/pdf-print\/images\/print.png\" alt=\"image_print\" title=\"Print Content\" \/><\/a><\/div><p><span style=\"font-weight: 400\">\u00a0(Ur. 23 grudnia w 1913 roku, w Cz\u0119stochowie \u2013 zm. 16 grudnia 2006 roku, w Eugene, w Stanach Zjednoczonych), polski lekarz pediatra i neurolog. <\/span><span style=\"font-weight: 400\">W 1933 roku uko\u0144czy\u0142 kurs Szko\u0142y Podchor\u0105\u017cych Sanitarnych. Nast\u0119pnie podj\u0105\u0142 studia medyczne na Uniwersytecie Warszawskim. We wrze\u015bniu 1939 roku s\u0142u\u017cy\u0142 w Batalionie Korpusu Ochrony Pogranicza. Po ucieczce z niewoli sowieckiej osiad\u0142 w Stalowej Woli. Tam nawi\u0105za\u0142 kontakt z Narodow\u0105 Organizacj\u0105 Wojskow\u0105 w Rozwadowie (ps. \u201eLeszcz\u201d), a tak\u017ce z Zwi\u0105zkiem Walki Zbrojnej. Pod koniec stycznia 1940 r. otrzyma\u0142 dyplom lekarski (wystawiony 23 stycznia 1940 r.). Jako dyplomowany lekarz, od 1941 roku prowadzi\u0142 gabinet lekarski (dzia\u0142aj\u0105cy przy oddziale Polskiego Czerwonego Krzy\u017ca) w Rozwadowie. \u017bo\u0142nierz Armii Krajowej. Do historii przeszed\u0142 m. in. jako \u201epolski Schindler\u201d, kt\u00f3ry wykorzystuj\u0105c\u00a0 paniczny strach Niemc\u00f3w przed tyfusem, przekona\u0142 ich, \u017ce w Rozwadowie (dzi\u015b Stalowa Wola) wybuch\u0142a epidemia tej choroby. W ten spos\u00f3b (wykorzystuj\u0105c badania dr S. Matulewicza) uratowa\u0142 ponad 8 tysi\u0119cy \u017byd\u00f3w przed deportacj\u0105 z Rozwadowa do obozu \u015bmierci. Pomimo to, jak dot\u0105d nie doczeka\u0142 si\u0119 ani drzewka, ani tytu\u0142u sprawiedliwy w\u015br\u00f3d narod\u00f3w \u015bwiata. W lipcu 1944 roku (ostrze\u017cony) uciek\u0142 z Rozwadowa. Po wojnie pracowa\u0142 przez jaki\u015b czas w Klinice Akademii Medycznej i w Instytucie Matki i Dziecka. W 1958 roku, jako stypendysta Fundacji Rockefellera, wyjecha\u0142 do Stan\u00f3w Zjednoczonych, gdzie podj\u0105\u0142 prac\u0119 jako dyrektor ds. medycznych Illinois Children\u2019s School and Rehabilitation Center w Chicago (1964\u20131983). Przez kilkana\u015bcie lat pe\u0142ni\u0142 funkcj\u0119 profesora na Northwestern University w Chicago (1972\u20131980) i na Uniwersytecie Illinois w Chicago (1977\u20131983). W 1973, 1976, 1977 i 1979 roku organizowa\u0142 specjalistyczne egzaminy lekarskie z psychiatrii i neurologii dzieci\u0119cej w USA. By\u0142 autorem ponad 100 prac naukowych i wspomnie\u0144 \u201e<\/span><i><span style=\"font-weight: 400\">Prywatna wojna. Wspomnienia lekarza-\u017co\u0142nierza 1933-1944\u201d<\/span><\/i><span style=\"font-weight: 400\">, na podstawie kt\u00f3rych nakr\u0119cono film dokumentalny \u201e<\/span><i><span style=\"font-weight: 400\">A Private War\u201d<\/span><\/i><span style=\"font-weight: 400\">. Dokument ten jednak jak dot\u0105d nie doczeka\u0142 si\u0119 swojej premiery. Jako badacz uzyska\u0142 ameryka\u0144ski patent na aparat do pobierania pr\u00f3b powietrza na zawiesiny bakteryjne, mechaniczne i gazowe. Nazwisko prof. \u0141azowskiego nosi jedna z Planetoid odkryta przez W. K. Y. Yeunga we wrze\u015bniu 2001 roku (Planetoida Lazowski nr 34838)<\/span><\/p>\n","protected":false},"excerpt":{"rendered":"<p>\u00a0(Ur. 23 grudnia w 1913 roku, w Cz\u0119stochowie \u2013 zm. 16 grudnia 2006 roku, w Eugene, w Stanach Zjednoczonych), polski lekarz pediatra i neurolog. W 1933 roku uko\u0144czy\u0142 kurs Szko\u0142y Podchor\u0105\u017cych Sanitarnych. Nast\u0119pnie podj\u0105\u0142 studia medyczne na Uniwersytecie Warszawskim. We wrze\u015bniu 1939 roku s\u0142u\u017cy\u0142 w Batalionie Korpusu Ochrony Pogranicza. Po ucieczce z niewoli sowieckiej [&hellip;]<\/p>\n","protected":false},"author":4,"featured_media":2555,"comment_status":"closed","ping_status":"closed","sticky":false,"template":"","format":"standard","meta":{"_mi_skip_tracking":false,"footnotes":""},"categories":[72],"tags":[],"class_list":["post-3766","post","type-post","status-publish","format-standard","has-post-thumbnail","hentry","category-lekarze"],"_links":{"self":[{"href":"https:\/\/dziedzictwopolonii.pl\/portal\/wp-json\/wp\/v2\/posts\/3766","targetHints":{"allow":["GET"]}}],"collection":[{"href":"https:\/\/dziedzictwopolonii.pl\/portal\/wp-json\/wp\/v2\/posts"}],"about":[{"href":"https:\/\/dziedzictwopolonii.pl\/portal\/wp-json\/wp\/v2\/types\/post"}],"author":[{"embeddable":true,"href":"https:\/\/dziedzictwopolonii.pl\/portal\/wp-json\/wp\/v2\/users\/4"}],"replies":[{"embeddable":true,"href":"https:\/\/dziedzictwopolonii.pl\/portal\/wp-json\/wp\/v2\/comments?post=3766"}],"version-history":[{"count":1,"href":"https:\/\/dziedzictwopolonii.pl\/portal\/wp-json\/wp\/v2\/posts\/3766\/revisions"}],"predecessor-version":[{"id":3767,"href":"https:\/\/dziedzictwopolonii.pl\/portal\/wp-json\/wp\/v2\/posts\/3766\/revisions\/3767"}],"wp:featuredmedia":[{"embeddable":true,"href":"https:\/\/dziedzictwopolonii.pl\/portal\/wp-json\/wp\/v2\/media\/2555"}],"wp:attachment":[{"href":"https:\/\/dziedzictwopolonii.pl\/portal\/wp-json\/wp\/v2\/media?parent=3766"}],"wp:term":[{"taxonomy":"category","embeddable":true,"href":"https:\/\/dziedzictwopolonii.pl\/portal\/wp-json\/wp\/v2\/categories?post=3766"},{"taxonomy":"post_tag","embeddable":true,"href":"https:\/\/dziedzictwopolonii.pl\/portal\/wp-json\/wp\/v2\/tags?post=3766"}],"curies":[{"name":"wp","href":"https:\/\/api.w.org\/{rel}","templated":true}]}}