{"id":3762,"date":"2022-12-21T21:25:06","date_gmt":"2022-12-21T20:25:06","guid":{"rendered":"http:\/\/yanh.pl\/dev\/srbnp\/?p=3762"},"modified":"2023-01-27T10:02:02","modified_gmt":"2023-01-27T09:02:02","slug":"loewenhardt-stanislaw-henryk","status":"publish","type":"post","link":"https:\/\/dziedzictwopolonii.pl\/portal\/loewenhardt-stanislaw-henryk\/","title":{"rendered":"Loewenhardt Stanis\u0142aw Henryk"},"content":{"rendered":"<div class=\"pdfprnt-buttons pdfprnt-buttons-post pdfprnt-top-right\"><a href=\"https:\/\/dziedzictwopolonii.pl\/portal\/wp-json\/wp\/v2\/posts\/3762?print=pdf\" class=\"pdfprnt-button pdfprnt-button-pdf\" target=\"_blank\"><img decoding=\"async\" src=\"http:\/\/dziedzictwopolonii.pl\/portal\/wp-content\/plugins\/pdf-print\/images\/pdf.png\" alt=\"image_pdf\" title=\"Download PDF\" \/><span class=\"pdfprnt-button-title pdfprnt-button-pdf-title\">POBIERZ PDF<\/span><\/a><a href=\"https:\/\/dziedzictwopolonii.pl\/portal\/wp-json\/wp\/v2\/posts\/3762?print=print\" class=\"pdfprnt-button pdfprnt-button-print\" target=\"_blank\"><img decoding=\"async\" src=\"http:\/\/dziedzictwopolonii.pl\/portal\/wp-content\/plugins\/pdf-print\/images\/print.png\" alt=\"image_print\" title=\"Print Content\" \/><\/a><\/div><p><span style=\"font-weight: 400\">\u00a0(1838 Korytnica \u2013 1915 Chatillon sous Bagneux, Francja), lekarz, dzia\u0142acz spo\u0142eczny. Wykszta\u0142cenie: studia medyczne na Uniwersytecie Jagiello\u0144skim w Krakowie oraz na kilku uczelniach niemieckich. Od 1866 we Francji. Lekarz urz\u0119dowy XIV dzielnicy Pary\u017ca 1868; lekarz w 146. Batalionie Gwardii Narodowej podczas wojny francusko-pruskiej 1870-1871. Wsp\u00f3\u0142za\u0142o\u017cyciel Tymczasowej Komisji Skarbu Polskiego w Pary\u017cu 1886. Cz\u0142onek kilku organizacji polonijnych w Pary\u017cu, m.in. Komisji Opieki nad Grobami, Tymczasowej Komisji Skarbu Polskiego czy Rady Szko\u0142y Polskiej.<\/span><\/p>\n<p>&nbsp;<\/p>\n","protected":false},"excerpt":{"rendered":"<p>\u00a0(1838 Korytnica \u2013 1915 Chatillon sous Bagneux, Francja), lekarz, dzia\u0142acz spo\u0142eczny. Wykszta\u0142cenie: studia medyczne na Uniwersytecie Jagiello\u0144skim w Krakowie oraz na kilku uczelniach niemieckich. Od 1866 we Francji. Lekarz urz\u0119dowy XIV dzielnicy Pary\u017ca 1868; lekarz w 146. Batalionie Gwardii Narodowej podczas wojny francusko-pruskiej 1870-1871. Wsp\u00f3\u0142za\u0142o\u017cyciel Tymczasowej Komisji Skarbu Polskiego w Pary\u017cu 1886. Cz\u0142onek kilku [&hellip;]<\/p>\n","protected":false},"author":4,"featured_media":3588,"comment_status":"closed","ping_status":"closed","sticky":false,"template":"","format":"standard","meta":{"_mi_skip_tracking":false,"footnotes":""},"categories":[72],"tags":[],"class_list":["post-3762","post","type-post","status-publish","format-standard","has-post-thumbnail","hentry","category-lekarze"],"_links":{"self":[{"href":"https:\/\/dziedzictwopolonii.pl\/portal\/wp-json\/wp\/v2\/posts\/3762","targetHints":{"allow":["GET"]}}],"collection":[{"href":"https:\/\/dziedzictwopolonii.pl\/portal\/wp-json\/wp\/v2\/posts"}],"about":[{"href":"https:\/\/dziedzictwopolonii.pl\/portal\/wp-json\/wp\/v2\/types\/post"}],"author":[{"embeddable":true,"href":"https:\/\/dziedzictwopolonii.pl\/portal\/wp-json\/wp\/v2\/users\/4"}],"replies":[{"embeddable":true,"href":"https:\/\/dziedzictwopolonii.pl\/portal\/wp-json\/wp\/v2\/comments?post=3762"}],"version-history":[{"count":1,"href":"https:\/\/dziedzictwopolonii.pl\/portal\/wp-json\/wp\/v2\/posts\/3762\/revisions"}],"predecessor-version":[{"id":3763,"href":"https:\/\/dziedzictwopolonii.pl\/portal\/wp-json\/wp\/v2\/posts\/3762\/revisions\/3763"}],"wp:featuredmedia":[{"embeddable":true,"href":"https:\/\/dziedzictwopolonii.pl\/portal\/wp-json\/wp\/v2\/media\/3588"}],"wp:attachment":[{"href":"https:\/\/dziedzictwopolonii.pl\/portal\/wp-json\/wp\/v2\/media?parent=3762"}],"wp:term":[{"taxonomy":"category","embeddable":true,"href":"https:\/\/dziedzictwopolonii.pl\/portal\/wp-json\/wp\/v2\/categories?post=3762"},{"taxonomy":"post_tag","embeddable":true,"href":"https:\/\/dziedzictwopolonii.pl\/portal\/wp-json\/wp\/v2\/tags?post=3762"}],"curies":[{"name":"wp","href":"https:\/\/api.w.org\/{rel}","templated":true}]}}