{"id":3742,"date":"2022-12-21T21:16:04","date_gmt":"2022-12-21T20:16:04","guid":{"rendered":"http:\/\/yanh.pl\/dev\/srbnp\/?p=3742"},"modified":"2023-01-27T10:02:02","modified_gmt":"2023-01-27T09:02:02","slug":"kozanecki-stanislaw-marian","status":"publish","type":"post","link":"https:\/\/dziedzictwopolonii.pl\/portal\/kozanecki-stanislaw-marian\/","title":{"rendered":"Kozanecki Stanis\u0142aw Marian"},"content":{"rendered":"<div class=\"pdfprnt-buttons pdfprnt-buttons-post pdfprnt-top-right\"><a href=\"https:\/\/dziedzictwopolonii.pl\/portal\/wp-json\/wp\/v2\/posts\/3742?print=pdf\" class=\"pdfprnt-button pdfprnt-button-pdf\" target=\"_blank\"><img decoding=\"async\" src=\"http:\/\/dziedzictwopolonii.pl\/portal\/wp-content\/plugins\/pdf-print\/images\/pdf.png\" alt=\"image_pdf\" title=\"Download PDF\" \/><span class=\"pdfprnt-button-title pdfprnt-button-pdf-title\">POBIERZ PDF<\/span><\/a><a href=\"https:\/\/dziedzictwopolonii.pl\/portal\/wp-json\/wp\/v2\/posts\/3742?print=print\" class=\"pdfprnt-button pdfprnt-button-print\" target=\"_blank\"><img decoding=\"async\" src=\"http:\/\/dziedzictwopolonii.pl\/portal\/wp-content\/plugins\/pdf-print\/images\/print.png\" alt=\"image_print\" title=\"Print Content\" \/><\/a><\/div><p><span style=\"font-weight: 400\">(1917 Ruda Pabianicka k. \u0141odzi \u2013 2014 Bruksela), lekarz, dzia\u0142acz polonijny. W czasie II wojny \u015bwiatowej wi\u0119zie\u0144 oboz\u00f3w koncentracyjnych w O\u015bwi\u0119cimiu, Neuengamme i Sachsenchausen 1941\u20131945. Wykszta\u0142cenie: studia medyczne: Uniwersytet Jagiello\u0144ski w Krakowie 1937\u20131939, Uniwersytet Katolicki w Louvain (Belgia) 1954\u20131946, uniwersytet w Li\u00e8ge (Belgia) 1947\u20131949; specjalizacja w chorobach ocznych na Uniwersytecie Katolickim w Louvain; specjalizacja z chor\u00f3b tropikalnych w Instytucie Tropikalnym w Antwerpii. Prywatna praktyka lekarska: Li\u00e8ge 1950, Bukavu (Kongo\/Zair) 1951\u20131967, Bruksela 1968\u20132000. Wsp\u00f3\u0142wydawca i wsp\u00f3\u0142autor: miesi\u0119cznika \u201eHoryzonty\u201d (Pary\u017c) 1955\u20131971, periodyku \u201eMy\u015bl Polska\u201d (Londyn) 1949\u20131990. Wydawca periodyku \u201eSyntezy\u201d 1990. Cz\u0142onek komitetu redakcyjnego \u201eNowego Przegl\u0105du Wszechpolskiego\u201d (Lublin) 1995-2000. Prezes Naczelnego Komitetu Wolnych Polak\u00f3w w Belgii 1983\u20131987. Autor artyku\u0142\u00f3w w prasie polonijnej oraz publikacji ksi\u0105\u017ckowej <\/span><i><span style=\"font-weight: 400\">Nie jestem sam <\/span><\/i><span style=\"font-weight: 400\">(Wroc\u0142aw 1998). Cz\u0142onek: Komitetu Politycznego Stronnictwa Narodowego, Soci\u00e9t\u00e9 Belge d\u2019Ophtalmologie, Soci\u00e9t\u00e9 Fran\u00e7aise d\u2019Ophtalmologie. Odznaczenia: Order \u015awi\u0119tego Sylwestra\u2013Papie\u017ca.<\/span><\/p>\n","protected":false},"excerpt":{"rendered":"<p>(1917 Ruda Pabianicka k. \u0141odzi \u2013 2014 Bruksela), lekarz, dzia\u0142acz polonijny. W czasie II wojny \u015bwiatowej wi\u0119zie\u0144 oboz\u00f3w koncentracyjnych w O\u015bwi\u0119cimiu, Neuengamme i Sachsenchausen 1941\u20131945. Wykszta\u0142cenie: studia medyczne: Uniwersytet Jagiello\u0144ski w Krakowie 1937\u20131939, Uniwersytet Katolicki w Louvain (Belgia) 1954\u20131946, uniwersytet w Li\u00e8ge (Belgia) 1947\u20131949; specjalizacja w chorobach ocznych na Uniwersytecie Katolickim w Louvain; specjalizacja [&hellip;]<\/p>\n","protected":false},"author":4,"featured_media":2549,"comment_status":"closed","ping_status":"closed","sticky":false,"template":"","format":"standard","meta":{"_mi_skip_tracking":false,"footnotes":""},"categories":[72],"tags":[],"class_list":["post-3742","post","type-post","status-publish","format-standard","has-post-thumbnail","hentry","category-lekarze"],"_links":{"self":[{"href":"https:\/\/dziedzictwopolonii.pl\/portal\/wp-json\/wp\/v2\/posts\/3742","targetHints":{"allow":["GET"]}}],"collection":[{"href":"https:\/\/dziedzictwopolonii.pl\/portal\/wp-json\/wp\/v2\/posts"}],"about":[{"href":"https:\/\/dziedzictwopolonii.pl\/portal\/wp-json\/wp\/v2\/types\/post"}],"author":[{"embeddable":true,"href":"https:\/\/dziedzictwopolonii.pl\/portal\/wp-json\/wp\/v2\/users\/4"}],"replies":[{"embeddable":true,"href":"https:\/\/dziedzictwopolonii.pl\/portal\/wp-json\/wp\/v2\/comments?post=3742"}],"version-history":[{"count":1,"href":"https:\/\/dziedzictwopolonii.pl\/portal\/wp-json\/wp\/v2\/posts\/3742\/revisions"}],"predecessor-version":[{"id":3743,"href":"https:\/\/dziedzictwopolonii.pl\/portal\/wp-json\/wp\/v2\/posts\/3742\/revisions\/3743"}],"wp:featuredmedia":[{"embeddable":true,"href":"https:\/\/dziedzictwopolonii.pl\/portal\/wp-json\/wp\/v2\/media\/2549"}],"wp:attachment":[{"href":"https:\/\/dziedzictwopolonii.pl\/portal\/wp-json\/wp\/v2\/media?parent=3742"}],"wp:term":[{"taxonomy":"category","embeddable":true,"href":"https:\/\/dziedzictwopolonii.pl\/portal\/wp-json\/wp\/v2\/categories?post=3742"},{"taxonomy":"post_tag","embeddable":true,"href":"https:\/\/dziedzictwopolonii.pl\/portal\/wp-json\/wp\/v2\/tags?post=3742"}],"curies":[{"name":"wp","href":"https:\/\/api.w.org\/{rel}","templated":true}]}}