{"id":3710,"date":"2022-12-21T20:59:42","date_gmt":"2022-12-21T19:59:42","guid":{"rendered":"http:\/\/yanh.pl\/dev\/srbnp\/?p=3710"},"modified":"2023-01-27T10:02:02","modified_gmt":"2023-01-27T09:02:02","slug":"jastrzebski-jastrzembski-wincenty-florian","status":"publish","type":"post","link":"https:\/\/dziedzictwopolonii.pl\/portal\/jastrzebski-jastrzembski-wincenty-florian\/","title":{"rendered":"Jastrz\u0119bski (Jastrzembski) Wincenty Florian"},"content":{"rendered":"<div class=\"pdfprnt-buttons pdfprnt-buttons-post pdfprnt-top-right\"><a href=\"https:\/\/dziedzictwopolonii.pl\/portal\/wp-json\/wp\/v2\/posts\/3710?print=pdf\" class=\"pdfprnt-button pdfprnt-button-pdf\" target=\"_blank\"><img decoding=\"async\" src=\"http:\/\/dziedzictwopolonii.pl\/portal\/wp-content\/plugins\/pdf-print\/images\/pdf.png\" alt=\"image_pdf\" title=\"Download PDF\" \/><span class=\"pdfprnt-button-title pdfprnt-button-pdf-title\">POBIERZ PDF<\/span><\/a><a href=\"https:\/\/dziedzictwopolonii.pl\/portal\/wp-json\/wp\/v2\/posts\/3710?print=print\" class=\"pdfprnt-button pdfprnt-button-print\" target=\"_blank\"><img decoding=\"async\" src=\"http:\/\/dziedzictwopolonii.pl\/portal\/wp-content\/plugins\/pdf-print\/images\/print.png\" alt=\"image_print\" title=\"Print Content\" \/><\/a><\/div><p><span style=\"font-weight: 400\">(1804 Siekierzy\u0144ce na Wo\u0142yniu \u2013 po 1891 Francja), lekarz og\u00f3lny. We Francji od 1832. Wykszta\u0142cenie: studia medyczne i doktorat na uniwersytecie w Montpellier. Uczestnik akcji zwalczania epidemii cholery w po\u0142udniowej Francji. Praktykowa\u0142 w Villeneuve-de-Berg, Carbonne, Lille, Pary\u017cu i Avallon. Cz\u0142onek Towarzystwa Demokratycznego Polskiego.<\/span><\/p>\n","protected":false},"excerpt":{"rendered":"<p>(1804 Siekierzy\u0144ce na Wo\u0142yniu \u2013 po 1891 Francja), lekarz og\u00f3lny. We Francji od 1832. Wykszta\u0142cenie: studia medyczne i doktorat na uniwersytecie w Montpellier. Uczestnik akcji zwalczania epidemii cholery w po\u0142udniowej Francji. Praktykowa\u0142 w Villeneuve-de-Berg, Carbonne, Lille, Pary\u017cu i Avallon. Cz\u0142onek Towarzystwa Demokratycznego Polskiego.<\/p>\n","protected":false},"author":4,"featured_media":3588,"comment_status":"closed","ping_status":"closed","sticky":false,"template":"","format":"standard","meta":{"_mi_skip_tracking":false,"footnotes":""},"categories":[72],"tags":[],"class_list":["post-3710","post","type-post","status-publish","format-standard","has-post-thumbnail","hentry","category-lekarze"],"_links":{"self":[{"href":"https:\/\/dziedzictwopolonii.pl\/portal\/wp-json\/wp\/v2\/posts\/3710","targetHints":{"allow":["GET"]}}],"collection":[{"href":"https:\/\/dziedzictwopolonii.pl\/portal\/wp-json\/wp\/v2\/posts"}],"about":[{"href":"https:\/\/dziedzictwopolonii.pl\/portal\/wp-json\/wp\/v2\/types\/post"}],"author":[{"embeddable":true,"href":"https:\/\/dziedzictwopolonii.pl\/portal\/wp-json\/wp\/v2\/users\/4"}],"replies":[{"embeddable":true,"href":"https:\/\/dziedzictwopolonii.pl\/portal\/wp-json\/wp\/v2\/comments?post=3710"}],"version-history":[{"count":1,"href":"https:\/\/dziedzictwopolonii.pl\/portal\/wp-json\/wp\/v2\/posts\/3710\/revisions"}],"predecessor-version":[{"id":3711,"href":"https:\/\/dziedzictwopolonii.pl\/portal\/wp-json\/wp\/v2\/posts\/3710\/revisions\/3711"}],"wp:featuredmedia":[{"embeddable":true,"href":"https:\/\/dziedzictwopolonii.pl\/portal\/wp-json\/wp\/v2\/media\/3588"}],"wp:attachment":[{"href":"https:\/\/dziedzictwopolonii.pl\/portal\/wp-json\/wp\/v2\/media?parent=3710"}],"wp:term":[{"taxonomy":"category","embeddable":true,"href":"https:\/\/dziedzictwopolonii.pl\/portal\/wp-json\/wp\/v2\/categories?post=3710"},{"taxonomy":"post_tag","embeddable":true,"href":"https:\/\/dziedzictwopolonii.pl\/portal\/wp-json\/wp\/v2\/tags?post=3710"}],"curies":[{"name":"wp","href":"https:\/\/api.w.org\/{rel}","templated":true}]}}