{"id":3708,"date":"2022-12-21T20:58:33","date_gmt":"2022-12-21T19:58:33","guid":{"rendered":"http:\/\/yanh.pl\/dev\/srbnp\/?p=3708"},"modified":"2023-01-27T10:02:02","modified_gmt":"2023-01-27T09:02:02","slug":"jasinski-gustaw-wincenty","status":"publish","type":"post","link":"https:\/\/dziedzictwopolonii.pl\/portal\/jasinski-gustaw-wincenty\/","title":{"rendered":"Jasi\u0144ski Gustaw Wincenty"},"content":{"rendered":"<div class=\"pdfprnt-buttons pdfprnt-buttons-post pdfprnt-top-right\"><a href=\"https:\/\/dziedzictwopolonii.pl\/portal\/wp-json\/wp\/v2\/posts\/3708?print=pdf\" class=\"pdfprnt-button pdfprnt-button-pdf\" target=\"_blank\"><img decoding=\"async\" src=\"http:\/\/dziedzictwopolonii.pl\/portal\/wp-content\/plugins\/pdf-print\/images\/pdf.png\" alt=\"image_pdf\" title=\"Download PDF\" \/><span class=\"pdfprnt-button-title pdfprnt-button-pdf-title\">POBIERZ PDF<\/span><\/a><a href=\"https:\/\/dziedzictwopolonii.pl\/portal\/wp-json\/wp\/v2\/posts\/3708?print=print\" class=\"pdfprnt-button pdfprnt-button-print\" target=\"_blank\"><img decoding=\"async\" src=\"http:\/\/dziedzictwopolonii.pl\/portal\/wp-content\/plugins\/pdf-print\/images\/print.png\" alt=\"image_print\" title=\"Print Content\" \/><\/a><\/div><p><span style=\"font-weight: 400\">(1863 Z\u0105bk\u00f3w k. Soko\u0142owa Podlaskiego \u2013 1940 Buenos Aires), lekarz og\u00f3lny, dzia\u0142acz polonijny. Wykszta\u0142cenie: studia medyczne w Brukseli i w Pary\u017cu. Lekarz okr\u0119towy we francuskim towarzystwie nawigacyjnym Messageries Maritimes 1889. W Argentynie od 1890, gdzie w Buenos Aires prowadzi\u0142 praktyk\u0119 lekarsk\u0105 i pracowa\u0142 w szpitalu francuskim. Wsp\u00f3\u0142za\u0142o\u017cyciel i prezes Towarzystwa Polskiego w Buenos Aires (pierwsza polonijna organizacja w Argentynie) 1893-1918. Po wybuchu I wojny \u015bwiatowej przewodnicz\u0105cy Komitetu Funduszu Polskiego, kt\u00f3ry gromadzi\u0142 \u015brodki na cele niepodleg\u0142o\u015bciowe oraz prowadzi\u0142 werbunek do Armii Polskiej J\u00f3zefa Hallera we Francji. Wiceprezes Komitetu Polsko-Czesko-Jugos\u0142owia\u0144skiego w Buenos Aires 1918. Za\u0142o\u017cyciel i redaktor tygodnika \u201eNoticario Polaco\u201d.<\/span><\/p>\n","protected":false},"excerpt":{"rendered":"<p>(1863 Z\u0105bk\u00f3w k. Soko\u0142owa Podlaskiego \u2013 1940 Buenos Aires), lekarz og\u00f3lny, dzia\u0142acz polonijny. Wykszta\u0142cenie: studia medyczne w Brukseli i w Pary\u017cu. Lekarz okr\u0119towy we francuskim towarzystwie nawigacyjnym Messageries Maritimes 1889. W Argentynie od 1890, gdzie w Buenos Aires prowadzi\u0142 praktyk\u0119 lekarsk\u0105 i pracowa\u0142 w szpitalu francuskim. Wsp\u00f3\u0142za\u0142o\u017cyciel i prezes Towarzystwa Polskiego w Buenos Aires [&hellip;]<\/p>\n","protected":false},"author":4,"featured_media":3588,"comment_status":"closed","ping_status":"closed","sticky":false,"template":"","format":"standard","meta":{"_mi_skip_tracking":false,"footnotes":""},"categories":[72],"tags":[],"class_list":["post-3708","post","type-post","status-publish","format-standard","has-post-thumbnail","hentry","category-lekarze"],"_links":{"self":[{"href":"https:\/\/dziedzictwopolonii.pl\/portal\/wp-json\/wp\/v2\/posts\/3708","targetHints":{"allow":["GET"]}}],"collection":[{"href":"https:\/\/dziedzictwopolonii.pl\/portal\/wp-json\/wp\/v2\/posts"}],"about":[{"href":"https:\/\/dziedzictwopolonii.pl\/portal\/wp-json\/wp\/v2\/types\/post"}],"author":[{"embeddable":true,"href":"https:\/\/dziedzictwopolonii.pl\/portal\/wp-json\/wp\/v2\/users\/4"}],"replies":[{"embeddable":true,"href":"https:\/\/dziedzictwopolonii.pl\/portal\/wp-json\/wp\/v2\/comments?post=3708"}],"version-history":[{"count":1,"href":"https:\/\/dziedzictwopolonii.pl\/portal\/wp-json\/wp\/v2\/posts\/3708\/revisions"}],"predecessor-version":[{"id":3709,"href":"https:\/\/dziedzictwopolonii.pl\/portal\/wp-json\/wp\/v2\/posts\/3708\/revisions\/3709"}],"wp:featuredmedia":[{"embeddable":true,"href":"https:\/\/dziedzictwopolonii.pl\/portal\/wp-json\/wp\/v2\/media\/3588"}],"wp:attachment":[{"href":"https:\/\/dziedzictwopolonii.pl\/portal\/wp-json\/wp\/v2\/media?parent=3708"}],"wp:term":[{"taxonomy":"category","embeddable":true,"href":"https:\/\/dziedzictwopolonii.pl\/portal\/wp-json\/wp\/v2\/categories?post=3708"},{"taxonomy":"post_tag","embeddable":true,"href":"https:\/\/dziedzictwopolonii.pl\/portal\/wp-json\/wp\/v2\/tags?post=3708"}],"curies":[{"name":"wp","href":"https:\/\/api.w.org\/{rel}","templated":true}]}}