{"id":3694,"date":"2022-12-21T20:51:07","date_gmt":"2022-12-21T19:51:07","guid":{"rendered":"http:\/\/yanh.pl\/dev\/srbnp\/?p=3694"},"modified":"2023-01-27T10:02:02","modified_gmt":"2023-01-27T09:02:02","slug":"hluszniewicz-antoni","status":"publish","type":"post","link":"https:\/\/dziedzictwopolonii.pl\/portal\/hluszniewicz-antoni\/","title":{"rendered":"H\u0142uszniewicz Antoni"},"content":{"rendered":"<div class=\"pdfprnt-buttons pdfprnt-buttons-post pdfprnt-top-right\"><a href=\"https:\/\/dziedzictwopolonii.pl\/portal\/wp-json\/wp\/v2\/posts\/3694?print=pdf\" class=\"pdfprnt-button pdfprnt-button-pdf\" target=\"_blank\"><img decoding=\"async\" src=\"http:\/\/dziedzictwopolonii.pl\/portal\/wp-content\/plugins\/pdf-print\/images\/pdf.png\" alt=\"image_pdf\" title=\"Download PDF\" \/><span class=\"pdfprnt-button-title pdfprnt-button-pdf-title\">POBIERZ PDF<\/span><\/a><a href=\"https:\/\/dziedzictwopolonii.pl\/portal\/wp-json\/wp\/v2\/posts\/3694?print=print\" class=\"pdfprnt-button pdfprnt-button-print\" target=\"_blank\"><img decoding=\"async\" src=\"http:\/\/dziedzictwopolonii.pl\/portal\/wp-content\/plugins\/pdf-print\/images\/print.png\" alt=\"image_print\" title=\"Print Content\" \/><\/a><\/div><p><span style=\"font-weight: 400\">(1793 Wilno \u2013 1861 Pary\u017c), lekarz og\u00f3lny, dzia\u0142acz emigracyjny. We Francji od 1831. Lekarz Szko\u0142y Polskiej w Pary\u017cu. Dzia\u0142acz:Komitetu Narodowego Polskiego, Towarzystwa Litewskiego i Ziem Ruskich, Zemsty Ludu, Towarzystwa Demokratycznego Polskiego i Zjednoczenia Emigracji Polskiej. Lekarz Juliusza S\u0142owackiego. Pochowany na Cmentarzu Montmartre w Pary\u017cu.<\/span><\/p>\n","protected":false},"excerpt":{"rendered":"<p>(1793 Wilno \u2013 1861 Pary\u017c), lekarz og\u00f3lny, dzia\u0142acz emigracyjny. We Francji od 1831. Lekarz Szko\u0142y Polskiej w Pary\u017cu. Dzia\u0142acz:Komitetu Narodowego Polskiego, Towarzystwa Litewskiego i Ziem Ruskich, Zemsty Ludu, Towarzystwa Demokratycznego Polskiego i Zjednoczenia Emigracji Polskiej. Lekarz Juliusza S\u0142owackiego. Pochowany na Cmentarzu Montmartre w Pary\u017cu.<\/p>\n","protected":false},"author":4,"featured_media":3588,"comment_status":"closed","ping_status":"closed","sticky":false,"template":"","format":"standard","meta":{"_mi_skip_tracking":false,"footnotes":""},"categories":[72],"tags":[],"class_list":["post-3694","post","type-post","status-publish","format-standard","has-post-thumbnail","hentry","category-lekarze"],"_links":{"self":[{"href":"https:\/\/dziedzictwopolonii.pl\/portal\/wp-json\/wp\/v2\/posts\/3694","targetHints":{"allow":["GET"]}}],"collection":[{"href":"https:\/\/dziedzictwopolonii.pl\/portal\/wp-json\/wp\/v2\/posts"}],"about":[{"href":"https:\/\/dziedzictwopolonii.pl\/portal\/wp-json\/wp\/v2\/types\/post"}],"author":[{"embeddable":true,"href":"https:\/\/dziedzictwopolonii.pl\/portal\/wp-json\/wp\/v2\/users\/4"}],"replies":[{"embeddable":true,"href":"https:\/\/dziedzictwopolonii.pl\/portal\/wp-json\/wp\/v2\/comments?post=3694"}],"version-history":[{"count":1,"href":"https:\/\/dziedzictwopolonii.pl\/portal\/wp-json\/wp\/v2\/posts\/3694\/revisions"}],"predecessor-version":[{"id":3695,"href":"https:\/\/dziedzictwopolonii.pl\/portal\/wp-json\/wp\/v2\/posts\/3694\/revisions\/3695"}],"wp:featuredmedia":[{"embeddable":true,"href":"https:\/\/dziedzictwopolonii.pl\/portal\/wp-json\/wp\/v2\/media\/3588"}],"wp:attachment":[{"href":"https:\/\/dziedzictwopolonii.pl\/portal\/wp-json\/wp\/v2\/media?parent=3694"}],"wp:term":[{"taxonomy":"category","embeddable":true,"href":"https:\/\/dziedzictwopolonii.pl\/portal\/wp-json\/wp\/v2\/categories?post=3694"},{"taxonomy":"post_tag","embeddable":true,"href":"https:\/\/dziedzictwopolonii.pl\/portal\/wp-json\/wp\/v2\/tags?post=3694"}],"curies":[{"name":"wp","href":"https:\/\/api.w.org\/{rel}","templated":true}]}}