{"id":3690,"date":"2022-12-21T20:49:14","date_gmt":"2022-12-21T19:49:14","guid":{"rendered":"http:\/\/yanh.pl\/dev\/srbnp\/?p=3690"},"modified":"2023-01-27T10:02:02","modified_gmt":"2023-01-27T09:02:02","slug":"henszel-konstanty","status":"publish","type":"post","link":"https:\/\/dziedzictwopolonii.pl\/portal\/henszel-konstanty\/","title":{"rendered":"Henszel Konstanty"},"content":{"rendered":"<div class=\"pdfprnt-buttons pdfprnt-buttons-post pdfprnt-top-right\"><a href=\"https:\/\/dziedzictwopolonii.pl\/portal\/wp-json\/wp\/v2\/posts\/3690?print=pdf\" class=\"pdfprnt-button pdfprnt-button-pdf\" target=\"_blank\"><img decoding=\"async\" src=\"http:\/\/dziedzictwopolonii.pl\/portal\/wp-content\/plugins\/pdf-print\/images\/pdf.png\" alt=\"image_pdf\" title=\"Download PDF\" \/><span class=\"pdfprnt-button-title pdfprnt-button-pdf-title\">POBIERZ PDF<\/span><\/a><a href=\"https:\/\/dziedzictwopolonii.pl\/portal\/wp-json\/wp\/v2\/posts\/3690?print=print\" class=\"pdfprnt-button pdfprnt-button-print\" target=\"_blank\"><img decoding=\"async\" src=\"http:\/\/dziedzictwopolonii.pl\/portal\/wp-content\/plugins\/pdf-print\/images\/print.png\" alt=\"image_print\" title=\"Print Content\" \/><\/a><\/div><p><span style=\"font-weight: 400\">(1841 Mi\u0142ki, pow. dzi\u015bnie\u0144ski \u2013 1903 Pary\u017c), lekarz chirurg, dzia\u0142acz narodowy. We Francji od 1863. Wykszta\u0142cenie: studia medyczne i doktorat w Pary\u017cu. Cz\u0142onek zarz\u0105du Instytucji Czci i Chleba w Pary\u017cu, wspomagaj\u0105cej polskich emigrant\u00f3w i weteran\u00f3w powstania styczniowego na emigracji. Lekarz-wolontariusz w Towarzystwie Dobroczynno\u015bci Dam Polskich w Pary\u017cu oraz lekarz frontowy podczas wojny francusko-pruskiej 1870-1871. Wydawca dwutygodnika \u201ePrzysz\u0142o\u015b\u0107\u201d. Autor publikacji ksi\u0105\u017ckowej <\/span><i><span style=\"font-weight: 400\">O fermentacyi: przyczynek do nauki gospodarstwa domowego<\/span><\/i><span style=\"font-weight: 400\">. <\/span><\/p>\n","protected":false},"excerpt":{"rendered":"<p>(1841 Mi\u0142ki, pow. dzi\u015bnie\u0144ski \u2013 1903 Pary\u017c), lekarz chirurg, dzia\u0142acz narodowy. We Francji od 1863. Wykszta\u0142cenie: studia medyczne i doktorat w Pary\u017cu. Cz\u0142onek zarz\u0105du Instytucji Czci i Chleba w Pary\u017cu, wspomagaj\u0105cej polskich emigrant\u00f3w i weteran\u00f3w powstania styczniowego na emigracji. Lekarz-wolontariusz w Towarzystwie Dobroczynno\u015bci Dam Polskich w Pary\u017cu oraz lekarz frontowy podczas wojny francusko-pruskiej 1870-1871. [&hellip;]<\/p>\n","protected":false},"author":4,"featured_media":3588,"comment_status":"closed","ping_status":"closed","sticky":false,"template":"","format":"standard","meta":{"_mi_skip_tracking":false,"footnotes":""},"categories":[72],"tags":[],"class_list":["post-3690","post","type-post","status-publish","format-standard","has-post-thumbnail","hentry","category-lekarze"],"_links":{"self":[{"href":"https:\/\/dziedzictwopolonii.pl\/portal\/wp-json\/wp\/v2\/posts\/3690","targetHints":{"allow":["GET"]}}],"collection":[{"href":"https:\/\/dziedzictwopolonii.pl\/portal\/wp-json\/wp\/v2\/posts"}],"about":[{"href":"https:\/\/dziedzictwopolonii.pl\/portal\/wp-json\/wp\/v2\/types\/post"}],"author":[{"embeddable":true,"href":"https:\/\/dziedzictwopolonii.pl\/portal\/wp-json\/wp\/v2\/users\/4"}],"replies":[{"embeddable":true,"href":"https:\/\/dziedzictwopolonii.pl\/portal\/wp-json\/wp\/v2\/comments?post=3690"}],"version-history":[{"count":1,"href":"https:\/\/dziedzictwopolonii.pl\/portal\/wp-json\/wp\/v2\/posts\/3690\/revisions"}],"predecessor-version":[{"id":3691,"href":"https:\/\/dziedzictwopolonii.pl\/portal\/wp-json\/wp\/v2\/posts\/3690\/revisions\/3691"}],"wp:featuredmedia":[{"embeddable":true,"href":"https:\/\/dziedzictwopolonii.pl\/portal\/wp-json\/wp\/v2\/media\/3588"}],"wp:attachment":[{"href":"https:\/\/dziedzictwopolonii.pl\/portal\/wp-json\/wp\/v2\/media?parent=3690"}],"wp:term":[{"taxonomy":"category","embeddable":true,"href":"https:\/\/dziedzictwopolonii.pl\/portal\/wp-json\/wp\/v2\/categories?post=3690"},{"taxonomy":"post_tag","embeddable":true,"href":"https:\/\/dziedzictwopolonii.pl\/portal\/wp-json\/wp\/v2\/tags?post=3690"}],"curies":[{"name":"wp","href":"https:\/\/api.w.org\/{rel}","templated":true}]}}