{"id":3684,"date":"2022-12-21T20:44:12","date_gmt":"2022-12-21T19:44:12","guid":{"rendered":"http:\/\/yanh.pl\/dev\/srbnp\/?p=3684"},"modified":"2023-01-27T10:02:02","modified_gmt":"2023-01-27T09:02:02","slug":"gorecki-przemyslaw","status":"publish","type":"post","link":"https:\/\/dziedzictwopolonii.pl\/portal\/gorecki-przemyslaw\/","title":{"rendered":"G\u00f3recki Przemys\u0142aw"},"content":{"rendered":"<div class=\"pdfprnt-buttons pdfprnt-buttons-post pdfprnt-top-right\"><a href=\"https:\/\/dziedzictwopolonii.pl\/portal\/wp-json\/wp\/v2\/posts\/3684?print=pdf\" class=\"pdfprnt-button pdfprnt-button-pdf\" target=\"_blank\"><img decoding=\"async\" src=\"http:\/\/dziedzictwopolonii.pl\/portal\/wp-content\/plugins\/pdf-print\/images\/pdf.png\" alt=\"image_pdf\" title=\"Download PDF\" \/><span class=\"pdfprnt-button-title pdfprnt-button-pdf-title\">POBIERZ PDF<\/span><\/a><a href=\"https:\/\/dziedzictwopolonii.pl\/portal\/wp-json\/wp\/v2\/posts\/3684?print=print\" class=\"pdfprnt-button pdfprnt-button-print\" target=\"_blank\"><img decoding=\"async\" src=\"http:\/\/dziedzictwopolonii.pl\/portal\/wp-content\/plugins\/pdf-print\/images\/print.png\" alt=\"image_print\" title=\"Print Content\" \/><\/a><\/div><p><span style=\"font-weight: 400\">(1921 Pozna\u0144 \u2013 1997 Bruksela), lekarz chirurg i kardiochirurg. Wykszta\u0142cenie: studia medyczne na uniwersytecie w Louvain (Belgia). Lekarz w belgijskim Kongo 1950-1953 oraz w Kapsztadzie, gdzie uczestniczy\u0142 w operacji na otwartym sercu pod kierunkiem prof. Chrystiana Bernarda. W\u0142a\u015bciciel prywatnej polikliniki i dyrektor Centrum Medyczno-Chirurgicznego \u201eCMC\u201d w Kinszasie 1955; kardiochirurg w Centrum Chirurgicznym w Leopoldville. Ambasador nadzwyczajny Belgii w Kongo 1960-1961; doradca ds. ochrony zdrowia i socjalno-gospodarczych kongijskiego premiera Cyrylle Adouli 1961-1964. Kierownik katedry chirurgii na Wydziale Medycznym w Akademii Paryskiej 1970-1984 oraz wyk\u0142adowca w szkole piel\u0119gniarek w Pary\u017cu 1973-1981. Konsultant: Organizacji Wsp\u00f3\u0142pracy Gospodarczej i Rozwoju, \u015awiatowej Organizacji Zdrowia, Organizacji Narod\u00f3w Zjednoczonych, Mi\u0119dzynarodowego Banku Odbudowy i Rozwoju. Cz\u0142onek: Belgijskiego Kr\u00f3lewskiego Towarzystwa Radiologii, Mi\u0119dzynarodowej Federacji Szpitali, Ameryka\u0144skiego Stowarzyszenia Przedsi\u0119biorc\u00f3w, Europejskiego Klubu Zdrowia oraz Europejskiego Stowarzyszenia Administracji Szpitalnej i Program\u00f3w Szkoleniowych S\u0142u\u017cby Zdrowia. Autor artyku\u0142\u00f3w naukowych, m.in. w: \u201eAnnales d\u2019Endocrinologie\u201d, \u201eAnnales de la Societ\u00e9 Belge de la M\u00e9decine Tropicale\u201d, \u201eAnnales de la Societ\u00e9 Belge de Radiologie\u201d, \u201eJournal Belge de Radiologie\u201d. Inicjator i pierwszy rektor Wolnej Wszechnicy Polskiej w Pary\u017cu. Po przej\u015bciu w 1985 na emerytur\u0119 kierowa\u0142 Polskim Funduszem Humanitarnym oraz Domem Polskim w Lailly en Val ko\u0142o Orleanu. Odznaczenia:, m.in. Order Leopolda II.<\/span><\/p>\n","protected":false},"excerpt":{"rendered":"<p>(1921 Pozna\u0144 \u2013 1997 Bruksela), lekarz chirurg i kardiochirurg. Wykszta\u0142cenie: studia medyczne na uniwersytecie w Louvain (Belgia). Lekarz w belgijskim Kongo 1950-1953 oraz w Kapsztadzie, gdzie uczestniczy\u0142 w operacji na otwartym sercu pod kierunkiem prof. Chrystiana Bernarda. W\u0142a\u015bciciel prywatnej polikliniki i dyrektor Centrum Medyczno-Chirurgicznego \u201eCMC\u201d w Kinszasie 1955; kardiochirurg w Centrum Chirurgicznym w Leopoldville. [&hellip;]<\/p>\n","protected":false},"author":4,"featured_media":2528,"comment_status":"closed","ping_status":"closed","sticky":false,"template":"","format":"standard","meta":{"_mi_skip_tracking":false,"footnotes":""},"categories":[72],"tags":[],"class_list":["post-3684","post","type-post","status-publish","format-standard","has-post-thumbnail","hentry","category-lekarze"],"_links":{"self":[{"href":"https:\/\/dziedzictwopolonii.pl\/portal\/wp-json\/wp\/v2\/posts\/3684","targetHints":{"allow":["GET"]}}],"collection":[{"href":"https:\/\/dziedzictwopolonii.pl\/portal\/wp-json\/wp\/v2\/posts"}],"about":[{"href":"https:\/\/dziedzictwopolonii.pl\/portal\/wp-json\/wp\/v2\/types\/post"}],"author":[{"embeddable":true,"href":"https:\/\/dziedzictwopolonii.pl\/portal\/wp-json\/wp\/v2\/users\/4"}],"replies":[{"embeddable":true,"href":"https:\/\/dziedzictwopolonii.pl\/portal\/wp-json\/wp\/v2\/comments?post=3684"}],"version-history":[{"count":1,"href":"https:\/\/dziedzictwopolonii.pl\/portal\/wp-json\/wp\/v2\/posts\/3684\/revisions"}],"predecessor-version":[{"id":3685,"href":"https:\/\/dziedzictwopolonii.pl\/portal\/wp-json\/wp\/v2\/posts\/3684\/revisions\/3685"}],"wp:featuredmedia":[{"embeddable":true,"href":"https:\/\/dziedzictwopolonii.pl\/portal\/wp-json\/wp\/v2\/media\/2528"}],"wp:attachment":[{"href":"https:\/\/dziedzictwopolonii.pl\/portal\/wp-json\/wp\/v2\/media?parent=3684"}],"wp:term":[{"taxonomy":"category","embeddable":true,"href":"https:\/\/dziedzictwopolonii.pl\/portal\/wp-json\/wp\/v2\/categories?post=3684"},{"taxonomy":"post_tag","embeddable":true,"href":"https:\/\/dziedzictwopolonii.pl\/portal\/wp-json\/wp\/v2\/tags?post=3684"}],"curies":[{"name":"wp","href":"https:\/\/api.w.org\/{rel}","templated":true}]}}