{"id":3668,"date":"2022-12-21T20:30:34","date_gmt":"2022-12-21T19:30:34","guid":{"rendered":"http:\/\/yanh.pl\/dev\/srbnp\/?p=3668"},"modified":"2023-01-27T10:02:03","modified_gmt":"2023-01-27T09:02:03","slug":"filipowicz-polanska-katarzyna-hanna","status":"publish","type":"post","link":"https:\/\/dziedzictwopolonii.pl\/portal\/filipowicz-polanska-katarzyna-hanna\/","title":{"rendered":"Filipowicz-Pola\u0144ska Katarzyna Hanna"},"content":{"rendered":"<div class=\"pdfprnt-buttons pdfprnt-buttons-post pdfprnt-top-right\"><a href=\"https:\/\/dziedzictwopolonii.pl\/portal\/wp-json\/wp\/v2\/posts\/3668?print=pdf\" class=\"pdfprnt-button pdfprnt-button-pdf\" target=\"_blank\"><img decoding=\"async\" src=\"http:\/\/dziedzictwopolonii.pl\/portal\/wp-content\/plugins\/pdf-print\/images\/pdf.png\" alt=\"image_pdf\" title=\"Download PDF\" \/><span class=\"pdfprnt-button-title pdfprnt-button-pdf-title\">POBIERZ PDF<\/span><\/a><a href=\"https:\/\/dziedzictwopolonii.pl\/portal\/wp-json\/wp\/v2\/posts\/3668?print=print\" class=\"pdfprnt-button pdfprnt-button-print\" target=\"_blank\"><img decoding=\"async\" src=\"http:\/\/dziedzictwopolonii.pl\/portal\/wp-content\/plugins\/pdf-print\/images\/print.png\" alt=\"image_print\" title=\"Print Content\" \/><\/a><\/div><p><span style=\"font-weight: 400\">(Ur. w 1920 r., w Warszawie, zm. w 2002 r., w Kopenhadze), lekarz ginekolog po\u0142o\u017cnik, dzia\u0142aczka spo\u0142eczna. Wykszta\u0142cenie: studia medyczne na tajnym Uniwersytecie Warszawskim 1941-1944 oraz Uniwersytecie Jagiello\u0144skim w Krakowie 1945-1946. W Danii od ok 1975. Prezes i za\u0142o\u017cycielka: Ko\u0142a b. \u017bo\u0142nierzy AK w Danii (1978\u22121986), Komisji Skarbu Narodowego w Danii (1986\u22121990), Ko\u0142a Fundacji AK w Danii (1987), Towarzystwa Pomocy Wsp\u00f3lnocie Polskiej w Kaliningradzie (1993). Za\u0142o\u017cycielka i cz\u0142onek zarz\u0105du: Polskiego Zwi\u0105zku \u201eOgnisko\u201d w Kopenhadze, Rady Polonii Du\u0144skiej. Sekretarz Towarzystwa Przyjaci\u00f3\u0142 PUNO w Skandynawii (1978\u22121987).\u00a0<\/span><\/p>\n","protected":false},"excerpt":{"rendered":"<p>(Ur. w 1920 r., w Warszawie, zm. w 2002 r., w Kopenhadze), lekarz ginekolog po\u0142o\u017cnik, dzia\u0142aczka spo\u0142eczna. Wykszta\u0142cenie: studia medyczne na tajnym Uniwersytecie Warszawskim 1941-1944 oraz Uniwersytecie Jagiello\u0144skim w Krakowie 1945-1946. W Danii od ok 1975. Prezes i za\u0142o\u017cycielka: Ko\u0142a b. \u017bo\u0142nierzy AK w Danii (1978\u22121986), Komisji Skarbu Narodowego w Danii (1986\u22121990), Ko\u0142a Fundacji [&hellip;]<\/p>\n","protected":false},"author":4,"featured_media":2521,"comment_status":"closed","ping_status":"closed","sticky":false,"template":"","format":"standard","meta":{"_mi_skip_tracking":false,"footnotes":""},"categories":[72],"tags":[],"class_list":["post-3668","post","type-post","status-publish","format-standard","has-post-thumbnail","hentry","category-lekarze"],"_links":{"self":[{"href":"https:\/\/dziedzictwopolonii.pl\/portal\/wp-json\/wp\/v2\/posts\/3668","targetHints":{"allow":["GET"]}}],"collection":[{"href":"https:\/\/dziedzictwopolonii.pl\/portal\/wp-json\/wp\/v2\/posts"}],"about":[{"href":"https:\/\/dziedzictwopolonii.pl\/portal\/wp-json\/wp\/v2\/types\/post"}],"author":[{"embeddable":true,"href":"https:\/\/dziedzictwopolonii.pl\/portal\/wp-json\/wp\/v2\/users\/4"}],"replies":[{"embeddable":true,"href":"https:\/\/dziedzictwopolonii.pl\/portal\/wp-json\/wp\/v2\/comments?post=3668"}],"version-history":[{"count":1,"href":"https:\/\/dziedzictwopolonii.pl\/portal\/wp-json\/wp\/v2\/posts\/3668\/revisions"}],"predecessor-version":[{"id":3669,"href":"https:\/\/dziedzictwopolonii.pl\/portal\/wp-json\/wp\/v2\/posts\/3668\/revisions\/3669"}],"wp:featuredmedia":[{"embeddable":true,"href":"https:\/\/dziedzictwopolonii.pl\/portal\/wp-json\/wp\/v2\/media\/2521"}],"wp:attachment":[{"href":"https:\/\/dziedzictwopolonii.pl\/portal\/wp-json\/wp\/v2\/media?parent=3668"}],"wp:term":[{"taxonomy":"category","embeddable":true,"href":"https:\/\/dziedzictwopolonii.pl\/portal\/wp-json\/wp\/v2\/categories?post=3668"},{"taxonomy":"post_tag","embeddable":true,"href":"https:\/\/dziedzictwopolonii.pl\/portal\/wp-json\/wp\/v2\/tags?post=3668"}],"curies":[{"name":"wp","href":"https:\/\/api.w.org\/{rel}","templated":true}]}}