{"id":3647,"date":"2022-12-21T20:18:19","date_gmt":"2022-12-21T19:18:19","guid":{"rendered":"http:\/\/yanh.pl\/dev\/srbnp\/?p=3647"},"modified":"2023-01-27T10:02:03","modified_gmt":"2023-01-27T09:02:03","slug":"danysz-jan","status":"publish","type":"post","link":"https:\/\/dziedzictwopolonii.pl\/portal\/danysz-jan\/","title":{"rendered":"Danysz Jan"},"content":{"rendered":"<div class=\"pdfprnt-buttons pdfprnt-buttons-post pdfprnt-top-right\"><a href=\"https:\/\/dziedzictwopolonii.pl\/portal\/wp-json\/wp\/v2\/posts\/3647?print=pdf\" class=\"pdfprnt-button pdfprnt-button-pdf\" target=\"_blank\"><img decoding=\"async\" src=\"http:\/\/dziedzictwopolonii.pl\/portal\/wp-content\/plugins\/pdf-print\/images\/pdf.png\" alt=\"image_pdf\" title=\"Download PDF\" \/><span class=\"pdfprnt-button-title pdfprnt-button-pdf-title\">POBIERZ PDF<\/span><\/a><a href=\"https:\/\/dziedzictwopolonii.pl\/portal\/wp-json\/wp\/v2\/posts\/3647?print=print\" class=\"pdfprnt-button pdfprnt-button-print\" target=\"_blank\"><img decoding=\"async\" src=\"http:\/\/dziedzictwopolonii.pl\/portal\/wp-content\/plugins\/pdf-print\/images\/print.png\" alt=\"image_print\" title=\"Print Content\" \/><\/a><\/div><p><span style=\"font-weight: 400\">(Ur. w 1860 r., w Chylinie, w Wielkopolsce, zm. w 1928 r., w Pary\u017cu), lekarz bakteriolog, biolog, mikrobiolog. Kierownik dzia\u0142u mikrobiologii w Instytucie Pasteura w Pary\u017cu 1893-1902; doradca do spraw walki ze szkodnikami rolnymi w Rosji, Portugalii i Australii 1902-1907. Odkrywca lasecznika z grupy paratyfusowej, nazwanego <\/span><i><span style=\"font-weight: 400\">Baccillus rati Danysz.<\/span><\/i><span style=\"font-weight: 400\"> Wyja\u015bni\u0142 stosunek jad\u00f3w do przeciwjad\u00f3w w organizmach oraz wprowadzi\u0142 tzw. fenomen Danysza, kt\u00f3ry sta\u0142 si\u0119 podstaw\u0105 racjonalnego leczenia surowicami. Pionier bada\u0144 biologicznych skutk\u00f3w promieniowania. Autor licznych prac naukowych m.in. <\/span><i><span style=\"font-weight: 400\">Principes de l\u2019\u00e9volution des maladies infectieuses<\/span><\/i><span style=\"font-weight: 400\"> (Paris 1919), <\/span><i><span style=\"font-weight: 400\">Origine, \u00e9volution, traitement des maladies non contagieuses<\/span><\/i><span style=\"font-weight: 400\"> (Paris 1920). Odznaczenia: Legia Honorowa (V).<\/span><\/p>\n","protected":false},"excerpt":{"rendered":"<p>(Ur. w 1860 r., w Chylinie, w Wielkopolsce, zm. w 1928 r., w Pary\u017cu), lekarz bakteriolog, biolog, mikrobiolog. Kierownik dzia\u0142u mikrobiologii w Instytucie Pasteura w Pary\u017cu 1893-1902; doradca do spraw walki ze szkodnikami rolnymi w Rosji, Portugalii i Australii 1902-1907. Odkrywca lasecznika z grupy paratyfusowej, nazwanego Baccillus rati Danysz. Wyja\u015bni\u0142 stosunek jad\u00f3w do przeciwjad\u00f3w [&hellip;]<\/p>\n","protected":false},"author":4,"featured_media":3588,"comment_status":"closed","ping_status":"closed","sticky":false,"template":"","format":"standard","meta":{"_mi_skip_tracking":false,"footnotes":""},"categories":[72],"tags":[],"class_list":["post-3647","post","type-post","status-publish","format-standard","has-post-thumbnail","hentry","category-lekarze"],"_links":{"self":[{"href":"https:\/\/dziedzictwopolonii.pl\/portal\/wp-json\/wp\/v2\/posts\/3647","targetHints":{"allow":["GET"]}}],"collection":[{"href":"https:\/\/dziedzictwopolonii.pl\/portal\/wp-json\/wp\/v2\/posts"}],"about":[{"href":"https:\/\/dziedzictwopolonii.pl\/portal\/wp-json\/wp\/v2\/types\/post"}],"author":[{"embeddable":true,"href":"https:\/\/dziedzictwopolonii.pl\/portal\/wp-json\/wp\/v2\/users\/4"}],"replies":[{"embeddable":true,"href":"https:\/\/dziedzictwopolonii.pl\/portal\/wp-json\/wp\/v2\/comments?post=3647"}],"version-history":[{"count":1,"href":"https:\/\/dziedzictwopolonii.pl\/portal\/wp-json\/wp\/v2\/posts\/3647\/revisions"}],"predecessor-version":[{"id":3648,"href":"https:\/\/dziedzictwopolonii.pl\/portal\/wp-json\/wp\/v2\/posts\/3647\/revisions\/3648"}],"wp:featuredmedia":[{"embeddable":true,"href":"https:\/\/dziedzictwopolonii.pl\/portal\/wp-json\/wp\/v2\/media\/3588"}],"wp:attachment":[{"href":"https:\/\/dziedzictwopolonii.pl\/portal\/wp-json\/wp\/v2\/media?parent=3647"}],"wp:term":[{"taxonomy":"category","embeddable":true,"href":"https:\/\/dziedzictwopolonii.pl\/portal\/wp-json\/wp\/v2\/categories?post=3647"},{"taxonomy":"post_tag","embeddable":true,"href":"https:\/\/dziedzictwopolonii.pl\/portal\/wp-json\/wp\/v2\/tags?post=3647"}],"curies":[{"name":"wp","href":"https:\/\/api.w.org\/{rel}","templated":true}]}}