{"id":3645,"date":"2022-12-21T20:17:13","date_gmt":"2022-12-21T19:17:13","guid":{"rendered":"http:\/\/yanh.pl\/dev\/srbnp\/?p=3645"},"modified":"2023-01-27T10:02:03","modified_gmt":"2023-01-27T09:02:03","slug":"czerwinski-gracjan","status":"publish","type":"post","link":"https:\/\/dziedzictwopolonii.pl\/portal\/czerwinski-gracjan\/","title":{"rendered":"Czerwi\u0144ski Gracjan"},"content":{"rendered":"<div class=\"pdfprnt-buttons pdfprnt-buttons-post pdfprnt-top-right\"><a href=\"https:\/\/dziedzictwopolonii.pl\/portal\/wp-json\/wp\/v2\/posts\/3645?print=pdf\" class=\"pdfprnt-button pdfprnt-button-pdf\" target=\"_blank\"><img decoding=\"async\" src=\"http:\/\/dziedzictwopolonii.pl\/portal\/wp-content\/plugins\/pdf-print\/images\/pdf.png\" alt=\"image_pdf\" title=\"Download PDF\" \/><span class=\"pdfprnt-button-title pdfprnt-button-pdf-title\">POBIERZ PDF<\/span><\/a><a href=\"https:\/\/dziedzictwopolonii.pl\/portal\/wp-json\/wp\/v2\/posts\/3645?print=print\" class=\"pdfprnt-button pdfprnt-button-print\" target=\"_blank\"><img decoding=\"async\" src=\"http:\/\/dziedzictwopolonii.pl\/portal\/wp-content\/plugins\/pdf-print\/images\/print.png\" alt=\"image_print\" title=\"Print Content\" \/><\/a><\/div><p><span style=\"font-weight: 400\">(Zm. 1874 w Teodozji na Krymie), polski szlachcic, lekarz i zes\u0142aniec. Studia medyczne uko\u0144czy\u0142 na Uniwersytecie Kijowskim. Pierwsz\u0105 praktyk\u0119 lekarsk\u0105 prowadzi\u0142 w powiecie zas\u0142awskim. W 1863 roku, za udzia\u0142 w Powstaniu Styczniowym, zes\u0142any zosta\u0142 jednak na 6-letnie ci\u0119\u017ckie roboty na Syberi\u0119. Z katorgi zwolniony zosta\u0142 po kilku latach na podstawie amnestii z 1866 roku. W 1867 roku dotar\u0142 do Krasnojarska, nast\u0119pnie do Nowochapiorska w guberni woroneskiej, gdzie za\u0142o\u017cy\u0142 (dzia\u0142aj\u0105cy w latach 1868-1873) zak\u0142ad leczenia kumysem. W 1873 roku przeni\u00f3s\u0142 si\u0119 do Teodozji na Krymie, gdzie zmar\u0142 (na gru\u017alic\u0119 p\u0142uc) w 1874 roku.\u00a0<\/span><\/p>\n<p><em><span style=\"font-weight: 400\">\u0179r\u00f3d\u0142a: E. Niebelski, Polscy lekarze zes\u0142a\u0144cy 1863 r., na Syberii, w: Studia Polonijne, t. 30, s. 88.\u00a0<\/span><\/em><\/p>\n","protected":false},"excerpt":{"rendered":"<p>(Zm. 1874 w Teodozji na Krymie), polski szlachcic, lekarz i zes\u0142aniec. Studia medyczne uko\u0144czy\u0142 na Uniwersytecie Kijowskim. Pierwsz\u0105 praktyk\u0119 lekarsk\u0105 prowadzi\u0142 w powiecie zas\u0142awskim. W 1863 roku, za udzia\u0142 w Powstaniu Styczniowym, zes\u0142any zosta\u0142 jednak na 6-letnie ci\u0119\u017ckie roboty na Syberi\u0119. Z katorgi zwolniony zosta\u0142 po kilku latach na podstawie amnestii z 1866 roku. [&hellip;]<\/p>\n","protected":false},"author":4,"featured_media":3588,"comment_status":"closed","ping_status":"closed","sticky":false,"template":"","format":"standard","meta":{"_mi_skip_tracking":false,"footnotes":""},"categories":[72],"tags":[],"class_list":["post-3645","post","type-post","status-publish","format-standard","has-post-thumbnail","hentry","category-lekarze"],"_links":{"self":[{"href":"https:\/\/dziedzictwopolonii.pl\/portal\/wp-json\/wp\/v2\/posts\/3645","targetHints":{"allow":["GET"]}}],"collection":[{"href":"https:\/\/dziedzictwopolonii.pl\/portal\/wp-json\/wp\/v2\/posts"}],"about":[{"href":"https:\/\/dziedzictwopolonii.pl\/portal\/wp-json\/wp\/v2\/types\/post"}],"author":[{"embeddable":true,"href":"https:\/\/dziedzictwopolonii.pl\/portal\/wp-json\/wp\/v2\/users\/4"}],"replies":[{"embeddable":true,"href":"https:\/\/dziedzictwopolonii.pl\/portal\/wp-json\/wp\/v2\/comments?post=3645"}],"version-history":[{"count":1,"href":"https:\/\/dziedzictwopolonii.pl\/portal\/wp-json\/wp\/v2\/posts\/3645\/revisions"}],"predecessor-version":[{"id":3646,"href":"https:\/\/dziedzictwopolonii.pl\/portal\/wp-json\/wp\/v2\/posts\/3645\/revisions\/3646"}],"wp:featuredmedia":[{"embeddable":true,"href":"https:\/\/dziedzictwopolonii.pl\/portal\/wp-json\/wp\/v2\/media\/3588"}],"wp:attachment":[{"href":"https:\/\/dziedzictwopolonii.pl\/portal\/wp-json\/wp\/v2\/media?parent=3645"}],"wp:term":[{"taxonomy":"category","embeddable":true,"href":"https:\/\/dziedzictwopolonii.pl\/portal\/wp-json\/wp\/v2\/categories?post=3645"},{"taxonomy":"post_tag","embeddable":true,"href":"https:\/\/dziedzictwopolonii.pl\/portal\/wp-json\/wp\/v2\/tags?post=3645"}],"curies":[{"name":"wp","href":"https:\/\/api.w.org\/{rel}","templated":true}]}}