{"id":3638,"date":"2022-12-21T20:12:05","date_gmt":"2022-12-21T19:12:05","guid":{"rendered":"http:\/\/yanh.pl\/dev\/srbnp\/?p=3638"},"modified":"2023-01-27T10:02:03","modified_gmt":"2023-01-27T09:02:03","slug":"czernicki-hieronim-adolf","status":"publish","type":"post","link":"https:\/\/dziedzictwopolonii.pl\/portal\/czernicki-hieronim-adolf\/","title":{"rendered":"Czernicki Hieronim Adolf"},"content":{"rendered":"<div class=\"pdfprnt-buttons pdfprnt-buttons-post pdfprnt-top-right\"><a href=\"https:\/\/dziedzictwopolonii.pl\/portal\/wp-json\/wp\/v2\/posts\/3638?print=pdf\" class=\"pdfprnt-button pdfprnt-button-pdf\" target=\"_blank\"><img decoding=\"async\" src=\"http:\/\/dziedzictwopolonii.pl\/portal\/wp-content\/plugins\/pdf-print\/images\/pdf.png\" alt=\"image_pdf\" title=\"Download PDF\" \/><span class=\"pdfprnt-button-title pdfprnt-button-pdf-title\">POBIERZ PDF<\/span><\/a><a href=\"https:\/\/dziedzictwopolonii.pl\/portal\/wp-json\/wp\/v2\/posts\/3638?print=print\" class=\"pdfprnt-button pdfprnt-button-print\" target=\"_blank\"><img decoding=\"async\" src=\"http:\/\/dziedzictwopolonii.pl\/portal\/wp-content\/plugins\/pdf-print\/images\/print.png\" alt=\"image_print\" title=\"Print Content\" \/><\/a><\/div><p><span style=\"font-weight: 400\">(Ur. w 1811 r., w Rosnoszy\u0144ce, zm. w 1890 r., w Cannet, we Francji), lekarz chirurg. Wykszta\u0142cenie: studia medyczne odby\u0142 na Uniwersytecie Wile\u0144skim i na Uniwersytecie w Montpellier. Do Francji przyby\u0142 w 1831 roku. By\u0142 cz\u0142onkiem Towarzystwa Demokratycznego Polskiego. Pracowa\u0142 jako lekarz w Cannet i Limoges. Autor kr\u00f3tkich doniesie\u0144 kazuistycznych w \u201eL\u2019Albeille M\u00e8dicale\u201d i wsp\u00f3\u0142autor broszury o leczeniu cholery. Wspomaga\u0142 finansowo budow\u0119 pomnika Adama Mickiewicza w Warszawie.<\/span><\/p>\n","protected":false},"excerpt":{"rendered":"<p>(Ur. w 1811 r., w Rosnoszy\u0144ce, zm. w 1890 r., w Cannet, we Francji), lekarz chirurg. Wykszta\u0142cenie: studia medyczne odby\u0142 na Uniwersytecie Wile\u0144skim i na Uniwersytecie w Montpellier. Do Francji przyby\u0142 w 1831 roku. By\u0142 cz\u0142onkiem Towarzystwa Demokratycznego Polskiego. Pracowa\u0142 jako lekarz w Cannet i Limoges. Autor kr\u00f3tkich doniesie\u0144 kazuistycznych w \u201eL\u2019Albeille M\u00e8dicale\u201d i [&hellip;]<\/p>\n","protected":false},"author":4,"featured_media":3588,"comment_status":"closed","ping_status":"closed","sticky":false,"template":"","format":"standard","meta":{"_mi_skip_tracking":false,"footnotes":""},"categories":[72],"tags":[],"class_list":["post-3638","post","type-post","status-publish","format-standard","has-post-thumbnail","hentry","category-lekarze"],"_links":{"self":[{"href":"https:\/\/dziedzictwopolonii.pl\/portal\/wp-json\/wp\/v2\/posts\/3638","targetHints":{"allow":["GET"]}}],"collection":[{"href":"https:\/\/dziedzictwopolonii.pl\/portal\/wp-json\/wp\/v2\/posts"}],"about":[{"href":"https:\/\/dziedzictwopolonii.pl\/portal\/wp-json\/wp\/v2\/types\/post"}],"author":[{"embeddable":true,"href":"https:\/\/dziedzictwopolonii.pl\/portal\/wp-json\/wp\/v2\/users\/4"}],"replies":[{"embeddable":true,"href":"https:\/\/dziedzictwopolonii.pl\/portal\/wp-json\/wp\/v2\/comments?post=3638"}],"version-history":[{"count":1,"href":"https:\/\/dziedzictwopolonii.pl\/portal\/wp-json\/wp\/v2\/posts\/3638\/revisions"}],"predecessor-version":[{"id":3639,"href":"https:\/\/dziedzictwopolonii.pl\/portal\/wp-json\/wp\/v2\/posts\/3638\/revisions\/3639"}],"wp:featuredmedia":[{"embeddable":true,"href":"https:\/\/dziedzictwopolonii.pl\/portal\/wp-json\/wp\/v2\/media\/3588"}],"wp:attachment":[{"href":"https:\/\/dziedzictwopolonii.pl\/portal\/wp-json\/wp\/v2\/media?parent=3638"}],"wp:term":[{"taxonomy":"category","embeddable":true,"href":"https:\/\/dziedzictwopolonii.pl\/portal\/wp-json\/wp\/v2\/categories?post=3638"},{"taxonomy":"post_tag","embeddable":true,"href":"https:\/\/dziedzictwopolonii.pl\/portal\/wp-json\/wp\/v2\/tags?post=3638"}],"curies":[{"name":"wp","href":"https:\/\/api.w.org\/{rel}","templated":true}]}}