{"id":3626,"date":"2022-12-21T20:05:17","date_gmt":"2022-12-21T19:05:17","guid":{"rendered":"http:\/\/yanh.pl\/dev\/srbnp\/?p=3626"},"modified":"2023-01-27T10:02:03","modified_gmt":"2023-01-27T09:02:03","slug":"chlapowski-franciszek","status":"publish","type":"post","link":"https:\/\/dziedzictwopolonii.pl\/portal\/chlapowski-franciszek\/","title":{"rendered":"Ch\u0142apowski Franciszek"},"content":{"rendered":"<div class=\"pdfprnt-buttons pdfprnt-buttons-post pdfprnt-top-right\"><a href=\"https:\/\/dziedzictwopolonii.pl\/portal\/wp-json\/wp\/v2\/posts\/3626?print=pdf\" class=\"pdfprnt-button pdfprnt-button-pdf\" target=\"_blank\"><img decoding=\"async\" src=\"http:\/\/dziedzictwopolonii.pl\/portal\/wp-content\/plugins\/pdf-print\/images\/pdf.png\" alt=\"image_pdf\" title=\"Download PDF\" \/><span class=\"pdfprnt-button-title pdfprnt-button-pdf-title\">POBIERZ PDF<\/span><\/a><a href=\"https:\/\/dziedzictwopolonii.pl\/portal\/wp-json\/wp\/v2\/posts\/3626?print=print\" class=\"pdfprnt-button pdfprnt-button-print\" target=\"_blank\"><img decoding=\"async\" src=\"http:\/\/dziedzictwopolonii.pl\/portal\/wp-content\/plugins\/pdf-print\/images\/print.png\" alt=\"image_print\" title=\"Print Content\" \/><\/a><\/div><p><span style=\"font-weight: 400\">\u00a0(Ur. w 1846 r., w miejscowo\u015bci Czerwona Wie\u015b, k. Krzywina, zm. w 1923 r., w \u017begocinie, k. Pleszewa), lekarz og\u00f3lny, dzia\u0142acz polonijny. Wykszta\u0142cenie: studia medyczne i doktorat w Berlinie. Wsp\u00f3\u0142organizator i pierwszy przewodnicz\u0105cy Sekcji Medycznej i Nauk Przyrodniczych Towarzystwa Naukowego Akademik\u00f3w Polak\u00f3w w Berlinie. Uczestnik prac organizacyjnych Towarzystwa Polsko-Katolickiego i Towarzystwa Przemys\u0142owc\u00f3w Polskich w Berlinie 1865-1868. Pose\u0142 do sejmu pruskiego (1877).<\/span><\/p>\n","protected":false},"excerpt":{"rendered":"<p>\u00a0(Ur. w 1846 r., w miejscowo\u015bci Czerwona Wie\u015b, k. Krzywina, zm. w 1923 r., w \u017begocinie, k. Pleszewa), lekarz og\u00f3lny, dzia\u0142acz polonijny. Wykszta\u0142cenie: studia medyczne i doktorat w Berlinie. Wsp\u00f3\u0142organizator i pierwszy przewodnicz\u0105cy Sekcji Medycznej i Nauk Przyrodniczych Towarzystwa Naukowego Akademik\u00f3w Polak\u00f3w w Berlinie. Uczestnik prac organizacyjnych Towarzystwa Polsko-Katolickiego i Towarzystwa Przemys\u0142owc\u00f3w Polskich w [&hellip;]<\/p>\n","protected":false},"author":4,"featured_media":2515,"comment_status":"closed","ping_status":"closed","sticky":false,"template":"","format":"standard","meta":{"_mi_skip_tracking":false,"footnotes":""},"categories":[72],"tags":[],"class_list":["post-3626","post","type-post","status-publish","format-standard","has-post-thumbnail","hentry","category-lekarze"],"_links":{"self":[{"href":"https:\/\/dziedzictwopolonii.pl\/portal\/wp-json\/wp\/v2\/posts\/3626","targetHints":{"allow":["GET"]}}],"collection":[{"href":"https:\/\/dziedzictwopolonii.pl\/portal\/wp-json\/wp\/v2\/posts"}],"about":[{"href":"https:\/\/dziedzictwopolonii.pl\/portal\/wp-json\/wp\/v2\/types\/post"}],"author":[{"embeddable":true,"href":"https:\/\/dziedzictwopolonii.pl\/portal\/wp-json\/wp\/v2\/users\/4"}],"replies":[{"embeddable":true,"href":"https:\/\/dziedzictwopolonii.pl\/portal\/wp-json\/wp\/v2\/comments?post=3626"}],"version-history":[{"count":1,"href":"https:\/\/dziedzictwopolonii.pl\/portal\/wp-json\/wp\/v2\/posts\/3626\/revisions"}],"predecessor-version":[{"id":3627,"href":"https:\/\/dziedzictwopolonii.pl\/portal\/wp-json\/wp\/v2\/posts\/3626\/revisions\/3627"}],"wp:featuredmedia":[{"embeddable":true,"href":"https:\/\/dziedzictwopolonii.pl\/portal\/wp-json\/wp\/v2\/media\/2515"}],"wp:attachment":[{"href":"https:\/\/dziedzictwopolonii.pl\/portal\/wp-json\/wp\/v2\/media?parent=3626"}],"wp:term":[{"taxonomy":"category","embeddable":true,"href":"https:\/\/dziedzictwopolonii.pl\/portal\/wp-json\/wp\/v2\/categories?post=3626"},{"taxonomy":"post_tag","embeddable":true,"href":"https:\/\/dziedzictwopolonii.pl\/portal\/wp-json\/wp\/v2\/tags?post=3626"}],"curies":[{"name":"wp","href":"https:\/\/api.w.org\/{rel}","templated":true}]}}