{"id":3620,"date":"2022-12-21T20:01:37","date_gmt":"2022-12-21T19:01:37","guid":{"rendered":"http:\/\/yanh.pl\/dev\/srbnp\/?p=3620"},"modified":"2023-01-27T10:02:03","modified_gmt":"2023-01-27T09:02:03","slug":"buzek-jan","status":"publish","type":"post","link":"https:\/\/dziedzictwopolonii.pl\/portal\/buzek-jan\/","title":{"rendered":"Buzek Jan"},"content":{"rendered":"<div class=\"pdfprnt-buttons pdfprnt-buttons-post pdfprnt-top-right\"><a href=\"https:\/\/dziedzictwopolonii.pl\/portal\/wp-json\/wp\/v2\/posts\/3620?print=pdf\" class=\"pdfprnt-button pdfprnt-button-pdf\" target=\"_blank\"><img decoding=\"async\" src=\"http:\/\/dziedzictwopolonii.pl\/portal\/wp-content\/plugins\/pdf-print\/images\/pdf.png\" alt=\"image_pdf\" title=\"Download PDF\" \/><span class=\"pdfprnt-button-title pdfprnt-button-pdf-title\">POBIERZ PDF<\/span><\/a><a href=\"https:\/\/dziedzictwopolonii.pl\/portal\/wp-json\/wp\/v2\/posts\/3620?print=print\" class=\"pdfprnt-button pdfprnt-button-print\" target=\"_blank\"><img decoding=\"async\" src=\"http:\/\/dziedzictwopolonii.pl\/portal\/wp-content\/plugins\/pdf-print\/images\/print.png\" alt=\"image_print\" title=\"Print Content\" \/><\/a><\/div><p>Ur. <span>w 1874 roku, w Konska, w Czechach, zm. w 1940 roku, w Dachau, w Niemczech, lekarz og\u00f3lny, dzia\u0142acz narodowy. Przewodnicz\u0105cy Zwi\u0105zku Harcerstwa Polskiego w Czechos\u0142owacji; wiceprezes Rady Naczelnej Zwi\u0105zku Polak\u00f3w w Czechos\u0142owacji. Dzia\u0142acz Stronnictwa Ludowego. W latach 1929-1935 pose\u0142 do czechos\u0142owackiego Zgromadzenia Narodowego w Pradze (wsp\u00f3lna lista organizacji polskich, \u015al\u0105skiej Partii ludowej i <\/span><a href=\"https:\/\/pl.wikipedia.org\/wiki\/Polska_Socjalistyczna_Partia_Robotnicza\"><span>polskich socjalist\u00f3w<\/span><\/a><span>). Aresztowany w kwietniu 1940 roku przez niemieckich okupant\u00f3w; zosta\u0142 osadzony w obozie koncentracyjnym w <\/span><a href=\"https:\/\/pl.wikipedia.org\/wiki\/Dachau\"><span>Dachau<\/span><\/a><span>, gdzie zmar\u0142.\u00a0<\/span><\/p>\n","protected":false},"excerpt":{"rendered":"<p>Ur. w 1874 roku, w Konska, w Czechach, zm. w 1940 roku, w Dachau, w Niemczech, lekarz og\u00f3lny, dzia\u0142acz narodowy. Przewodnicz\u0105cy Zwi\u0105zku Harcerstwa Polskiego w Czechos\u0142owacji; wiceprezes Rady Naczelnej Zwi\u0105zku Polak\u00f3w w Czechos\u0142owacji. Dzia\u0142acz Stronnictwa Ludowego. W latach 1929-1935 pose\u0142 do czechos\u0142owackiego Zgromadzenia Narodowego w Pradze (wsp\u00f3lna lista organizacji polskich, \u015al\u0105skiej Partii ludowej i [&hellip;]<\/p>\n","protected":false},"author":4,"featured_media":3588,"comment_status":"closed","ping_status":"closed","sticky":false,"template":"","format":"standard","meta":{"_mi_skip_tracking":false,"footnotes":""},"categories":[72],"tags":[],"class_list":["post-3620","post","type-post","status-publish","format-standard","has-post-thumbnail","hentry","category-lekarze"],"_links":{"self":[{"href":"https:\/\/dziedzictwopolonii.pl\/portal\/wp-json\/wp\/v2\/posts\/3620","targetHints":{"allow":["GET"]}}],"collection":[{"href":"https:\/\/dziedzictwopolonii.pl\/portal\/wp-json\/wp\/v2\/posts"}],"about":[{"href":"https:\/\/dziedzictwopolonii.pl\/portal\/wp-json\/wp\/v2\/types\/post"}],"author":[{"embeddable":true,"href":"https:\/\/dziedzictwopolonii.pl\/portal\/wp-json\/wp\/v2\/users\/4"}],"replies":[{"embeddable":true,"href":"https:\/\/dziedzictwopolonii.pl\/portal\/wp-json\/wp\/v2\/comments?post=3620"}],"version-history":[{"count":1,"href":"https:\/\/dziedzictwopolonii.pl\/portal\/wp-json\/wp\/v2\/posts\/3620\/revisions"}],"predecessor-version":[{"id":3621,"href":"https:\/\/dziedzictwopolonii.pl\/portal\/wp-json\/wp\/v2\/posts\/3620\/revisions\/3621"}],"wp:featuredmedia":[{"embeddable":true,"href":"https:\/\/dziedzictwopolonii.pl\/portal\/wp-json\/wp\/v2\/media\/3588"}],"wp:attachment":[{"href":"https:\/\/dziedzictwopolonii.pl\/portal\/wp-json\/wp\/v2\/media?parent=3620"}],"wp:term":[{"taxonomy":"category","embeddable":true,"href":"https:\/\/dziedzictwopolonii.pl\/portal\/wp-json\/wp\/v2\/categories?post=3620"},{"taxonomy":"post_tag","embeddable":true,"href":"https:\/\/dziedzictwopolonii.pl\/portal\/wp-json\/wp\/v2\/tags?post=3620"}],"curies":[{"name":"wp","href":"https:\/\/api.w.org\/{rel}","templated":true}]}}