{"id":3618,"date":"2022-12-21T20:00:22","date_gmt":"2022-12-21T19:00:22","guid":{"rendered":"http:\/\/yanh.pl\/dev\/srbnp\/?p=3618"},"modified":"2023-01-27T10:02:03","modified_gmt":"2023-01-27T09:02:03","slug":"burba-aleksander","status":"publish","type":"post","link":"https:\/\/dziedzictwopolonii.pl\/portal\/burba-aleksander\/","title":{"rendered":"Burba Aleksander"},"content":{"rendered":"<div class=\"pdfprnt-buttons pdfprnt-buttons-post pdfprnt-top-right\"><a href=\"https:\/\/dziedzictwopolonii.pl\/portal\/wp-json\/wp\/v2\/posts\/3618?print=pdf\" class=\"pdfprnt-button pdfprnt-button-pdf\" target=\"_blank\"><img decoding=\"async\" src=\"http:\/\/dziedzictwopolonii.pl\/portal\/wp-content\/plugins\/pdf-print\/images\/pdf.png\" alt=\"image_pdf\" title=\"Download PDF\" \/><span class=\"pdfprnt-button-title pdfprnt-button-pdf-title\">POBIERZ PDF<\/span><\/a><a href=\"https:\/\/dziedzictwopolonii.pl\/portal\/wp-json\/wp\/v2\/posts\/3618?print=print\" class=\"pdfprnt-button pdfprnt-button-print\" target=\"_blank\"><img decoding=\"async\" src=\"http:\/\/dziedzictwopolonii.pl\/portal\/wp-content\/plugins\/pdf-print\/images\/print.png\" alt=\"image_print\" title=\"Print Content\" \/><\/a><\/div><p><span style=\"font-weight: 400\">(Ur. w 1800 w Antonowo, na \u017bmudzi, zm. w 1877 r., w Juvisy, we Francji), lekarz og\u00f3lny. Studia medyczne uko\u0144czy\u0142 na Uniwersytecie Wile\u0144skim. Przedstawiciel Wielkiej Emigracji, do Francji przyby\u0142 w 1832 roku. Na co dzie\u0144\u00a0 zajmowa\u0142 si\u0119 medycyn\u0105. Mieszka\u0142, m.in. w Honfleur (1834-1835) i w Montpellier (1837-1847). W latach 1860-1865 bibliotekarz w Bibliotece Szko\u0142y Polskiej w Pary\u017cu. Cz\u0142onek Polskiego Towarzystwa Demokratycznego.<\/span><\/p>\n","protected":false},"excerpt":{"rendered":"<p>(Ur. w 1800 w Antonowo, na \u017bmudzi, zm. w 1877 r., w Juvisy, we Francji), lekarz og\u00f3lny. Studia medyczne uko\u0144czy\u0142 na Uniwersytecie Wile\u0144skim. Przedstawiciel Wielkiej Emigracji, do Francji przyby\u0142 w 1832 roku. Na co dzie\u0144\u00a0 zajmowa\u0142 si\u0119 medycyn\u0105. Mieszka\u0142, m.in. w Honfleur (1834-1835) i w Montpellier (1837-1847). W latach 1860-1865 bibliotekarz w Bibliotece Szko\u0142y [&hellip;]<\/p>\n","protected":false},"author":4,"featured_media":3588,"comment_status":"closed","ping_status":"closed","sticky":false,"template":"","format":"standard","meta":{"_mi_skip_tracking":false,"footnotes":""},"categories":[72],"tags":[],"class_list":["post-3618","post","type-post","status-publish","format-standard","has-post-thumbnail","hentry","category-lekarze"],"_links":{"self":[{"href":"https:\/\/dziedzictwopolonii.pl\/portal\/wp-json\/wp\/v2\/posts\/3618","targetHints":{"allow":["GET"]}}],"collection":[{"href":"https:\/\/dziedzictwopolonii.pl\/portal\/wp-json\/wp\/v2\/posts"}],"about":[{"href":"https:\/\/dziedzictwopolonii.pl\/portal\/wp-json\/wp\/v2\/types\/post"}],"author":[{"embeddable":true,"href":"https:\/\/dziedzictwopolonii.pl\/portal\/wp-json\/wp\/v2\/users\/4"}],"replies":[{"embeddable":true,"href":"https:\/\/dziedzictwopolonii.pl\/portal\/wp-json\/wp\/v2\/comments?post=3618"}],"version-history":[{"count":1,"href":"https:\/\/dziedzictwopolonii.pl\/portal\/wp-json\/wp\/v2\/posts\/3618\/revisions"}],"predecessor-version":[{"id":3619,"href":"https:\/\/dziedzictwopolonii.pl\/portal\/wp-json\/wp\/v2\/posts\/3618\/revisions\/3619"}],"wp:featuredmedia":[{"embeddable":true,"href":"https:\/\/dziedzictwopolonii.pl\/portal\/wp-json\/wp\/v2\/media\/3588"}],"wp:attachment":[{"href":"https:\/\/dziedzictwopolonii.pl\/portal\/wp-json\/wp\/v2\/media?parent=3618"}],"wp:term":[{"taxonomy":"category","embeddable":true,"href":"https:\/\/dziedzictwopolonii.pl\/portal\/wp-json\/wp\/v2\/categories?post=3618"},{"taxonomy":"post_tag","embeddable":true,"href":"https:\/\/dziedzictwopolonii.pl\/portal\/wp-json\/wp\/v2\/tags?post=3618"}],"curies":[{"name":"wp","href":"https:\/\/api.w.org\/{rel}","templated":true}]}}