{"id":3616,"date":"2022-12-21T19:59:26","date_gmt":"2022-12-21T18:59:26","guid":{"rendered":"http:\/\/yanh.pl\/dev\/srbnp\/?p=3616"},"modified":"2023-01-27T10:02:03","modified_gmt":"2023-01-27T09:02:03","slug":"bukojemski-august","status":"publish","type":"post","link":"https:\/\/dziedzictwopolonii.pl\/portal\/bukojemski-august\/","title":{"rendered":"Bukojemski August"},"content":{"rendered":"<div class=\"pdfprnt-buttons pdfprnt-buttons-post pdfprnt-top-right\"><a href=\"https:\/\/dziedzictwopolonii.pl\/portal\/wp-json\/wp\/v2\/posts\/3616?print=pdf\" class=\"pdfprnt-button pdfprnt-button-pdf\" target=\"_blank\"><img decoding=\"async\" src=\"http:\/\/dziedzictwopolonii.pl\/portal\/wp-content\/plugins\/pdf-print\/images\/pdf.png\" alt=\"image_pdf\" title=\"Download PDF\" \/><span class=\"pdfprnt-button-title pdfprnt-button-pdf-title\">POBIERZ PDF<\/span><\/a><a href=\"https:\/\/dziedzictwopolonii.pl\/portal\/wp-json\/wp\/v2\/posts\/3616?print=print\" class=\"pdfprnt-button pdfprnt-button-print\" target=\"_blank\"><img decoding=\"async\" src=\"http:\/\/dziedzictwopolonii.pl\/portal\/wp-content\/plugins\/pdf-print\/images\/print.png\" alt=\"image_print\" title=\"Print Content\" \/><\/a><\/div><p><span style=\"font-weight: 400\">(ur. w 1814 roku, we wsi Kopestrzyn, pow. jampolski, na Podolu, zm. we Francji, po 1891 roku), lekarz og\u00f3lny. Przedstawiciel Wielkiej Emigracji. Do Francji przyby\u0142 ok. 1832 roku. Studia medyczne uko\u0144czy\u0142 na uniwersytecie w Montpellier, tu tak\u017ce obroni\u0142 doktorat. W 1845 roku pracowa\u0142 jako lekarz w garnizonie i w obozie wi\u0119\u017ani\u00f3w arabskich w forcie Sainte-Marguerite. Prowadzi\u0142 te\u017c prywatn\u0105 praktyk\u0119 lekarsk\u0105 w Lorgues i w Tulonie. Cz\u0142onek Towarzystwa Demokratycznego Polskiego.<\/span><\/p>\n<p>&nbsp;<\/p>\n","protected":false},"excerpt":{"rendered":"<p>(ur. w 1814 roku, we wsi Kopestrzyn, pow. jampolski, na Podolu, zm. we Francji, po 1891 roku), lekarz og\u00f3lny. Przedstawiciel Wielkiej Emigracji. Do Francji przyby\u0142 ok. 1832 roku. Studia medyczne uko\u0144czy\u0142 na uniwersytecie w Montpellier, tu tak\u017ce obroni\u0142 doktorat. W 1845 roku pracowa\u0142 jako lekarz w garnizonie i w obozie wi\u0119\u017ani\u00f3w arabskich w forcie [&hellip;]<\/p>\n","protected":false},"author":4,"featured_media":3588,"comment_status":"closed","ping_status":"closed","sticky":false,"template":"","format":"standard","meta":{"_mi_skip_tracking":false,"footnotes":""},"categories":[72],"tags":[],"class_list":["post-3616","post","type-post","status-publish","format-standard","has-post-thumbnail","hentry","category-lekarze"],"_links":{"self":[{"href":"https:\/\/dziedzictwopolonii.pl\/portal\/wp-json\/wp\/v2\/posts\/3616","targetHints":{"allow":["GET"]}}],"collection":[{"href":"https:\/\/dziedzictwopolonii.pl\/portal\/wp-json\/wp\/v2\/posts"}],"about":[{"href":"https:\/\/dziedzictwopolonii.pl\/portal\/wp-json\/wp\/v2\/types\/post"}],"author":[{"embeddable":true,"href":"https:\/\/dziedzictwopolonii.pl\/portal\/wp-json\/wp\/v2\/users\/4"}],"replies":[{"embeddable":true,"href":"https:\/\/dziedzictwopolonii.pl\/portal\/wp-json\/wp\/v2\/comments?post=3616"}],"version-history":[{"count":1,"href":"https:\/\/dziedzictwopolonii.pl\/portal\/wp-json\/wp\/v2\/posts\/3616\/revisions"}],"predecessor-version":[{"id":3617,"href":"https:\/\/dziedzictwopolonii.pl\/portal\/wp-json\/wp\/v2\/posts\/3616\/revisions\/3617"}],"wp:featuredmedia":[{"embeddable":true,"href":"https:\/\/dziedzictwopolonii.pl\/portal\/wp-json\/wp\/v2\/media\/3588"}],"wp:attachment":[{"href":"https:\/\/dziedzictwopolonii.pl\/portal\/wp-json\/wp\/v2\/media?parent=3616"}],"wp:term":[{"taxonomy":"category","embeddable":true,"href":"https:\/\/dziedzictwopolonii.pl\/portal\/wp-json\/wp\/v2\/categories?post=3616"},{"taxonomy":"post_tag","embeddable":true,"href":"https:\/\/dziedzictwopolonii.pl\/portal\/wp-json\/wp\/v2\/tags?post=3616"}],"curies":[{"name":"wp","href":"https:\/\/api.w.org\/{rel}","templated":true}]}}