{"id":3601,"date":"2022-12-21T19:50:01","date_gmt":"2022-12-21T18:50:01","guid":{"rendered":"http:\/\/yanh.pl\/dev\/srbnp\/?p=3601"},"modified":"2023-01-27T10:02:03","modified_gmt":"2023-01-27T09:02:03","slug":"benni-karol","status":"publish","type":"post","link":"https:\/\/dziedzictwopolonii.pl\/portal\/benni-karol\/","title":{"rendered":"Benni Karol"},"content":{"rendered":"<div class=\"pdfprnt-buttons pdfprnt-buttons-post pdfprnt-top-right\"><a href=\"https:\/\/dziedzictwopolonii.pl\/portal\/wp-json\/wp\/v2\/posts\/3601?print=pdf\" class=\"pdfprnt-button pdfprnt-button-pdf\" target=\"_blank\"><img decoding=\"async\" src=\"http:\/\/dziedzictwopolonii.pl\/portal\/wp-content\/plugins\/pdf-print\/images\/pdf.png\" alt=\"image_pdf\" title=\"Download PDF\" \/><span class=\"pdfprnt-button-title pdfprnt-button-pdf-title\">POBIERZ PDF<\/span><\/a><a href=\"https:\/\/dziedzictwopolonii.pl\/portal\/wp-json\/wp\/v2\/posts\/3601?print=print\" class=\"pdfprnt-button pdfprnt-button-print\" target=\"_blank\"><img decoding=\"async\" src=\"http:\/\/dziedzictwopolonii.pl\/portal\/wp-content\/plugins\/pdf-print\/images\/print.png\" alt=\"image_print\" title=\"Print Content\" \/><\/a><\/div><p><span style=\"font-weight: 400\">(Ur. 31 marca 1843 r., w Tomaszowie Mazowieckim, zm. 20 lutego 1916 r., w Warszawie), lekarz\u00a0 laryngolog. Studia medyczne uko\u0144czy\u0142 i doktorat uzyska\u0142 na Uniwersytecie Paryskim. Bra\u0142 udzia\u0142 w Powstaniu Styczniowym. W latach 1865-1867 pracowa\u0142 jako lekarz w klinice profesora J.M. Charocota w Salp<\/span><span style=\"font-weight: 400\">\uf04c<\/span><span style=\"font-weight: 400\">tri\u00e9re. W 1867 r. powr\u00f3ci\u0142 do Warszawy, gdzie m.in. organizowa\u0142 (wsp\u00f3lnie z Stanis\u0142awem Kronenbergiem) pomoc dla rodzin powsta\u0144czych, a tak\u017ce dla zes\u0142a\u0144c\u00f3w, kt\u00f3rym uda\u0142o si\u0119 z zes\u0142ania powr\u00f3ci\u0107. W 1877 roku, podczas pobytu w Stanach Zjednoczonych, odkry\u0142 orygina\u0142 testamentu napisanego (w\u0142asnor\u0119cznie) przez Tadeusza Ko\u015bciuszk\u0119, kt\u00f3ry przet\u0142umaczy\u0142 i og\u0142osi\u0142 w \u201eK\u0142osach\u201d.<\/span><\/p>\n<p><em><span style=\"font-weight: 400\">\u0179r\u00f3d\u0142o: Z. A. Judycki, Lekarze polskiego pochodzenia w \u015bwiecie, Kielce 2020.<\/span><\/em><\/p>\n","protected":false},"excerpt":{"rendered":"<p>(Ur. 31 marca 1843 r., w Tomaszowie Mazowieckim, zm. 20 lutego 1916 r., w Warszawie), lekarz\u00a0 laryngolog. Studia medyczne uko\u0144czy\u0142 i doktorat uzyska\u0142 na Uniwersytecie Paryskim. Bra\u0142 udzia\u0142 w Powstaniu Styczniowym. W latach 1865-1867 pracowa\u0142 jako lekarz w klinice profesora J.M. Charocota w Salp\uf04ctri\u00e9re. W 1867 r. powr\u00f3ci\u0142 do Warszawy, gdzie m.in. organizowa\u0142 (wsp\u00f3lnie [&hellip;]<\/p>\n","protected":false},"author":4,"featured_media":3588,"comment_status":"closed","ping_status":"closed","sticky":false,"template":"","format":"standard","meta":{"_mi_skip_tracking":false,"footnotes":""},"categories":[72],"tags":[],"class_list":["post-3601","post","type-post","status-publish","format-standard","has-post-thumbnail","hentry","category-lekarze"],"_links":{"self":[{"href":"https:\/\/dziedzictwopolonii.pl\/portal\/wp-json\/wp\/v2\/posts\/3601","targetHints":{"allow":["GET"]}}],"collection":[{"href":"https:\/\/dziedzictwopolonii.pl\/portal\/wp-json\/wp\/v2\/posts"}],"about":[{"href":"https:\/\/dziedzictwopolonii.pl\/portal\/wp-json\/wp\/v2\/types\/post"}],"author":[{"embeddable":true,"href":"https:\/\/dziedzictwopolonii.pl\/portal\/wp-json\/wp\/v2\/users\/4"}],"replies":[{"embeddable":true,"href":"https:\/\/dziedzictwopolonii.pl\/portal\/wp-json\/wp\/v2\/comments?post=3601"}],"version-history":[{"count":1,"href":"https:\/\/dziedzictwopolonii.pl\/portal\/wp-json\/wp\/v2\/posts\/3601\/revisions"}],"predecessor-version":[{"id":3602,"href":"https:\/\/dziedzictwopolonii.pl\/portal\/wp-json\/wp\/v2\/posts\/3601\/revisions\/3602"}],"wp:featuredmedia":[{"embeddable":true,"href":"https:\/\/dziedzictwopolonii.pl\/portal\/wp-json\/wp\/v2\/media\/3588"}],"wp:attachment":[{"href":"https:\/\/dziedzictwopolonii.pl\/portal\/wp-json\/wp\/v2\/media?parent=3601"}],"wp:term":[{"taxonomy":"category","embeddable":true,"href":"https:\/\/dziedzictwopolonii.pl\/portal\/wp-json\/wp\/v2\/categories?post=3601"},{"taxonomy":"post_tag","embeddable":true,"href":"https:\/\/dziedzictwopolonii.pl\/portal\/wp-json\/wp\/v2\/tags?post=3601"}],"curies":[{"name":"wp","href":"https:\/\/api.w.org\/{rel}","templated":true}]}}