{"id":3597,"date":"2022-12-21T19:46:34","date_gmt":"2022-12-21T18:46:34","guid":{"rendered":"http:\/\/yanh.pl\/dev\/srbnp\/?p=3597"},"modified":"2023-01-27T10:02:03","modified_gmt":"2023-01-27T09:02:03","slug":"bacewicz-antoni-ludwik","status":"publish","type":"post","link":"https:\/\/dziedzictwopolonii.pl\/portal\/bacewicz-antoni-ludwik\/","title":{"rendered":"Bacewicz Antoni Ludwik"},"content":{"rendered":"<div class=\"pdfprnt-buttons pdfprnt-buttons-post pdfprnt-top-right\"><a href=\"https:\/\/dziedzictwopolonii.pl\/portal\/wp-json\/wp\/v2\/posts\/3597?print=pdf\" class=\"pdfprnt-button pdfprnt-button-pdf\" target=\"_blank\"><img decoding=\"async\" src=\"http:\/\/dziedzictwopolonii.pl\/portal\/wp-content\/plugins\/pdf-print\/images\/pdf.png\" alt=\"image_pdf\" title=\"Download PDF\" \/><span class=\"pdfprnt-button-title pdfprnt-button-pdf-title\">POBIERZ PDF<\/span><\/a><a href=\"https:\/\/dziedzictwopolonii.pl\/portal\/wp-json\/wp\/v2\/posts\/3597?print=print\" class=\"pdfprnt-button pdfprnt-button-print\" target=\"_blank\"><img decoding=\"async\" src=\"http:\/\/dziedzictwopolonii.pl\/portal\/wp-content\/plugins\/pdf-print\/images\/print.png\" alt=\"image_print\" title=\"Print Content\" \/><\/a><\/div><p><span style=\"font-weight: 400\">(Ur. w 1810 r., w Lublinie, zm. w 1845 r., w Courcelles-Chaussy, dep. Moselle, we Francji), lekarz og\u00f3lny. We Francji od 1832 r. Studia medyczne uko\u0144czy\u0142 na uniwersytecie w Montpellier. Prowadzi\u0142 prywatn\u0105 praktyk\u0119 lekarsk\u0105 w Montpellier, Metzu i Courcelles-Chaussy. Uczestnik akcji zwalczania epidemii cholery we Francji. Cz\u0142onek Towarzystwa Demokratycznego Polskiego.<\/span><\/p>\n<p><em><span style=\"font-weight: 400\">\u0179r\u00f3d\u0142o: Z. A. Judycki, Lekarze polskiego pochodzenia w \u015bwiecie, Kielce 2020.<\/span><\/em><\/p>\n","protected":false},"excerpt":{"rendered":"<p>(Ur. w 1810 r., w Lublinie, zm. w 1845 r., w Courcelles-Chaussy, dep. Moselle, we Francji), lekarz og\u00f3lny. We Francji od 1832 r. Studia medyczne uko\u0144czy\u0142 na uniwersytecie w Montpellier. Prowadzi\u0142 prywatn\u0105 praktyk\u0119 lekarsk\u0105 w Montpellier, Metzu i Courcelles-Chaussy. Uczestnik akcji zwalczania epidemii cholery we Francji. Cz\u0142onek Towarzystwa Demokratycznego Polskiego. \u0179r\u00f3d\u0142o: Z. A. Judycki, [&hellip;]<\/p>\n","protected":false},"author":4,"featured_media":3588,"comment_status":"closed","ping_status":"closed","sticky":false,"template":"","format":"standard","meta":{"_mi_skip_tracking":false,"footnotes":""},"categories":[72],"tags":[],"class_list":["post-3597","post","type-post","status-publish","format-standard","has-post-thumbnail","hentry","category-lekarze"],"_links":{"self":[{"href":"https:\/\/dziedzictwopolonii.pl\/portal\/wp-json\/wp\/v2\/posts\/3597","targetHints":{"allow":["GET"]}}],"collection":[{"href":"https:\/\/dziedzictwopolonii.pl\/portal\/wp-json\/wp\/v2\/posts"}],"about":[{"href":"https:\/\/dziedzictwopolonii.pl\/portal\/wp-json\/wp\/v2\/types\/post"}],"author":[{"embeddable":true,"href":"https:\/\/dziedzictwopolonii.pl\/portal\/wp-json\/wp\/v2\/users\/4"}],"replies":[{"embeddable":true,"href":"https:\/\/dziedzictwopolonii.pl\/portal\/wp-json\/wp\/v2\/comments?post=3597"}],"version-history":[{"count":1,"href":"https:\/\/dziedzictwopolonii.pl\/portal\/wp-json\/wp\/v2\/posts\/3597\/revisions"}],"predecessor-version":[{"id":3598,"href":"https:\/\/dziedzictwopolonii.pl\/portal\/wp-json\/wp\/v2\/posts\/3597\/revisions\/3598"}],"wp:featuredmedia":[{"embeddable":true,"href":"https:\/\/dziedzictwopolonii.pl\/portal\/wp-json\/wp\/v2\/media\/3588"}],"wp:attachment":[{"href":"https:\/\/dziedzictwopolonii.pl\/portal\/wp-json\/wp\/v2\/media?parent=3597"}],"wp:term":[{"taxonomy":"category","embeddable":true,"href":"https:\/\/dziedzictwopolonii.pl\/portal\/wp-json\/wp\/v2\/categories?post=3597"},{"taxonomy":"post_tag","embeddable":true,"href":"https:\/\/dziedzictwopolonii.pl\/portal\/wp-json\/wp\/v2\/tags?post=3597"}],"curies":[{"name":"wp","href":"https:\/\/api.w.org\/{rel}","templated":true}]}}