{"id":3594,"date":"2022-12-21T19:44:33","date_gmt":"2022-12-21T18:44:33","guid":{"rendered":"http:\/\/yanh.pl\/dev\/srbnp\/?p=3594"},"modified":"2023-01-27T10:02:03","modified_gmt":"2023-01-27T09:02:03","slug":"babinski-jozef-franciszek","status":"publish","type":"post","link":"https:\/\/dziedzictwopolonii.pl\/portal\/babinski-jozef-franciszek\/","title":{"rendered":"Babi\u0144ski J\u00f3zef Franciszek"},"content":{"rendered":"<div class=\"pdfprnt-buttons pdfprnt-buttons-post pdfprnt-top-right\"><a href=\"https:\/\/dziedzictwopolonii.pl\/portal\/wp-json\/wp\/v2\/posts\/3594?print=pdf\" class=\"pdfprnt-button pdfprnt-button-pdf\" target=\"_blank\"><img decoding=\"async\" src=\"http:\/\/dziedzictwopolonii.pl\/portal\/wp-content\/plugins\/pdf-print\/images\/pdf.png\" alt=\"image_pdf\" title=\"Download PDF\" \/><span class=\"pdfprnt-button-title pdfprnt-button-pdf-title\">POBIERZ PDF<\/span><\/a><a href=\"https:\/\/dziedzictwopolonii.pl\/portal\/wp-json\/wp\/v2\/posts\/3594?print=print\" class=\"pdfprnt-button pdfprnt-button-print\" target=\"_blank\"><img decoding=\"async\" src=\"http:\/\/dziedzictwopolonii.pl\/portal\/wp-content\/plugins\/pdf-print\/images\/print.png\" alt=\"image_print\" title=\"Print Content\" \/><\/a><\/div><p><span style=\"font-weight: 400\">(Ur. w 1857 r. w Pary\u017cu, zm. w 1932 r. w Pary\u017cu), lekarz, tw\u00f3rca neurochirurgii francuskiej. Studia medyczne uko\u0144czy\u0142 na Uniwersytecie Paryskim (dyplom lekarza uzyska\u0142 w 1879 r.). Ordynator H\u00f4pital de la Piti\u00e9 w Pary\u017cu 1893-1932. By\u0142 wielkim semiologiem, kt\u00f3ry zbudowa\u0142 podwaliny wsp\u00f3\u0142czesnej neurologii organicznej. Z jego nazwiskiem zwi\u0105zanych jest kilka okre\u015ble\u0144 upami\u0119tniaj\u0105cych wk\u0142ad w nauk\u0119, m.in.; metoda Babi\u0144skiego wywo\u0142ywania odruchu z mi\u0119\u015bnia brzuchatego \u0142ydki; zesp\u00f3\u0142 Babi\u0144skiego (skojarzenie patologii mi\u0119\u015bnia sercowego i aorty w <\/span><a href=\"https:\/\/pl.wikipedia.org\/wiki\/Ki%C5%82a\"><span style=\"font-weight: 400\">kile III-rz\u0119dowej<\/span><\/a><span style=\"font-weight: 400\">); <\/span><a href=\"https:\/\/pl.wikipedia.org\/wiki\/Dystrofia_t%C5%82uszczowo-p%C5%82ciowa\"><span style=\"font-weight: 400\">zesp\u00f3\u0142 Babi\u0144skiego-Fr\u00f6hlicha<\/span><\/a><span style=\"font-weight: 400\"> (zesp\u00f3\u0142 zwyrodnienia t\u0142uszczowo-p\u0142ciowy w guzach przysadki). Wsp\u00f3\u0142za\u0142o\u017cyciel francuskiego Towarzystwa Neurologicznego 1898 (prezes 1907). Cz\u0142onek Akademii Medycyny w Pary\u017cu 1914. Uczestnik mi\u0119dzynarodowych kongres\u00f3w medycznych. Autor wielu artyku\u0142\u00f3w naukowych. Publikowa\u0142 m. in. w: \u201eRevue Neurologique\u201d, wyda\u0142 te\u017c 2 tomow\u0105 prac\u0119 <\/span><i><span style=\"font-weight: 400\">Expos\u00e9 des Travaux Scientifiques<\/span><\/i><span style=\"font-weight: 400\"> (Paris 1913).<\/span><\/p>\n<p><em><span style=\"font-weight: 400\">\u0179r\u00f3d\u0142o: Z. A. Judycki, Lekarze polskiego pochodzenia w \u015bwiecie, Kielce 2020.<\/span><\/em><\/p>\n","protected":false},"excerpt":{"rendered":"<p>(Ur. w 1857 r. w Pary\u017cu, zm. w 1932 r. w Pary\u017cu), lekarz, tw\u00f3rca neurochirurgii francuskiej. Studia medyczne uko\u0144czy\u0142 na Uniwersytecie Paryskim (dyplom lekarza uzyska\u0142 w 1879 r.). Ordynator H\u00f4pital de la Piti\u00e9 w Pary\u017cu 1893-1932. By\u0142 wielkim semiologiem, kt\u00f3ry zbudowa\u0142 podwaliny wsp\u00f3\u0142czesnej neurologii organicznej. Z jego nazwiskiem zwi\u0105zanych jest kilka okre\u015ble\u0144 upami\u0119tniaj\u0105cych wk\u0142ad [&hellip;]<\/p>\n","protected":false},"author":4,"featured_media":2508,"comment_status":"closed","ping_status":"closed","sticky":false,"template":"","format":"standard","meta":{"_mi_skip_tracking":false,"footnotes":""},"categories":[72],"tags":[],"class_list":["post-3594","post","type-post","status-publish","format-standard","has-post-thumbnail","hentry","category-lekarze"],"_links":{"self":[{"href":"https:\/\/dziedzictwopolonii.pl\/portal\/wp-json\/wp\/v2\/posts\/3594","targetHints":{"allow":["GET"]}}],"collection":[{"href":"https:\/\/dziedzictwopolonii.pl\/portal\/wp-json\/wp\/v2\/posts"}],"about":[{"href":"https:\/\/dziedzictwopolonii.pl\/portal\/wp-json\/wp\/v2\/types\/post"}],"author":[{"embeddable":true,"href":"https:\/\/dziedzictwopolonii.pl\/portal\/wp-json\/wp\/v2\/users\/4"}],"replies":[{"embeddable":true,"href":"https:\/\/dziedzictwopolonii.pl\/portal\/wp-json\/wp\/v2\/comments?post=3594"}],"version-history":[{"count":1,"href":"https:\/\/dziedzictwopolonii.pl\/portal\/wp-json\/wp\/v2\/posts\/3594\/revisions"}],"predecessor-version":[{"id":3595,"href":"https:\/\/dziedzictwopolonii.pl\/portal\/wp-json\/wp\/v2\/posts\/3594\/revisions\/3595"}],"wp:featuredmedia":[{"embeddable":true,"href":"https:\/\/dziedzictwopolonii.pl\/portal\/wp-json\/wp\/v2\/media\/2508"}],"wp:attachment":[{"href":"https:\/\/dziedzictwopolonii.pl\/portal\/wp-json\/wp\/v2\/media?parent=3594"}],"wp:term":[{"taxonomy":"category","embeddable":true,"href":"https:\/\/dziedzictwopolonii.pl\/portal\/wp-json\/wp\/v2\/categories?post=3594"},{"taxonomy":"post_tag","embeddable":true,"href":"https:\/\/dziedzictwopolonii.pl\/portal\/wp-json\/wp\/v2\/tags?post=3594"}],"curies":[{"name":"wp","href":"https:\/\/api.w.org\/{rel}","templated":true}]}}