{"id":3587,"date":"2022-12-21T19:35:16","date_gmt":"2022-12-21T18:35:16","guid":{"rendered":"http:\/\/yanh.pl\/dev\/srbnp\/?p=3587"},"modified":"2023-01-27T10:02:03","modified_gmt":"2023-01-27T09:02:03","slug":"adamowski-jozef-joachim","status":"publish","type":"post","link":"https:\/\/dziedzictwopolonii.pl\/portal\/adamowski-jozef-joachim\/","title":{"rendered":"Adamowski J\u00f3zef Joachim"},"content":{"rendered":"<div class=\"pdfprnt-buttons pdfprnt-buttons-post pdfprnt-top-right\"><a href=\"https:\/\/dziedzictwopolonii.pl\/portal\/wp-json\/wp\/v2\/posts\/3587?print=pdf\" class=\"pdfprnt-button pdfprnt-button-pdf\" target=\"_blank\"><img decoding=\"async\" src=\"http:\/\/dziedzictwopolonii.pl\/portal\/wp-content\/plugins\/pdf-print\/images\/pdf.png\" alt=\"image_pdf\" title=\"Download PDF\" \/><span class=\"pdfprnt-button-title pdfprnt-button-pdf-title\">POBIERZ PDF<\/span><\/a><a href=\"https:\/\/dziedzictwopolonii.pl\/portal\/wp-json\/wp\/v2\/posts\/3587?print=print\" class=\"pdfprnt-button pdfprnt-button-print\" target=\"_blank\"><img decoding=\"async\" src=\"http:\/\/dziedzictwopolonii.pl\/portal\/wp-content\/plugins\/pdf-print\/images\/print.png\" alt=\"image_print\" title=\"Print Content\" \/><\/a><\/div><p>Ur. w <span style=\"font-weight: 400\">1815 r. w Zab\u0142udowie (niedaleko Bia\u0142egostoku, zm. prawdopodobnie w 1862 roku); polski lekarz, spiskowiec i zes\u0142aniec. Studia medyczne rozpocz\u0105\u0142 w Akademii Medyko-Chirurgicznej w Wilnie, jednak\u017ce z powodu udzia\u0142u w spisu (zmierzaj\u0105cego do uwolnienia polskich wi\u0119\u017ani\u00f3w politycznych z carskich wi\u0119zie\u0144) i karnego zes\u0142ania na Syberi\u0119 (w 1841 roku) studi\u00f3w tych nie uko\u0144czy\u0142 (przerwa\u0142 je na trzecim roku). Kar\u0119 odbywa\u0142 w Tomsku, gdzie (pomimo braku formalnego wykszta\u0142cenia) pracowa\u0142 jako lekarz &#8211; opiekuj\u0105c si\u0119 najubo\u017cszymi. W 1858 roku obj\u0119ty zosta\u0142 amnesti\u0105, dzi\u0119ki czemu (ju\u017c w Petersburgu) doko\u0144czy\u0142 swoje studia medyczne. Wkr\u00f3tce, wsp\u00f3lnie z mieszkaj\u0105cymi w tym mie\u015bcie Polakami i rodakami z innych region\u00f3w zachodniej guberni, a tak\u017ce z Warszawy, za\u0142o\u017cy\u0142 kampani\u0119 przewoz\u00f3w statk\u00f3w. W 1860 roku uzyska\u0142 pozwolenie (koncesj\u0119) na prowadzenie takiej dzia\u0142alno\u015bci w dorzeczu rzeki Ob. Niestety zgin\u0105\u0142 w 1862 roku.\u00a0\u00a0<\/span><\/p>\n<p><em><span style=\"font-weight: 400\">\u0179r\u00f3d\u0142o: Z. A. Judycki, Lekarze polskiego pochodzenia w \u015bwiecie, Kielce, 2020; tak\u017ce: Z. J. W\u00f3jcik, Adamowski J\u00f3zef Joachim, w: S\u0142ownik biograficzny technik\u00f3w polskich, t. 23, praca pod red. J. Pi\u0142atowicza, Warszawa 2012, s. 7.<\/span><\/em><\/p>\n","protected":false},"excerpt":{"rendered":"<p>Ur. w 1815 r. w Zab\u0142udowie (niedaleko Bia\u0142egostoku, zm. prawdopodobnie w 1862 roku); polski lekarz, spiskowiec i zes\u0142aniec. Studia medyczne rozpocz\u0105\u0142 w Akademii Medyko-Chirurgicznej w Wilnie, jednak\u017ce z powodu udzia\u0142u w spisu (zmierzaj\u0105cego do uwolnienia polskich wi\u0119\u017ani\u00f3w politycznych z carskich wi\u0119zie\u0144) i karnego zes\u0142ania na Syberi\u0119 (w 1841 roku) studi\u00f3w tych nie uko\u0144czy\u0142 (przerwa\u0142 [&hellip;]<\/p>\n","protected":false},"author":4,"featured_media":3588,"comment_status":"closed","ping_status":"closed","sticky":false,"template":"","format":"standard","meta":{"_mi_skip_tracking":false,"footnotes":""},"categories":[72],"tags":[],"class_list":["post-3587","post","type-post","status-publish","format-standard","has-post-thumbnail","hentry","category-lekarze"],"_links":{"self":[{"href":"https:\/\/dziedzictwopolonii.pl\/portal\/wp-json\/wp\/v2\/posts\/3587","targetHints":{"allow":["GET"]}}],"collection":[{"href":"https:\/\/dziedzictwopolonii.pl\/portal\/wp-json\/wp\/v2\/posts"}],"about":[{"href":"https:\/\/dziedzictwopolonii.pl\/portal\/wp-json\/wp\/v2\/types\/post"}],"author":[{"embeddable":true,"href":"https:\/\/dziedzictwopolonii.pl\/portal\/wp-json\/wp\/v2\/users\/4"}],"replies":[{"embeddable":true,"href":"https:\/\/dziedzictwopolonii.pl\/portal\/wp-json\/wp\/v2\/comments?post=3587"}],"version-history":[{"count":2,"href":"https:\/\/dziedzictwopolonii.pl\/portal\/wp-json\/wp\/v2\/posts\/3587\/revisions"}],"predecessor-version":[{"id":3596,"href":"https:\/\/dziedzictwopolonii.pl\/portal\/wp-json\/wp\/v2\/posts\/3587\/revisions\/3596"}],"wp:featuredmedia":[{"embeddable":true,"href":"https:\/\/dziedzictwopolonii.pl\/portal\/wp-json\/wp\/v2\/media\/3588"}],"wp:attachment":[{"href":"https:\/\/dziedzictwopolonii.pl\/portal\/wp-json\/wp\/v2\/media?parent=3587"}],"wp:term":[{"taxonomy":"category","embeddable":true,"href":"https:\/\/dziedzictwopolonii.pl\/portal\/wp-json\/wp\/v2\/categories?post=3587"},{"taxonomy":"post_tag","embeddable":true,"href":"https:\/\/dziedzictwopolonii.pl\/portal\/wp-json\/wp\/v2\/tags?post=3587"}],"curies":[{"name":"wp","href":"https:\/\/api.w.org\/{rel}","templated":true}]}}