{"id":3571,"date":"2022-12-21T12:57:02","date_gmt":"2022-12-21T11:57:02","guid":{"rendered":"http:\/\/yanh.pl\/dev\/srbnp\/?p=3571"},"modified":"2023-01-27T10:02:03","modified_gmt":"2023-01-27T09:02:03","slug":"lekarze-1","status":"publish","type":"post","link":"https:\/\/dziedzictwopolonii.pl\/portal\/lekarze-1\/","title":{"rendered":"Lekarze polonijni &#8211; galeria portret\u00f3w autorstwa Tadeusza Kurka &#8211; cz\u0119\u015b\u0107 I"},"content":{"rendered":"<div class=\"pdfprnt-buttons pdfprnt-buttons-post pdfprnt-top-right\"><a href=\"https:\/\/dziedzictwopolonii.pl\/portal\/wp-json\/wp\/v2\/posts\/3571?print=pdf\" class=\"pdfprnt-button pdfprnt-button-pdf\" target=\"_blank\"><img decoding=\"async\" src=\"http:\/\/dziedzictwopolonii.pl\/portal\/wp-content\/plugins\/pdf-print\/images\/pdf.png\" alt=\"image_pdf\" title=\"Download PDF\" \/><span class=\"pdfprnt-button-title pdfprnt-button-pdf-title\">POBIERZ PDF<\/span><\/a><a href=\"https:\/\/dziedzictwopolonii.pl\/portal\/wp-json\/wp\/v2\/posts\/3571?print=print\" class=\"pdfprnt-button pdfprnt-button-print\" target=\"_blank\"><img decoding=\"async\" src=\"http:\/\/dziedzictwopolonii.pl\/portal\/wp-content\/plugins\/pdf-print\/images\/print.png\" alt=\"image_print\" title=\"Print Content\" \/><\/a><\/div><div class=\"rl-gallery-container rl-loading rl-pagination-infinite\" id=\"rl-gallery-container-1\" data-gallery_id=\"2956\"> <div class=\"rl-gallery-description\">Portrety naukowc\u00f3w polonijnych autorstwa artysty plastyka Tadeusza Kurka<\/div> <div class=\"rl-gallery rl-basicmasonry-gallery rl-hover-effect-5 rl-hover-icon-2\" id=\"rl-gallery-1\" data-gallery_no=\"1\"> <div class=\"rl-gutter-sizer\"><\/div><div class=\"rl-grid-sizer\"><\/div> <div class=\"rl-gallery-item rl-gallery-item-width-4\" > <div class=\"rl-gallery-item-content\"> <a href=\"https:\/\/dziedzictwopolonii.pl\/portal\/wp-content\/uploads\/2022\/12\/ADAMKIEWICZ-Albert-1.jpg\" title=\"ADAMKIEWICZ Albert\" data-rl_title=\"ADAMKIEWICZ Albert\" class=\"rl-gallery-link\" data-rl_caption=\"\" data-rel=\"lightbox-gallery-1\"><img loading=\"lazy\" decoding=\"async\" src=\"https:\/\/dziedzictwopolonii.pl\/portal\/wp-content\/uploads\/2022\/12\/ADAMKIEWICZ-Albert-1-470x313.jpg\" width=\"470\" height=\"313\" \/><span class=\"rl-gallery-caption\"><span class=\"rl-gallery-item-title\">ADAMKIEWICZ Albert<\/span><\/span><\/a> <\/div> <\/div> <div class=\"rl-gallery-item\" > <div class=\"rl-gallery-item-content\"> <a href=\"https:\/\/dziedzictwopolonii.pl\/portal\/wp-content\/uploads\/2022\/12\/ALEKSANDROWICZ-Jerzy-1.jpg\" title=\"ALEKSANDROWICZ Jerzy\" data-rl_title=\"ALEKSANDROWICZ Jerzy\" class=\"rl-gallery-link\" data-rl_caption=\"\" data-rel=\"lightbox-gallery-1\"><img loading=\"lazy\" decoding=\"async\" src=\"https:\/\/dziedzictwopolonii.pl\/portal\/wp-content\/uploads\/2022\/12\/ALEKSANDROWICZ-Jerzy-1-470x313.jpg\" width=\"470\" height=\"313\" \/><span class=\"rl-gallery-caption\"><span class=\"rl-gallery-item-title\">ALEKSANDROWICZ Jerzy<\/span><\/span><\/a> <\/div> <\/div> <div class=\"rl-gallery-item\" > <div class=\"rl-gallery-item-content\"> <a href=\"https:\/\/dziedzictwopolonii.pl\/portal\/wp-content\/uploads\/2022\/12\/ANIGSTEIN-Ludwik-1.jpg\" title=\"ANIGSTEIN Ludwik\" data-rl_title=\"ANIGSTEIN Ludwik\" class=\"rl-gallery-link\" data-rl_caption=\"\" data-rel=\"lightbox-gallery-1\"><img loading=\"lazy\" decoding=\"async\" src=\"https:\/\/dziedzictwopolonii.pl\/portal\/wp-content\/uploads\/2022\/12\/ANIGSTEIN-Ludwik-1-470x313.jpg\" width=\"470\" height=\"313\" \/><span class=\"rl-gallery-caption\"><span class=\"rl-gallery-item-title\">ANIGSTEIN Ludwik<\/span><\/span><\/a> <\/div> <\/div> <div class=\"rl-gallery-item\" > <div class=\"rl-gallery-item-content\"> <a href=\"https:\/\/dziedzictwopolonii.pl\/portal\/wp-content\/uploads\/2022\/12\/Antwerpia-1.jpg\" title=\"Antwerpia\" data-rl_title=\"Antwerpia\" class=\"rl-gallery-link\" data-rl_caption=\"\" data-rel=\"lightbox-gallery-1\"><img loading=\"lazy\" decoding=\"async\" src=\"https:\/\/dziedzictwopolonii.pl\/portal\/wp-content\/uploads\/2022\/12\/Antwerpia-1-470x313.jpg\" width=\"470\" height=\"313\" \/><span class=\"rl-gallery-caption\"><span class=\"rl-gallery-item-title\">Antwerpia<\/span><\/span><\/a> <\/div> <\/div> <div class=\"rl-gallery-item\" > <div class=\"rl-gallery-item-content\"> <a href=\"https:\/\/dziedzictwopolonii.pl\/portal\/wp-content\/uploads\/2022\/12\/BABINSKI-Jozef-1.jpg\" title=\"BABINSKI J\u00f3zef\" data-rl_title=\"BABINSKI J\u00f3zef\" class=\"rl-gallery-link\" data-rl_caption=\"\" data-rel=\"lightbox-gallery-1\"><img loading=\"lazy\" decoding=\"async\" src=\"https:\/\/dziedzictwopolonii.pl\/portal\/wp-content\/uploads\/2022\/12\/BABINSKI-Jozef-1-470x313.jpg\" width=\"470\" height=\"313\" \/><span class=\"rl-gallery-caption\"><span class=\"rl-gallery-item-title\">BABINSKI J\u00f3zef<\/span><\/span><\/a> <\/div> <\/div> <div class=\"rl-gallery-item\" > <div class=\"rl-gallery-item-content\"> <a href=\"https:\/\/dziedzictwopolonii.pl\/portal\/wp-content\/uploads\/2022\/12\/Balinski-Jan-2.jpg\" title=\"Bali\u0144ski Jan\" data-rl_title=\"Bali\u0144ski Jan\" class=\"rl-gallery-link\" data-rl_caption=\"\" data-rel=\"lightbox-gallery-1\"><img loading=\"lazy\" decoding=\"async\" src=\"https:\/\/dziedzictwopolonii.pl\/portal\/wp-content\/uploads\/2022\/12\/Balinski-Jan-2-470x313.jpg\" width=\"470\" height=\"313\" \/><span class=\"rl-gallery-caption\"><span class=\"rl-gallery-item-title\">Bali\u0144ski Jan<\/span><\/span><\/a> <\/div> <\/div> <div class=\"rl-gallery-item\" > <div class=\"rl-gallery-item-content\"> <a href=\"https:\/\/dziedzictwopolonii.pl\/portal\/wp-content\/uploads\/2022\/12\/BLENSKA-Wanda-1.jpg\" title=\"B\u0141E\u0143SKA Wanda\" data-rl_title=\"B\u0141E\u0143SKA Wanda\" class=\"rl-gallery-link\" data-rl_caption=\"\" data-rel=\"lightbox-gallery-1\"><img loading=\"lazy\" decoding=\"async\" src=\"https:\/\/dziedzictwopolonii.pl\/portal\/wp-content\/uploads\/2022\/12\/BLENSKA-Wanda-1-470x313.jpg\" width=\"470\" height=\"313\" \/><span class=\"rl-gallery-caption\"><span class=\"rl-gallery-item-title\">B\u0141E\u0143SKA Wanda<\/span><\/span><\/a> <\/div> <\/div> <div class=\"rl-gallery-item\" > <div class=\"rl-gallery-item-content\"> <a href=\"https:\/\/dziedzictwopolonii.pl\/portal\/wp-content\/uploads\/2022\/12\/BOSNIACKI-Zygmunt-1.jpg\" title=\"BOSNIACKI Zygmunt\" data-rl_title=\"BOSNIACKI Zygmunt\" class=\"rl-gallery-link\" data-rl_caption=\"\" data-rel=\"lightbox-gallery-1\"><img loading=\"lazy\" decoding=\"async\" src=\"https:\/\/dziedzictwopolonii.pl\/portal\/wp-content\/uploads\/2022\/12\/BOSNIACKI-Zygmunt-1-470x313.jpg\" width=\"470\" height=\"313\" \/><span class=\"rl-gallery-caption\"><span class=\"rl-gallery-item-title\">BOSNIACKI Zygmunt<\/span><\/span><\/a> <\/div> <\/div> <div class=\"rl-gallery-item\" > <div class=\"rl-gallery-item-content\"> <a href=\"https:\/\/dziedzictwopolonii.pl\/portal\/wp-content\/uploads\/2022\/12\/Budzinska-Tylicka-Justyna-1.jpg\" title=\"Budzi\u0144ska- Tylicka Justyna\" data-rl_title=\"Budzi\u0144ska- Tylicka Justyna\" class=\"rl-gallery-link\" data-rl_caption=\"\" data-rel=\"lightbox-gallery-1\"><img loading=\"lazy\" decoding=\"async\" src=\"https:\/\/dziedzictwopolonii.pl\/portal\/wp-content\/uploads\/2022\/12\/Budzinska-Tylicka-Justyna-1-470x313.jpg\" width=\"470\" height=\"313\" \/><span class=\"rl-gallery-caption\"><span class=\"rl-gallery-item-title\">Budzi\u0144ska- Tylicka Justyna<\/span><\/span><\/a> <\/div> <\/div> <div class=\"rl-gallery-item\" > <div class=\"rl-gallery-item-content\"> <a href=\"https:\/\/dziedzictwopolonii.pl\/portal\/wp-content\/uploads\/2022\/12\/BYLICA-MARCIN-z-OLkusza-1.jpg\" title=\"BYLICA MARCIN z OLkusza\" data-rl_title=\"BYLICA MARCIN z OLkusza\" class=\"rl-gallery-link\" data-rl_caption=\"\" data-rel=\"lightbox-gallery-1\"><img loading=\"lazy\" decoding=\"async\" src=\"https:\/\/dziedzictwopolonii.pl\/portal\/wp-content\/uploads\/2022\/12\/BYLICA-MARCIN-z-OLkusza-1-470x313.jpg\" width=\"470\" height=\"313\" \/><span class=\"rl-gallery-caption\"><span class=\"rl-gallery-item-title\">BYLICA MARCIN z OLkusza<\/span><\/span><\/a> <\/div> <\/div> <div class=\"rl-gallery-item\" > <div class=\"rl-gallery-item-content\"> <a href=\"https:\/\/dziedzictwopolonii.pl\/portal\/wp-content\/uploads\/2022\/12\/BYTHNER-Wiktoryn-2.jpg\" title=\"BYTHNER Wiktoryn\" data-rl_title=\"BYTHNER Wiktoryn\" class=\"rl-gallery-link\" data-rl_caption=\"\" data-rel=\"lightbox-gallery-1\"><img loading=\"lazy\" decoding=\"async\" src=\"https:\/\/dziedzictwopolonii.pl\/portal\/wp-content\/uploads\/2022\/12\/BYTHNER-Wiktoryn-2-470x313.jpg\" width=\"470\" height=\"313\" \/><span class=\"rl-gallery-caption\"><span class=\"rl-gallery-item-title\">BYTHNER Wiktoryn<\/span><\/span><\/a> <\/div> <\/div> <div class=\"rl-gallery-item\" > <div class=\"rl-gallery-item-content\"> <a href=\"https:\/\/dziedzictwopolonii.pl\/portal\/wp-content\/uploads\/2022\/12\/CHLAPOWSKI-Franciszek-1.jpg\" title=\"CH\u0141APOWSKI Franciszek\" data-rl_title=\"CH\u0141APOWSKI Franciszek\" class=\"rl-gallery-link\" data-rl_caption=\"\" data-rel=\"lightbox-gallery-1\"><img loading=\"lazy\" decoding=\"async\" src=\"https:\/\/dziedzictwopolonii.pl\/portal\/wp-content\/uploads\/2022\/12\/CHLAPOWSKI-Franciszek-1-470x313.jpg\" width=\"470\" height=\"313\" \/><span class=\"rl-gallery-caption\"><span class=\"rl-gallery-item-title\">CH\u0141APOWSKI Franciszek<\/span><\/span><\/a> <\/div> <\/div> <div class=\"rl-gallery-item\" > <div class=\"rl-gallery-item-content\"> <a href=\"https:\/\/dziedzictwopolonii.pl\/portal\/wp-content\/uploads\/2022\/12\/CHMIELECKI-Marcin-1.jpg\" title=\"CHMIELECKI Marcin\" data-rl_title=\"CHMIELECKI Marcin\" class=\"rl-gallery-link\" data-rl_caption=\"\" data-rel=\"lightbox-gallery-1\"><img loading=\"lazy\" decoding=\"async\" src=\"https:\/\/dziedzictwopolonii.pl\/portal\/wp-content\/uploads\/2022\/12\/CHMIELECKI-Marcin-1-470x313.jpg\" width=\"470\" height=\"313\" \/><span class=\"rl-gallery-caption\"><span class=\"rl-gallery-item-title\">CHMIELECKI Marcin<\/span><\/span><\/a> <\/div> <\/div> <div class=\"rl-gallery-item\" > <div class=\"rl-gallery-item-content\"> <a href=\"https:\/\/dziedzictwopolonii.pl\/portal\/wp-content\/uploads\/2022\/12\/CHURG-Jacob-2.jpg\" title=\"CHURG Jacob\" data-rl_title=\"CHURG Jacob\" class=\"rl-gallery-link\" data-rl_caption=\"\" data-rel=\"lightbox-gallery-1\"><img loading=\"lazy\" decoding=\"async\" src=\"https:\/\/dziedzictwopolonii.pl\/portal\/wp-content\/uploads\/2022\/12\/CHURG-Jacob-2-470x313.jpg\" width=\"470\" height=\"313\" \/><span class=\"rl-gallery-caption\"><span class=\"rl-gallery-item-title\">CHURG Jacob<\/span><\/span><\/a> <\/div> <\/div> <div class=\"rl-gallery-item\" > <div class=\"rl-gallery-item-content\"> <a href=\"https:\/\/dziedzictwopolonii.pl\/portal\/wp-content\/uploads\/2022\/12\/CZECZOTT-Otton-2.jpg\" title=\"CZECZOTT Otton\" data-rl_title=\"CZECZOTT Otton\" class=\"rl-gallery-link\" data-rl_caption=\"\" data-rel=\"lightbox-gallery-1\"><img loading=\"lazy\" decoding=\"async\" src=\"https:\/\/dziedzictwopolonii.pl\/portal\/wp-content\/uploads\/2022\/12\/CZECZOTT-Otton-2-470x313.jpg\" width=\"470\" height=\"313\" \/><span class=\"rl-gallery-caption\"><span class=\"rl-gallery-item-title\">CZECZOTT Otton<\/span><\/span><\/a> <\/div> <\/div> <div class=\"rl-gallery-item\" > <div class=\"rl-gallery-item-content\"> <a href=\"https:\/\/dziedzictwopolonii.pl\/portal\/wp-content\/uploads\/2022\/12\/EINHORN-Jerzy-2.jpg\" title=\"EINHORN Jerzy\" data-rl_title=\"EINHORN Jerzy\" class=\"rl-gallery-link\" data-rl_caption=\"\" data-rel=\"lightbox-gallery-1\"><img loading=\"lazy\" decoding=\"async\" src=\"https:\/\/dziedzictwopolonii.pl\/portal\/wp-content\/uploads\/2022\/12\/EINHORN-Jerzy-2-470x313.jpg\" width=\"470\" height=\"313\" \/><span class=\"rl-gallery-caption\"><span class=\"rl-gallery-item-title\">EINHORN Jerzy<\/span><\/span><\/a> <\/div> <\/div> <div class=\"rl-gallery-item\" > <div class=\"rl-gallery-item-content\"> <a href=\"https:\/\/dziedzictwopolonii.pl\/portal\/wp-content\/uploads\/2022\/12\/FALKOWSKI-Wojciech-2.jpg\" title=\"FALKOWSKI Wojciech\" data-rl_title=\"FALKOWSKI Wojciech\" class=\"rl-gallery-link\" data-rl_caption=\"\" data-rel=\"lightbox-gallery-1\"><img loading=\"lazy\" decoding=\"async\" src=\"https:\/\/dziedzictwopolonii.pl\/portal\/wp-content\/uploads\/2022\/12\/FALKOWSKI-Wojciech-2-470x313.jpg\" width=\"470\" height=\"313\" \/><span class=\"rl-gallery-caption\"><span class=\"rl-gallery-item-title\">FALKOWSKI Wojciech<\/span><\/span><\/a> <\/div> <\/div> <div class=\"rl-gallery-item\" > <div class=\"rl-gallery-item-content\"> <a href=\"https:\/\/dziedzictwopolonii.pl\/portal\/wp-content\/uploads\/2022\/12\/FILIPOWICZ-POLANSKA-katarzyna-1.jpg\" title=\"FILIPOWICZ-POLANSKA katarzyna\" data-rl_title=\"FILIPOWICZ-POLANSKA katarzyna\" class=\"rl-gallery-link\" data-rl_caption=\"\" data-rel=\"lightbox-gallery-1\"><img loading=\"lazy\" decoding=\"async\" src=\"https:\/\/dziedzictwopolonii.pl\/portal\/wp-content\/uploads\/2022\/12\/FILIPOWICZ-POLANSKA-katarzyna-1-470x313.jpg\" width=\"470\" height=\"313\" \/><span class=\"rl-gallery-caption\"><span class=\"rl-gallery-item-title\">FILIPOWICZ-POLANSKA katarzyna<\/span><\/span><\/a> <\/div> <\/div> <\/div> <div class=\"rl-pagination rl-pagination-bottom\" data-button=\"automatically\"><span aria-current=\"page\" class=\"page-numbers current\">1<\/span> <a class=\"page-numbers\" href=\"https:\/\/dziedzictwopolonii.pl\/portal\/rl_gallery\/lekarze-1\/?rl_gallery_no=1&#038;rl_page=2\">2<\/a> <a class=\"page-numbers\" href=\"https:\/\/dziedzictwopolonii.pl\/portal\/rl_gallery\/lekarze-1\/?rl_gallery_no=1&#038;rl_page=3\">3<\/a> <a class=\"next page-numbers\" href=\"https:\/\/dziedzictwopolonii.pl\/portal\/rl_gallery\/lekarze-1\/?rl_gallery_no=1&#038;rl_page=2\">Nast\u0119pne &raquo;<\/a><\/div> <\/div>\n","protected":false},"excerpt":{"rendered":"<p> Portrety naukowc\u00f3w polonijnych autorstwa artysty plastyka Tadeusza Kurka ADAMKIEWICZ Albert ALEKSANDROWICZ Jerzy ANIGSTEIN Ludwik Antwerpia BABINSKI J\u00f3zef Bali\u0144ski Jan B\u0141E\u0143SKA Wanda BOSNIACKI Zygmunt Budzi\u0144ska- Tylicka Justyna BYLICA MARCIN z OLkusza BYTHNER Wiktoryn CH\u0141APOWSKI Franciszek CHMIELECKI Marcin CHURG Jacob CZECZOTT Otton EINHORN Jerzy FALKOWSKI Wojciech FILIPOWICZ-POLANSKA katarzyna 1 2 3 Nast\u0119pne &raquo;<\/p>\n","protected":false},"author":4,"featured_media":3572,"comment_status":"closed","ping_status":"closed","sticky":false,"template":"","format":"standard","meta":{"_mi_skip_tracking":false,"footnotes":""},"categories":[122],"tags":[],"class_list":["post-3571","post","type-post","status-publish","format-standard","has-post-thumbnail","hentry","category-fototeka-polonijna-varia"],"_links":{"self":[{"href":"https:\/\/dziedzictwopolonii.pl\/portal\/wp-json\/wp\/v2\/posts\/3571","targetHints":{"allow":["GET"]}}],"collection":[{"href":"https:\/\/dziedzictwopolonii.pl\/portal\/wp-json\/wp\/v2\/posts"}],"about":[{"href":"https:\/\/dziedzictwopolonii.pl\/portal\/wp-json\/wp\/v2\/types\/post"}],"author":[{"embeddable":true,"href":"https:\/\/dziedzictwopolonii.pl\/portal\/wp-json\/wp\/v2\/users\/4"}],"replies":[{"embeddable":true,"href":"https:\/\/dziedzictwopolonii.pl\/portal\/wp-json\/wp\/v2\/comments?post=3571"}],"version-history":[{"count":2,"href":"https:\/\/dziedzictwopolonii.pl\/portal\/wp-json\/wp\/v2\/posts\/3571\/revisions"}],"predecessor-version":[{"id":3574,"href":"https:\/\/dziedzictwopolonii.pl\/portal\/wp-json\/wp\/v2\/posts\/3571\/revisions\/3574"}],"wp:featuredmedia":[{"embeddable":true,"href":"https:\/\/dziedzictwopolonii.pl\/portal\/wp-json\/wp\/v2\/media\/3572"}],"wp:attachment":[{"href":"https:\/\/dziedzictwopolonii.pl\/portal\/wp-json\/wp\/v2\/media?parent=3571"}],"wp:term":[{"taxonomy":"category","embeddable":true,"href":"https:\/\/dziedzictwopolonii.pl\/portal\/wp-json\/wp\/v2\/categories?post=3571"},{"taxonomy":"post_tag","embeddable":true,"href":"https:\/\/dziedzictwopolonii.pl\/portal\/wp-json\/wp\/v2\/tags?post=3571"}],"curies":[{"name":"wp","href":"https:\/\/api.w.org\/{rel}","templated":true}]}}