{"id":3565,"date":"2022-12-21T12:54:02","date_gmt":"2022-12-21T11:54:02","guid":{"rendered":"http:\/\/yanh.pl\/dev\/srbnp\/?p=3565"},"modified":"2023-01-27T10:02:03","modified_gmt":"2023-01-27T09:02:03","slug":"naukowcy-1","status":"publish","type":"post","link":"https:\/\/dziedzictwopolonii.pl\/portal\/naukowcy-1\/","title":{"rendered":"Naukowcy polonijni &#8211; galeria portret\u00f3w autorstwa Tadeusza Kurka &#8211; cz\u0119\u015b\u0107 I"},"content":{"rendered":"<div class=\"pdfprnt-buttons pdfprnt-buttons-post pdfprnt-top-right\"><a href=\"https:\/\/dziedzictwopolonii.pl\/portal\/wp-json\/wp\/v2\/posts\/3565?print=pdf\" class=\"pdfprnt-button pdfprnt-button-pdf\" target=\"_blank\"><img decoding=\"async\" src=\"http:\/\/dziedzictwopolonii.pl\/portal\/wp-content\/plugins\/pdf-print\/images\/pdf.png\" alt=\"image_pdf\" title=\"Download PDF\" \/><span class=\"pdfprnt-button-title pdfprnt-button-pdf-title\">POBIERZ PDF<\/span><\/a><a href=\"https:\/\/dziedzictwopolonii.pl\/portal\/wp-json\/wp\/v2\/posts\/3565?print=print\" class=\"pdfprnt-button pdfprnt-button-print\" target=\"_blank\"><img decoding=\"async\" src=\"http:\/\/dziedzictwopolonii.pl\/portal\/wp-content\/plugins\/pdf-print\/images\/print.png\" alt=\"image_print\" title=\"Print Content\" \/><\/a><\/div><div class=\"rl-gallery-container rl-loading rl-pagination-infinite\" id=\"rl-gallery-container-1\" data-gallery_id=\"3063\"> <div class=\"rl-gallery-description\">Portrety naukowc\u00f3w polonijnych autorstwa artysty plastyka Tadeusza Kurka<\/div> <div class=\"rl-gallery rl-basicmasonry-gallery rl-hover-effect-5 rl-hover-icon-2\" id=\"rl-gallery-1\" data-gallery_no=\"1\"> <div class=\"rl-gutter-sizer\"><\/div><div class=\"rl-grid-sizer\"><\/div> <div class=\"rl-gallery-item rl-gallery-item-width-4\" > <div class=\"rl-gallery-item-content\"> <a href=\"https:\/\/dziedzictwopolonii.pl\/portal\/wp-content\/uploads\/2022\/12\/ABEL-Teodor-1.jpg\" title=\"ABEL Teodor\" data-rl_title=\"ABEL Teodor\" class=\"rl-gallery-link\" data-rl_caption=\"\" data-rel=\"lightbox-gallery-1\"><img loading=\"lazy\" decoding=\"async\" src=\"https:\/\/dziedzictwopolonii.pl\/portal\/wp-content\/uploads\/2022\/12\/ABEL-Teodor-1-470x313.jpg\" width=\"470\" height=\"313\" \/><span class=\"rl-gallery-caption\"><span class=\"rl-gallery-item-title\">ABEL Teodor<\/span><\/span><\/a> <\/div> <\/div> <div class=\"rl-gallery-item\" > <div class=\"rl-gallery-item-content\"> <a href=\"https:\/\/dziedzictwopolonii.pl\/portal\/wp-content\/uploads\/2022\/12\/ADAMIUK-Emilian-1.jpg\" title=\"ADAMIUK Emilian\" data-rl_title=\"ADAMIUK Emilian\" class=\"rl-gallery-link\" data-rl_caption=\"\" data-rel=\"lightbox-gallery-1\"><img loading=\"lazy\" decoding=\"async\" src=\"https:\/\/dziedzictwopolonii.pl\/portal\/wp-content\/uploads\/2022\/12\/ADAMIUK-Emilian-1-470x313.jpg\" width=\"470\" height=\"313\" \/><span class=\"rl-gallery-caption\"><span class=\"rl-gallery-item-title\">ADAMIUK Emilian<\/span><\/span><\/a> <\/div> <\/div> <div class=\"rl-gallery-item\" > <div class=\"rl-gallery-item-content\"> <a href=\"https:\/\/dziedzictwopolonii.pl\/portal\/wp-content\/uploads\/2022\/12\/ADAMKIEWICZ-Jerzy-2.jpg\" title=\"ADAMKIEWICZ Jerzy\" data-rl_title=\"ADAMKIEWICZ Jerzy\" class=\"rl-gallery-link\" data-rl_caption=\"\" data-rel=\"lightbox-gallery-1\"><img loading=\"lazy\" decoding=\"async\" src=\"https:\/\/dziedzictwopolonii.pl\/portal\/wp-content\/uploads\/2022\/12\/ADAMKIEWICZ-Jerzy-2-470x313.jpg\" width=\"470\" height=\"313\" \/><span class=\"rl-gallery-caption\"><span class=\"rl-gallery-item-title\">ADAMKIEWICZ Jerzy<\/span><\/span><\/a> <\/div> <\/div> <div class=\"rl-gallery-item\" > <div class=\"rl-gallery-item-content\"> <a href=\"https:\/\/dziedzictwopolonii.pl\/portal\/wp-content\/uploads\/2022\/12\/ADAMOWSKI-Tymoteusz-1.jpg\" title=\"ADAMOWSKI Tymoteusz\" data-rl_title=\"ADAMOWSKI Tymoteusz\" class=\"rl-gallery-link\" data-rl_caption=\"\" data-rel=\"lightbox-gallery-1\"><img loading=\"lazy\" decoding=\"async\" src=\"https:\/\/dziedzictwopolonii.pl\/portal\/wp-content\/uploads\/2022\/12\/ADAMOWSKI-Tymoteusz-1-470x313.jpg\" width=\"470\" height=\"313\" \/><span class=\"rl-gallery-caption\"><span class=\"rl-gallery-item-title\">ADAMOWSKI Tymoteusz<\/span><\/span><\/a> <\/div> <\/div> <div class=\"rl-gallery-item\" > <div class=\"rl-gallery-item-content\"> <a href=\"https:\/\/dziedzictwopolonii.pl\/portal\/wp-content\/uploads\/2022\/12\/ANDERSKI-Stanislaw-2.jpg\" title=\"ANDERSKI Stanis\u0142aw\" data-rl_title=\"ANDERSKI Stanis\u0142aw\" class=\"rl-gallery-link\" data-rl_caption=\"\" data-rel=\"lightbox-gallery-1\"><img loading=\"lazy\" decoding=\"async\" src=\"https:\/\/dziedzictwopolonii.pl\/portal\/wp-content\/uploads\/2022\/12\/ANDERSKI-Stanislaw-2-470x313.jpg\" width=\"470\" height=\"313\" \/><span class=\"rl-gallery-caption\"><span class=\"rl-gallery-item-title\">ANDERSKI Stanis\u0142aw<\/span><\/span><\/a> <\/div> <\/div> <div class=\"rl-gallery-item\" > <div class=\"rl-gallery-item-content\"> <a href=\"https:\/\/dziedzictwopolonii.pl\/portal\/wp-content\/uploads\/2022\/12\/ANDRZEJEWSKI-Bogumil-2.jpg\" title=\"ANDRZEJEWSKI Bogumi\u0142\" data-rl_title=\"ANDRZEJEWSKI Bogumi\u0142\" class=\"rl-gallery-link\" data-rl_caption=\"\" data-rel=\"lightbox-gallery-1\"><img loading=\"lazy\" decoding=\"async\" src=\"https:\/\/dziedzictwopolonii.pl\/portal\/wp-content\/uploads\/2022\/12\/ANDRZEJEWSKI-Bogumil-2-470x313.jpg\" width=\"470\" height=\"313\" \/><span class=\"rl-gallery-caption\"><span class=\"rl-gallery-item-title\">ANDRZEJEWSKI Bogumi\u0142<\/span><\/span><\/a> <\/div> <\/div> <div class=\"rl-gallery-item\" > <div class=\"rl-gallery-item-content\"> <a href=\"https:\/\/dziedzictwopolonii.pl\/portal\/wp-content\/uploads\/2022\/12\/ANKUDOWICZ-Wincenty-1.jpg\" title=\"ANKUDOWICZ Wincenty\" data-rl_title=\"ANKUDOWICZ Wincenty\" class=\"rl-gallery-link\" data-rl_caption=\"\" data-rel=\"lightbox-gallery-1\"><img loading=\"lazy\" decoding=\"async\" src=\"https:\/\/dziedzictwopolonii.pl\/portal\/wp-content\/uploads\/2022\/12\/ANKUDOWICZ-Wincenty-1-470x313.jpg\" width=\"470\" height=\"313\" \/><span class=\"rl-gallery-caption\"><span class=\"rl-gallery-item-title\">ANKUDOWICZ Wincenty<\/span><\/span><\/a> <\/div> <\/div> <div class=\"rl-gallery-item\" > <div class=\"rl-gallery-item-content\"> <a href=\"https:\/\/dziedzictwopolonii.pl\/portal\/wp-content\/uploads\/2022\/12\/ARNOLD-Mikolaj-1.jpg\" title=\"ARNOLD Miko\u0142aj\" data-rl_title=\"ARNOLD Miko\u0142aj\" class=\"rl-gallery-link\" data-rl_caption=\"\" data-rel=\"lightbox-gallery-1\"><img loading=\"lazy\" decoding=\"async\" src=\"https:\/\/dziedzictwopolonii.pl\/portal\/wp-content\/uploads\/2022\/12\/ARNOLD-Mikolaj-1-470x313.jpg\" width=\"470\" height=\"313\" \/><span class=\"rl-gallery-caption\"><span class=\"rl-gallery-item-title\">ARNOLD Miko\u0142aj<\/span><\/span><\/a> <\/div> <\/div> <div class=\"rl-gallery-item\" > <div class=\"rl-gallery-item-content\"> <a href=\"https:\/\/dziedzictwopolonii.pl\/portal\/wp-content\/uploads\/2022\/12\/ASKENAZY-Stefan-1.jpg\" title=\"ASKENAZY Stefan\" data-rl_title=\"ASKENAZY Stefan\" class=\"rl-gallery-link\" data-rl_caption=\"\" data-rel=\"lightbox-gallery-1\"><img loading=\"lazy\" decoding=\"async\" src=\"https:\/\/dziedzictwopolonii.pl\/portal\/wp-content\/uploads\/2022\/12\/ASKENAZY-Stefan-1-470x313.jpg\" width=\"470\" height=\"313\" \/><span class=\"rl-gallery-caption\"><span class=\"rl-gallery-item-title\">ASKENAZY Stefan<\/span><\/span><\/a> <\/div> <\/div> <div class=\"rl-gallery-item\" > <div class=\"rl-gallery-item-content\"> <a href=\"https:\/\/dziedzictwopolonii.pl\/portal\/wp-content\/uploads\/2022\/12\/BAKST-Ryszard-1.jpg\" title=\"BAKST Ryszard\" data-rl_title=\"BAKST Ryszard\" class=\"rl-gallery-link\" data-rl_caption=\"\" data-rel=\"lightbox-gallery-1\"><img loading=\"lazy\" decoding=\"async\" src=\"https:\/\/dziedzictwopolonii.pl\/portal\/wp-content\/uploads\/2022\/12\/BAKST-Ryszard-1-470x313.jpg\" width=\"470\" height=\"313\" \/><span class=\"rl-gallery-caption\"><span class=\"rl-gallery-item-title\">BAKST Ryszard<\/span><\/span><\/a> <\/div> <\/div> <div class=\"rl-gallery-item\" > <div class=\"rl-gallery-item-content\"> <a href=\"https:\/\/dziedzictwopolonii.pl\/portal\/wp-content\/uploads\/2022\/12\/BALINSKI-Jan-3.jpg\" title=\"BALI\u0143SKI Jan\" data-rl_title=\"BALI\u0143SKI Jan\" class=\"rl-gallery-link\" data-rl_caption=\"\" data-rel=\"lightbox-gallery-1\"><img loading=\"lazy\" decoding=\"async\" src=\"https:\/\/dziedzictwopolonii.pl\/portal\/wp-content\/uploads\/2022\/12\/BALINSKI-Jan-3-470x313.jpg\" width=\"470\" height=\"313\" \/><span class=\"rl-gallery-caption\"><span class=\"rl-gallery-item-title\">BALI\u0143SKI Jan<\/span><\/span><\/a> <\/div> <\/div> <div class=\"rl-gallery-item\" > <div class=\"rl-gallery-item-content\"> <a href=\"https:\/\/dziedzictwopolonii.pl\/portal\/wp-content\/uploads\/2022\/12\/BANACHIEWICZ-Tadeusz-1.jpg\" title=\"BANACHIEWICZ Tadeusz\" data-rl_title=\"BANACHIEWICZ Tadeusz\" class=\"rl-gallery-link\" data-rl_caption=\"\" data-rel=\"lightbox-gallery-1\"><img loading=\"lazy\" decoding=\"async\" src=\"https:\/\/dziedzictwopolonii.pl\/portal\/wp-content\/uploads\/2022\/12\/BANACHIEWICZ-Tadeusz-1-470x313.jpg\" width=\"470\" height=\"313\" \/><span class=\"rl-gallery-caption\"><span class=\"rl-gallery-item-title\">BANACHIEWICZ Tadeusz<\/span><\/span><\/a> <\/div> <\/div> <div class=\"rl-gallery-item\" > <div class=\"rl-gallery-item-content\"> <a href=\"https:\/\/dziedzictwopolonii.pl\/portal\/wp-content\/uploads\/2022\/12\/BANDURSKI-Robert-1.jpg\" title=\"BANDURSKI Robert\" data-rl_title=\"BANDURSKI Robert\" class=\"rl-gallery-link\" data-rl_caption=\"\" data-rel=\"lightbox-gallery-1\"><img loading=\"lazy\" decoding=\"async\" src=\"https:\/\/dziedzictwopolonii.pl\/portal\/wp-content\/uploads\/2022\/12\/BANDURSKI-Robert-1-470x313.jpg\" width=\"470\" height=\"313\" \/><span class=\"rl-gallery-caption\"><span class=\"rl-gallery-item-title\">BANDURSKI Robert<\/span><\/span><\/a> <\/div> <\/div> <div class=\"rl-gallery-item\" > <div class=\"rl-gallery-item-content\"> <a href=\"https:\/\/dziedzictwopolonii.pl\/portal\/wp-content\/uploads\/2022\/12\/BARTOSZYNSKI-Robert-1.jpg\" title=\"BARTOSZYNSKI Robert\" data-rl_title=\"BARTOSZYNSKI Robert\" class=\"rl-gallery-link\" data-rl_caption=\"\" data-rel=\"lightbox-gallery-1\"><img loading=\"lazy\" decoding=\"async\" src=\"https:\/\/dziedzictwopolonii.pl\/portal\/wp-content\/uploads\/2022\/12\/BARTOSZYNSKI-Robert-1-470x313.jpg\" width=\"470\" height=\"313\" \/><span class=\"rl-gallery-caption\"><span class=\"rl-gallery-item-title\">BARTOSZYNSKI Robert<\/span><\/span><\/a> <\/div> <\/div> <div class=\"rl-gallery-item\" > <div class=\"rl-gallery-item-content\"> <a href=\"https:\/\/dziedzictwopolonii.pl\/portal\/wp-content\/uploads\/2022\/12\/BASINSKI-Zbigniew-1.jpg\" title=\"BASINSKI Zbigniew\" data-rl_title=\"BASINSKI Zbigniew\" class=\"rl-gallery-link\" data-rl_caption=\"\" data-rel=\"lightbox-gallery-1\"><img loading=\"lazy\" decoding=\"async\" src=\"https:\/\/dziedzictwopolonii.pl\/portal\/wp-content\/uploads\/2022\/12\/BASINSKI-Zbigniew-1-470x313.jpg\" width=\"470\" height=\"313\" \/><span class=\"rl-gallery-caption\"><span class=\"rl-gallery-item-title\">BASINSKI Zbigniew<\/span><\/span><\/a> <\/div> <\/div> <div class=\"rl-gallery-item\" > <div class=\"rl-gallery-item-content\"> <a href=\"https:\/\/dziedzictwopolonii.pl\/portal\/wp-content\/uploads\/2022\/12\/BAUDOUIN-Cezaria-1.jpg\" title=\"BAUDOUIN Cezaria\" data-rl_title=\"BAUDOUIN Cezaria\" class=\"rl-gallery-link\" data-rl_caption=\"\" data-rel=\"lightbox-gallery-1\"><img loading=\"lazy\" decoding=\"async\" src=\"https:\/\/dziedzictwopolonii.pl\/portal\/wp-content\/uploads\/2022\/12\/BAUDOUIN-Cezaria-1-470x313.jpg\" width=\"470\" height=\"313\" \/><span class=\"rl-gallery-caption\"><span class=\"rl-gallery-item-title\">BAUDOUIN Cezaria<\/span><\/span><\/a> <\/div> <\/div> <div class=\"rl-gallery-item\" > <div class=\"rl-gallery-item-content\"> <a href=\"https:\/\/dziedzictwopolonii.pl\/portal\/wp-content\/uploads\/2022\/12\/BAUDOUIN-COURTENAY-Jan-1.jpg\" title=\"BAUDOUIN COURTENAY Jan\" data-rl_title=\"BAUDOUIN COURTENAY Jan\" class=\"rl-gallery-link\" data-rl_caption=\"\" data-rel=\"lightbox-gallery-1\"><img loading=\"lazy\" decoding=\"async\" src=\"https:\/\/dziedzictwopolonii.pl\/portal\/wp-content\/uploads\/2022\/12\/BAUDOUIN-COURTENAY-Jan-1-470x313.jpg\" width=\"470\" height=\"313\" \/><span class=\"rl-gallery-caption\"><span class=\"rl-gallery-item-title\">BAUDOUIN COURTENAY Jan<\/span><\/span><\/a> <\/div> <\/div> <div class=\"rl-gallery-item\" > <div class=\"rl-gallery-item-content\"> <a href=\"https:\/\/dziedzictwopolonii.pl\/portal\/wp-content\/uploads\/2022\/12\/BAUMILLER-Jerzy-1.jpg\" title=\"BAUMILLER Jerzy\" data-rl_title=\"BAUMILLER Jerzy\" class=\"rl-gallery-link\" data-rl_caption=\"\" data-rel=\"lightbox-gallery-1\"><img loading=\"lazy\" decoding=\"async\" src=\"https:\/\/dziedzictwopolonii.pl\/portal\/wp-content\/uploads\/2022\/12\/BAUMILLER-Jerzy-1-470x313.jpg\" width=\"470\" height=\"313\" \/><span class=\"rl-gallery-caption\"><span class=\"rl-gallery-item-title\">BAUMILLER Jerzy<\/span><\/span><\/a> <\/div> <\/div> <\/div> <div class=\"rl-pagination rl-pagination-bottom\" data-button=\"automatically\"><span aria-current=\"page\" class=\"page-numbers current\">1<\/span> <a class=\"page-numbers\" href=\"https:\/\/dziedzictwopolonii.pl\/portal\/rl_gallery\/naukowcy-1\/?rl_gallery_no=1&#038;rl_page=2\">2<\/a> <a class=\"page-numbers\" href=\"https:\/\/dziedzictwopolonii.pl\/portal\/rl_gallery\/naukowcy-1\/?rl_gallery_no=1&#038;rl_page=3\">3<\/a> <a class=\"next page-numbers\" href=\"https:\/\/dziedzictwopolonii.pl\/portal\/rl_gallery\/naukowcy-1\/?rl_gallery_no=1&#038;rl_page=2\">Nast\u0119pne &raquo;<\/a><\/div> <\/div>\n","protected":false},"excerpt":{"rendered":"<p> Portrety naukowc\u00f3w polonijnych autorstwa artysty plastyka Tadeusza Kurka ABEL Teodor ADAMIUK Emilian ADAMKIEWICZ Jerzy ADAMOWSKI Tymoteusz ANDERSKI Stanis\u0142aw ANDRZEJEWSKI Bogumi\u0142 ANKUDOWICZ Wincenty ARNOLD Miko\u0142aj ASKENAZY Stefan BAKST Ryszard BALI\u0143SKI Jan BANACHIEWICZ Tadeusz BANDURSKI Robert BARTOSZYNSKI Robert BASINSKI Zbigniew BAUDOUIN Cezaria BAUDOUIN COURTENAY Jan BAUMILLER Jerzy 1 2 3 Nast\u0119pne &raquo;<\/p>\n","protected":false},"author":4,"featured_media":3537,"comment_status":"closed","ping_status":"closed","sticky":false,"template":"","format":"standard","meta":{"_mi_skip_tracking":false,"footnotes":""},"categories":[122],"tags":[],"class_list":["post-3565","post","type-post","status-publish","format-standard","has-post-thumbnail","hentry","category-fototeka-polonijna-varia"],"_links":{"self":[{"href":"https:\/\/dziedzictwopolonii.pl\/portal\/wp-json\/wp\/v2\/posts\/3565","targetHints":{"allow":["GET"]}}],"collection":[{"href":"https:\/\/dziedzictwopolonii.pl\/portal\/wp-json\/wp\/v2\/posts"}],"about":[{"href":"https:\/\/dziedzictwopolonii.pl\/portal\/wp-json\/wp\/v2\/types\/post"}],"author":[{"embeddable":true,"href":"https:\/\/dziedzictwopolonii.pl\/portal\/wp-json\/wp\/v2\/users\/4"}],"replies":[{"embeddable":true,"href":"https:\/\/dziedzictwopolonii.pl\/portal\/wp-json\/wp\/v2\/comments?post=3565"}],"version-history":[{"count":1,"href":"https:\/\/dziedzictwopolonii.pl\/portal\/wp-json\/wp\/v2\/posts\/3565\/revisions"}],"predecessor-version":[{"id":3566,"href":"https:\/\/dziedzictwopolonii.pl\/portal\/wp-json\/wp\/v2\/posts\/3565\/revisions\/3566"}],"wp:featuredmedia":[{"embeddable":true,"href":"https:\/\/dziedzictwopolonii.pl\/portal\/wp-json\/wp\/v2\/media\/3537"}],"wp:attachment":[{"href":"https:\/\/dziedzictwopolonii.pl\/portal\/wp-json\/wp\/v2\/media?parent=3565"}],"wp:term":[{"taxonomy":"category","embeddable":true,"href":"https:\/\/dziedzictwopolonii.pl\/portal\/wp-json\/wp\/v2\/categories?post=3565"},{"taxonomy":"post_tag","embeddable":true,"href":"https:\/\/dziedzictwopolonii.pl\/portal\/wp-json\/wp\/v2\/tags?post=3565"}],"curies":[{"name":"wp","href":"https:\/\/api.w.org\/{rel}","templated":true}]}}