{"id":3563,"date":"2022-12-21T12:53:02","date_gmt":"2022-12-21T11:53:02","guid":{"rendered":"http:\/\/yanh.pl\/dev\/srbnp\/?p=3563"},"modified":"2023-01-27T10:02:03","modified_gmt":"2023-01-27T09:02:03","slug":"naukowcy-2","status":"publish","type":"post","link":"https:\/\/dziedzictwopolonii.pl\/portal\/naukowcy-2\/","title":{"rendered":"Naukowcy polonijni &#8211; galeria portret\u00f3w autorstwa Tadeusza Kurka &#8211; cz\u0119\u015b\u0107 II"},"content":{"rendered":"<div class=\"pdfprnt-buttons pdfprnt-buttons-post pdfprnt-top-right\"><a href=\"https:\/\/dziedzictwopolonii.pl\/portal\/wp-json\/wp\/v2\/posts\/3563?print=pdf\" class=\"pdfprnt-button pdfprnt-button-pdf\" target=\"_blank\"><img decoding=\"async\" src=\"http:\/\/dziedzictwopolonii.pl\/portal\/wp-content\/plugins\/pdf-print\/images\/pdf.png\" alt=\"image_pdf\" title=\"Download PDF\" \/><span class=\"pdfprnt-button-title pdfprnt-button-pdf-title\">POBIERZ PDF<\/span><\/a><a href=\"https:\/\/dziedzictwopolonii.pl\/portal\/wp-json\/wp\/v2\/posts\/3563?print=print\" class=\"pdfprnt-button pdfprnt-button-print\" target=\"_blank\"><img decoding=\"async\" src=\"http:\/\/dziedzictwopolonii.pl\/portal\/wp-content\/plugins\/pdf-print\/images\/print.png\" alt=\"image_print\" title=\"Print Content\" \/><\/a><\/div><div class=\"rl-gallery-container rl-loading rl-pagination-infinite\" id=\"rl-gallery-container-1\" data-gallery_id=\"3088\"> <div class=\"rl-gallery-description\">Portrety naukowc\u00f3w polonijnych autorstwa artysty plastyka Tadeusza Kurka<\/div> <div class=\"rl-gallery rl-basicmasonry-gallery rl-hover-effect-5 rl-hover-icon-2\" id=\"rl-gallery-1\" data-gallery_no=\"1\"> <div class=\"rl-gutter-sizer\"><\/div><div class=\"rl-grid-sizer\"><\/div> <div class=\"rl-gallery-item rl-gallery-item-width-4\" > <div class=\"rl-gallery-item-content\"> <a href=\"https:\/\/dziedzictwopolonii.pl\/portal\/wp-content\/uploads\/2022\/12\/BYLICA-Marcin-1.jpg\" title=\"BYLICA Marcin\" data-rl_title=\"BYLICA Marcin\" class=\"rl-gallery-link\" data-rl_caption=\"\" data-rel=\"lightbox-gallery-1\"><img loading=\"lazy\" decoding=\"async\" src=\"https:\/\/dziedzictwopolonii.pl\/portal\/wp-content\/uploads\/2022\/12\/BYLICA-Marcin-1-470x313.jpg\" width=\"470\" height=\"313\" \/><span class=\"rl-gallery-caption\"><span class=\"rl-gallery-item-title\">BYLICA Marcin<\/span><\/span><\/a> <\/div> <\/div> <div class=\"rl-gallery-item\" > <div class=\"rl-gallery-item-content\"> <a href=\"https:\/\/dziedzictwopolonii.pl\/portal\/wp-content\/uploads\/2022\/12\/BYTHNER-Wiktoryn-3.jpg\" title=\"BYTHNER Wiktoryn\" data-rl_title=\"BYTHNER Wiktoryn\" class=\"rl-gallery-link\" data-rl_caption=\"\" data-rel=\"lightbox-gallery-1\"><img loading=\"lazy\" decoding=\"async\" src=\"https:\/\/dziedzictwopolonii.pl\/portal\/wp-content\/uploads\/2022\/12\/BYTHNER-Wiktoryn-3-470x313.jpg\" width=\"470\" height=\"313\" \/><span class=\"rl-gallery-caption\"><span class=\"rl-gallery-item-title\">BYTHNER Wiktoryn<\/span><\/span><\/a> <\/div> <\/div> <div class=\"rl-gallery-item\" > <div class=\"rl-gallery-item-content\"> <a href=\"https:\/\/dziedzictwopolonii.pl\/portal\/wp-content\/uploads\/2022\/12\/CERASKI-Witold-1.jpg\" title=\"CERASKI Witold\" data-rl_title=\"CERASKI Witold\" class=\"rl-gallery-link\" data-rl_caption=\"\" data-rel=\"lightbox-gallery-1\"><img loading=\"lazy\" decoding=\"async\" src=\"https:\/\/dziedzictwopolonii.pl\/portal\/wp-content\/uploads\/2022\/12\/CERASKI-Witold-1-470x313.jpg\" width=\"470\" height=\"313\" \/><span class=\"rl-gallery-caption\"><span class=\"rl-gallery-item-title\">CERASKI Witold<\/span><\/span><\/a> <\/div> <\/div> <div class=\"rl-gallery-item\" > <div class=\"rl-gallery-item-content\"> <a href=\"https:\/\/dziedzictwopolonii.pl\/portal\/wp-content\/uploads\/2022\/12\/CHAPEVILLE-Francois-1.jpg\" title=\"CHAPEVILLE Francois\" data-rl_title=\"CHAPEVILLE Francois\" class=\"rl-gallery-link\" data-rl_caption=\"\" data-rel=\"lightbox-gallery-1\"><img loading=\"lazy\" decoding=\"async\" src=\"https:\/\/dziedzictwopolonii.pl\/portal\/wp-content\/uploads\/2022\/12\/CHAPEVILLE-Francois-1-470x313.jpg\" width=\"470\" height=\"313\" \/><span class=\"rl-gallery-caption\"><span class=\"rl-gallery-item-title\">CHAPEVILLE Francois<\/span><\/span><\/a> <\/div> <\/div> <div class=\"rl-gallery-item\" > <div class=\"rl-gallery-item-content\"> <a href=\"https:\/\/dziedzictwopolonii.pl\/portal\/wp-content\/uploads\/2022\/12\/CHARATONIK-Janusz-1.jpg\" title=\"CHARATONIK Janusz\" data-rl_title=\"CHARATONIK Janusz\" class=\"rl-gallery-link\" data-rl_caption=\"\" data-rel=\"lightbox-gallery-1\"><img loading=\"lazy\" decoding=\"async\" src=\"https:\/\/dziedzictwopolonii.pl\/portal\/wp-content\/uploads\/2022\/12\/CHARATONIK-Janusz-1-470x313.jpg\" width=\"470\" height=\"313\" \/><span class=\"rl-gallery-caption\"><span class=\"rl-gallery-item-title\">CHARATONIK Janusz<\/span><\/span><\/a> <\/div> <\/div> <div class=\"rl-gallery-item\" > <div class=\"rl-gallery-item-content\"> <a href=\"https:\/\/dziedzictwopolonii.pl\/portal\/wp-content\/uploads\/2022\/12\/CHECINSKI-Wiktor-Czeslaw-1.jpg\" title=\"CH\u0118CI\u0143SKI Wiktor Czes\u0142aw\" data-rl_title=\"CH\u0118CI\u0143SKI Wiktor Czes\u0142aw\" class=\"rl-gallery-link\" data-rl_caption=\"\" data-rel=\"lightbox-gallery-1\"><img loading=\"lazy\" decoding=\"async\" src=\"https:\/\/dziedzictwopolonii.pl\/portal\/wp-content\/uploads\/2022\/12\/CHECINSKI-Wiktor-Czeslaw-1-470x313.jpg\" width=\"470\" height=\"313\" \/><span class=\"rl-gallery-caption\"><span class=\"rl-gallery-item-title\">CH\u0118CI\u0143SKI Wiktor Czes\u0142aw<\/span><\/span><\/a> <\/div> <\/div> <div class=\"rl-gallery-item\" > <div class=\"rl-gallery-item-content\"> <a href=\"https:\/\/dziedzictwopolonii.pl\/portal\/wp-content\/uploads\/2022\/12\/CHOJNACKA-Elzbieta-1.jpg\" title=\"CHOJNACKA El\u017cbieta\" data-rl_title=\"CHOJNACKA El\u017cbieta\" class=\"rl-gallery-link\" data-rl_caption=\"\" data-rel=\"lightbox-gallery-1\"><img loading=\"lazy\" decoding=\"async\" src=\"https:\/\/dziedzictwopolonii.pl\/portal\/wp-content\/uploads\/2022\/12\/CHOJNACKA-Elzbieta-1-470x313.jpg\" width=\"470\" height=\"313\" \/><span class=\"rl-gallery-caption\"><span class=\"rl-gallery-item-title\">CHOJNACKA El\u017cbieta<\/span><\/span><\/a> <\/div> <\/div> <div class=\"rl-gallery-item\" > <div class=\"rl-gallery-item-content\"> <a href=\"https:\/\/dziedzictwopolonii.pl\/portal\/wp-content\/uploads\/2022\/12\/CHOLEWINSKI-Alfred-1.jpg\" title=\"CHOLEWI\u0143SKI Alfred\" data-rl_title=\"CHOLEWI\u0143SKI Alfred\" class=\"rl-gallery-link\" data-rl_caption=\"\" data-rel=\"lightbox-gallery-1\"><img loading=\"lazy\" decoding=\"async\" src=\"https:\/\/dziedzictwopolonii.pl\/portal\/wp-content\/uploads\/2022\/12\/CHOLEWINSKI-Alfred-1-470x313.jpg\" width=\"470\" height=\"313\" \/><span class=\"rl-gallery-caption\"><span class=\"rl-gallery-item-title\">CHOLEWI\u0143SKI Alfred<\/span><\/span><\/a> <\/div> <\/div> <div class=\"rl-gallery-item\" > <div class=\"rl-gallery-item-content\"> <a href=\"https:\/\/dziedzictwopolonii.pl\/portal\/wp-content\/uploads\/2022\/12\/CHURG-Jacob-3.jpg\" title=\"CHURG Jacob\" data-rl_title=\"CHURG Jacob\" class=\"rl-gallery-link\" data-rl_caption=\"\" data-rel=\"lightbox-gallery-1\"><img loading=\"lazy\" decoding=\"async\" src=\"https:\/\/dziedzictwopolonii.pl\/portal\/wp-content\/uploads\/2022\/12\/CHURG-Jacob-3-470x313.jpg\" width=\"470\" height=\"313\" \/><span class=\"rl-gallery-caption\"><span class=\"rl-gallery-item-title\">CHURG Jacob<\/span><\/span><\/a> <\/div> <\/div> <div class=\"rl-gallery-item\" > <div class=\"rl-gallery-item-content\"> <a href=\"https:\/\/dziedzictwopolonii.pl\/portal\/wp-content\/uploads\/2022\/12\/CHYLINSKI-Konstanty-1.jpg\" title=\"CHYLI\u0143SKI Konstanty\" data-rl_title=\"CHYLI\u0143SKI Konstanty\" class=\"rl-gallery-link\" data-rl_caption=\"\" data-rel=\"lightbox-gallery-1\"><img loading=\"lazy\" decoding=\"async\" src=\"https:\/\/dziedzictwopolonii.pl\/portal\/wp-content\/uploads\/2022\/12\/CHYLINSKI-Konstanty-1-470x313.jpg\" width=\"470\" height=\"313\" \/><span class=\"rl-gallery-caption\"><span class=\"rl-gallery-item-title\">CHYLI\u0143SKI Konstanty<\/span><\/span><\/a> <\/div> <\/div> <div class=\"rl-gallery-item\" > <div class=\"rl-gallery-item-content\"> <a href=\"https:\/\/dziedzictwopolonii.pl\/portal\/wp-content\/uploads\/2022\/12\/CIENKOWSKI-Leon-1.jpg\" title=\"CIENKOWSKI Leon\" data-rl_title=\"CIENKOWSKI Leon\" class=\"rl-gallery-link\" data-rl_caption=\"\" data-rel=\"lightbox-gallery-1\"><img loading=\"lazy\" decoding=\"async\" src=\"https:\/\/dziedzictwopolonii.pl\/portal\/wp-content\/uploads\/2022\/12\/CIENKOWSKI-Leon-1-470x313.jpg\" width=\"470\" height=\"313\" \/><span class=\"rl-gallery-caption\"><span class=\"rl-gallery-item-title\">CIENKOWSKI Leon<\/span><\/span><\/a> <\/div> <\/div> <div class=\"rl-gallery-item\" > <div class=\"rl-gallery-item-content\"> <a href=\"https:\/\/dziedzictwopolonii.pl\/portal\/wp-content\/uploads\/2022\/12\/CIEPLAK-Jan-1.jpg\" title=\"CIEPLAK Jan\" data-rl_title=\"CIEPLAK Jan\" class=\"rl-gallery-link\" data-rl_caption=\"\" data-rel=\"lightbox-gallery-1\"><img loading=\"lazy\" decoding=\"async\" src=\"https:\/\/dziedzictwopolonii.pl\/portal\/wp-content\/uploads\/2022\/12\/CIEPLAK-Jan-1-470x313.jpg\" width=\"470\" height=\"313\" \/><span class=\"rl-gallery-caption\"><span class=\"rl-gallery-item-title\">CIEPLAK Jan<\/span><\/span><\/a> <\/div> <\/div> <div class=\"rl-gallery-item\" > <div class=\"rl-gallery-item-content\"> <a href=\"https:\/\/dziedzictwopolonii.pl\/portal\/wp-content\/uploads\/2022\/12\/CUI-Cezar-1.jpg\" title=\"CUI Cezar\" data-rl_title=\"CUI Cezar\" class=\"rl-gallery-link\" data-rl_caption=\"\" data-rel=\"lightbox-gallery-1\"><img loading=\"lazy\" decoding=\"async\" src=\"https:\/\/dziedzictwopolonii.pl\/portal\/wp-content\/uploads\/2022\/12\/CUI-Cezar-1-470x313.jpg\" width=\"470\" height=\"313\" \/><span class=\"rl-gallery-caption\"><span class=\"rl-gallery-item-title\">CUI Cezar<\/span><\/span><\/a> <\/div> <\/div> <div class=\"rl-gallery-item\" > <div class=\"rl-gallery-item-content\"> <a href=\"https:\/\/dziedzictwopolonii.pl\/portal\/wp-content\/uploads\/2022\/12\/CYBICHOWSKI-Zygmunt-1.jpg\" title=\"CYBICHOWSKI Zygmunt\" data-rl_title=\"CYBICHOWSKI Zygmunt\" class=\"rl-gallery-link\" data-rl_caption=\"\" data-rel=\"lightbox-gallery-1\"><img loading=\"lazy\" decoding=\"async\" src=\"https:\/\/dziedzictwopolonii.pl\/portal\/wp-content\/uploads\/2022\/12\/CYBICHOWSKI-Zygmunt-1-470x313.jpg\" width=\"470\" height=\"313\" \/><span class=\"rl-gallery-caption\"><span class=\"rl-gallery-item-title\">CYBICHOWSKI Zygmunt<\/span><\/span><\/a> <\/div> <\/div> <div class=\"rl-gallery-item\" > <div class=\"rl-gallery-item-content\"> <a href=\"https:\/\/dziedzictwopolonii.pl\/portal\/wp-content\/uploads\/2022\/12\/CZACHORSKI-Wladyslaw-1.jpg\" title=\"CZACH\u00d3RSKI W\u0142adys\u0142aw\" data-rl_title=\"CZACH\u00d3RSKI W\u0142adys\u0142aw\" class=\"rl-gallery-link\" data-rl_caption=\"\" data-rel=\"lightbox-gallery-1\"><img loading=\"lazy\" decoding=\"async\" src=\"https:\/\/dziedzictwopolonii.pl\/portal\/wp-content\/uploads\/2022\/12\/CZACHORSKI-Wladyslaw-1-470x313.jpg\" width=\"470\" height=\"313\" \/><span class=\"rl-gallery-caption\"><span class=\"rl-gallery-item-title\">CZACH\u00d3RSKI W\u0142adys\u0142aw<\/span><\/span><\/a> <\/div> <\/div> <div class=\"rl-gallery-item\" > <div class=\"rl-gallery-item-content\"> <a href=\"https:\/\/dziedzictwopolonii.pl\/portal\/wp-content\/uploads\/2022\/12\/CZAJKOWSKI-Antoni-1.jpg\" title=\"CZAJKOWSKI Antoni\" data-rl_title=\"CZAJKOWSKI Antoni\" class=\"rl-gallery-link\" data-rl_caption=\"\" data-rel=\"lightbox-gallery-1\"><img loading=\"lazy\" decoding=\"async\" src=\"https:\/\/dziedzictwopolonii.pl\/portal\/wp-content\/uploads\/2022\/12\/CZAJKOWSKI-Antoni-1-470x313.jpg\" width=\"470\" height=\"313\" \/><span class=\"rl-gallery-caption\"><span class=\"rl-gallery-item-title\">CZAJKOWSKI Antoni<\/span><\/span><\/a> <\/div> <\/div> <div class=\"rl-gallery-item\" > <div class=\"rl-gallery-item-content\"> <a href=\"https:\/\/dziedzictwopolonii.pl\/portal\/wp-content\/uploads\/2022\/12\/CZARNOCKI-Stefan-1.jpg\" title=\"CZARNOCKI Stefan\" data-rl_title=\"CZARNOCKI Stefan\" class=\"rl-gallery-link\" data-rl_caption=\"\" data-rel=\"lightbox-gallery-1\"><img loading=\"lazy\" decoding=\"async\" src=\"https:\/\/dziedzictwopolonii.pl\/portal\/wp-content\/uploads\/2022\/12\/CZARNOCKI-Stefan-1-470x313.jpg\" width=\"470\" height=\"313\" \/><span class=\"rl-gallery-caption\"><span class=\"rl-gallery-item-title\">CZARNOCKI Stefan<\/span><\/span><\/a> <\/div> <\/div> <div class=\"rl-gallery-item\" > <div class=\"rl-gallery-item-content\"> <a href=\"https:\/\/dziedzictwopolonii.pl\/portal\/wp-content\/uploads\/2022\/12\/CZAYKOWSKI-Bogdan-1.jpg\" title=\"CZAYKOWSKI Bogdan\" data-rl_title=\"CZAYKOWSKI Bogdan\" class=\"rl-gallery-link\" data-rl_caption=\"\" data-rel=\"lightbox-gallery-1\"><img loading=\"lazy\" decoding=\"async\" src=\"https:\/\/dziedzictwopolonii.pl\/portal\/wp-content\/uploads\/2022\/12\/CZAYKOWSKI-Bogdan-1-470x313.jpg\" width=\"470\" height=\"313\" \/><span class=\"rl-gallery-caption\"><span class=\"rl-gallery-item-title\">CZAYKOWSKI Bogdan<\/span><\/span><\/a> <\/div> <\/div> <\/div> <div class=\"rl-pagination rl-pagination-bottom\" data-button=\"automatically\"><span aria-current=\"page\" class=\"page-numbers current\">1<\/span> <a class=\"page-numbers\" href=\"https:\/\/dziedzictwopolonii.pl\/portal\/rl_gallery\/naukowcy-polonijni-galeria-portretow-autorstwa-tadeusza-kurka-czesc-ii\/?rl_gallery_no=1&#038;rl_page=2\">2<\/a> <a class=\"page-numbers\" href=\"https:\/\/dziedzictwopolonii.pl\/portal\/rl_gallery\/naukowcy-polonijni-galeria-portretow-autorstwa-tadeusza-kurka-czesc-ii\/?rl_gallery_no=1&#038;rl_page=3\">3<\/a> <a class=\"next page-numbers\" href=\"https:\/\/dziedzictwopolonii.pl\/portal\/rl_gallery\/naukowcy-polonijni-galeria-portretow-autorstwa-tadeusza-kurka-czesc-ii\/?rl_gallery_no=1&#038;rl_page=2\">Nast\u0119pne &raquo;<\/a><\/div> <\/div>\n","protected":false},"excerpt":{"rendered":"<p> Portrety naukowc\u00f3w polonijnych autorstwa artysty plastyka Tadeusza Kurka BYLICA Marcin BYTHNER Wiktoryn CERASKI Witold CHAPEVILLE Francois CHARATONIK Janusz CH\u0118CI\u0143SKI Wiktor Czes\u0142aw CHOJNACKA El\u017cbieta CHOLEWI\u0143SKI Alfred CHURG Jacob CHYLI\u0143SKI Konstanty CIENKOWSKI Leon CIEPLAK Jan CUI Cezar CYBICHOWSKI Zygmunt CZACH\u00d3RSKI W\u0142adys\u0142aw CZAJKOWSKI Antoni CZARNOCKI Stefan CZAYKOWSKI Bogdan 1 2 3 Nast\u0119pne &raquo;<\/p>\n","protected":false},"author":4,"featured_media":3538,"comment_status":"closed","ping_status":"closed","sticky":false,"template":"","format":"standard","meta":{"_mi_skip_tracking":false,"footnotes":""},"categories":[122],"tags":[],"class_list":["post-3563","post","type-post","status-publish","format-standard","has-post-thumbnail","hentry","category-fototeka-polonijna-varia"],"_links":{"self":[{"href":"https:\/\/dziedzictwopolonii.pl\/portal\/wp-json\/wp\/v2\/posts\/3563","targetHints":{"allow":["GET"]}}],"collection":[{"href":"https:\/\/dziedzictwopolonii.pl\/portal\/wp-json\/wp\/v2\/posts"}],"about":[{"href":"https:\/\/dziedzictwopolonii.pl\/portal\/wp-json\/wp\/v2\/types\/post"}],"author":[{"embeddable":true,"href":"https:\/\/dziedzictwopolonii.pl\/portal\/wp-json\/wp\/v2\/users\/4"}],"replies":[{"embeddable":true,"href":"https:\/\/dziedzictwopolonii.pl\/portal\/wp-json\/wp\/v2\/comments?post=3563"}],"version-history":[{"count":1,"href":"https:\/\/dziedzictwopolonii.pl\/portal\/wp-json\/wp\/v2\/posts\/3563\/revisions"}],"predecessor-version":[{"id":3564,"href":"https:\/\/dziedzictwopolonii.pl\/portal\/wp-json\/wp\/v2\/posts\/3563\/revisions\/3564"}],"wp:featuredmedia":[{"embeddable":true,"href":"https:\/\/dziedzictwopolonii.pl\/portal\/wp-json\/wp\/v2\/media\/3538"}],"wp:attachment":[{"href":"https:\/\/dziedzictwopolonii.pl\/portal\/wp-json\/wp\/v2\/media?parent=3563"}],"wp:term":[{"taxonomy":"category","embeddable":true,"href":"https:\/\/dziedzictwopolonii.pl\/portal\/wp-json\/wp\/v2\/categories?post=3563"},{"taxonomy":"post_tag","embeddable":true,"href":"https:\/\/dziedzictwopolonii.pl\/portal\/wp-json\/wp\/v2\/tags?post=3563"}],"curies":[{"name":"wp","href":"https:\/\/api.w.org\/{rel}","templated":true}]}}