{"id":3559,"date":"2022-12-21T12:51:02","date_gmt":"2022-12-21T11:51:02","guid":{"rendered":"http:\/\/yanh.pl\/dev\/srbnp\/?p=3559"},"modified":"2023-01-27T10:02:03","modified_gmt":"2023-01-27T09:02:03","slug":"naukowcy-4","status":"publish","type":"post","link":"https:\/\/dziedzictwopolonii.pl\/portal\/naukowcy-4\/","title":{"rendered":"Naukowcy polonijni &#8211; galeria portret\u00f3w autorstwa Tadeusza Kurka &#8211; cz\u0119\u015b\u0107 IV"},"content":{"rendered":"<div class=\"pdfprnt-buttons pdfprnt-buttons-post pdfprnt-top-right\"><a href=\"https:\/\/dziedzictwopolonii.pl\/portal\/wp-json\/wp\/v2\/posts\/3559?print=pdf\" class=\"pdfprnt-button pdfprnt-button-pdf\" target=\"_blank\"><img decoding=\"async\" src=\"http:\/\/dziedzictwopolonii.pl\/portal\/wp-content\/plugins\/pdf-print\/images\/pdf.png\" alt=\"image_pdf\" title=\"Download PDF\" \/><span class=\"pdfprnt-button-title pdfprnt-button-pdf-title\">POBIERZ PDF<\/span><\/a><a href=\"https:\/\/dziedzictwopolonii.pl\/portal\/wp-json\/wp\/v2\/posts\/3559?print=print\" class=\"pdfprnt-button pdfprnt-button-print\" target=\"_blank\"><img decoding=\"async\" src=\"http:\/\/dziedzictwopolonii.pl\/portal\/wp-content\/plugins\/pdf-print\/images\/print.png\" alt=\"image_print\" title=\"Print Content\" \/><\/a><\/div><div class=\"rl-gallery-container rl-loading rl-pagination-infinite\" id=\"rl-gallery-container-1\" data-gallery_id=\"3090\"> <div class=\"rl-gallery-description\">Portrety naukowc\u00f3w polonijnych autorstwa artysty plastyka Tadeusza Kurka<\/div> <div class=\"rl-gallery rl-basicmasonry-gallery rl-hover-effect-5 rl-hover-icon-2\" id=\"rl-gallery-1\" data-gallery_no=\"1\"> <div class=\"rl-gutter-sizer\"><\/div><div class=\"rl-grid-sizer\"><\/div> <div class=\"rl-gallery-item rl-gallery-item-width-4\" > <div class=\"rl-gallery-item-content\"> <a href=\"https:\/\/dziedzictwopolonii.pl\/portal\/wp-content\/uploads\/2022\/12\/KALANDYK-Stanislaw.jpg\" title=\"KALANDYK Stanis\u0142aw\" data-rl_title=\"KALANDYK Stanis\u0142aw\" class=\"rl-gallery-link\" data-rl_caption=\"\" data-rel=\"lightbox-gallery-1\"><img loading=\"lazy\" decoding=\"async\" src=\"https:\/\/dziedzictwopolonii.pl\/portal\/wp-content\/uploads\/2022\/12\/KALANDYK-Stanislaw-470x313.jpg\" width=\"470\" height=\"313\" \/><span class=\"rl-gallery-caption\"><span class=\"rl-gallery-item-title\">KALANDYK Stanis\u0142aw<\/span><\/span><\/a> <\/div> <\/div> <div class=\"rl-gallery-item\" > <div class=\"rl-gallery-item-content\"> <a href=\"https:\/\/dziedzictwopolonii.pl\/portal\/wp-content\/uploads\/2022\/12\/KAMROWSKI-Gerome.jpg\" title=\"KAMROWSKI Gerome\" data-rl_title=\"KAMROWSKI Gerome\" class=\"rl-gallery-link\" data-rl_caption=\"\" data-rel=\"lightbox-gallery-1\"><img loading=\"lazy\" decoding=\"async\" src=\"https:\/\/dziedzictwopolonii.pl\/portal\/wp-content\/uploads\/2022\/12\/KAMROWSKI-Gerome-470x313.jpg\" width=\"470\" height=\"313\" \/><span class=\"rl-gallery-caption\"><span class=\"rl-gallery-item-title\">KAMROWSKI Gerome<\/span><\/span><\/a> <\/div> <\/div> <div class=\"rl-gallery-item\" > <div class=\"rl-gallery-item-content\"> <a href=\"https:\/\/dziedzictwopolonii.pl\/portal\/wp-content\/uploads\/2022\/12\/KARBOWNIK-Franciszek.jpg\" title=\"KARBOWNIK Franciszek\" data-rl_title=\"KARBOWNIK Franciszek\" class=\"rl-gallery-link\" data-rl_caption=\"\" data-rel=\"lightbox-gallery-1\"><img loading=\"lazy\" decoding=\"async\" src=\"https:\/\/dziedzictwopolonii.pl\/portal\/wp-content\/uploads\/2022\/12\/KARBOWNIK-Franciszek-470x313.jpg\" width=\"470\" height=\"313\" \/><span class=\"rl-gallery-caption\"><span class=\"rl-gallery-item-title\">KARBOWNIK Franciszek<\/span><\/span><\/a> <\/div> <\/div> <div class=\"rl-gallery-item\" > <div class=\"rl-gallery-item-content\"> <a href=\"https:\/\/dziedzictwopolonii.pl\/portal\/wp-content\/uploads\/2022\/12\/KARSKI-Jan.jpg\" title=\"KARSKI Jan\" data-rl_title=\"KARSKI Jan\" class=\"rl-gallery-link\" data-rl_caption=\"\" data-rel=\"lightbox-gallery-1\"><img loading=\"lazy\" decoding=\"async\" src=\"https:\/\/dziedzictwopolonii.pl\/portal\/wp-content\/uploads\/2022\/12\/KARSKI-Jan-470x313.jpg\" width=\"470\" height=\"313\" \/><span class=\"rl-gallery-caption\"><span class=\"rl-gallery-item-title\">KARSKI Jan<\/span><\/span><\/a> <\/div> <\/div> <div class=\"rl-gallery-item\" > <div class=\"rl-gallery-item-content\"> <a href=\"https:\/\/dziedzictwopolonii.pl\/portal\/wp-content\/uploads\/2022\/12\/KIELAN-JAWORSKA-Zofia.jpg\" title=\"KIELAN-JAWORSKA Zofia\" data-rl_title=\"KIELAN-JAWORSKA Zofia\" class=\"rl-gallery-link\" data-rl_caption=\"\" data-rel=\"lightbox-gallery-1\"><img loading=\"lazy\" decoding=\"async\" src=\"https:\/\/dziedzictwopolonii.pl\/portal\/wp-content\/uploads\/2022\/12\/KIELAN-JAWORSKA-Zofia-470x313.jpg\" width=\"470\" height=\"313\" \/><span class=\"rl-gallery-caption\"><span class=\"rl-gallery-item-title\">KIELAN-JAWORSKA Zofia<\/span><\/span><\/a> <\/div> <\/div> <div class=\"rl-gallery-item\" > <div class=\"rl-gallery-item-content\"> <a href=\"https:\/\/dziedzictwopolonii.pl\/portal\/wp-content\/uploads\/2022\/12\/KIELANOWSKI-POBOG-Leopold.jpg\" title=\"KIELANOWSKI-POB\u00d3G Leopold\" data-rl_title=\"KIELANOWSKI-POB\u00d3G Leopold\" class=\"rl-gallery-link\" data-rl_caption=\"\" data-rel=\"lightbox-gallery-1\"><img loading=\"lazy\" decoding=\"async\" src=\"https:\/\/dziedzictwopolonii.pl\/portal\/wp-content\/uploads\/2022\/12\/KIELANOWSKI-POBOG-Leopold-470x313.jpg\" width=\"470\" height=\"313\" \/><span class=\"rl-gallery-caption\"><span class=\"rl-gallery-item-title\">KIELANOWSKI-POB\u00d3G Leopold<\/span><\/span><\/a> <\/div> <\/div> <div class=\"rl-gallery-item\" > <div class=\"rl-gallery-item-content\"> <a href=\"https:\/\/dziedzictwopolonii.pl\/portal\/wp-content\/uploads\/2022\/12\/KLECKI-Pawel.jpg\" title=\"KLECKI Pawe\u0142\" data-rl_title=\"KLECKI Pawe\u0142\" class=\"rl-gallery-link\" data-rl_caption=\"\" data-rel=\"lightbox-gallery-1\"><img loading=\"lazy\" decoding=\"async\" src=\"https:\/\/dziedzictwopolonii.pl\/portal\/wp-content\/uploads\/2022\/12\/KLECKI-Pawel-470x313.jpg\" width=\"470\" height=\"313\" \/><span class=\"rl-gallery-caption\"><span class=\"rl-gallery-item-title\">KLECKI Pawe\u0142<\/span><\/span><\/a> <\/div> <\/div> <div class=\"rl-gallery-item\" > <div class=\"rl-gallery-item-content\"> <a href=\"https:\/\/dziedzictwopolonii.pl\/portal\/wp-content\/uploads\/2022\/12\/KLUGER-Wladyslaw.jpg\" title=\"KLUGER W\u0142adys\u0142aw\" data-rl_title=\"KLUGER W\u0142adys\u0142aw\" class=\"rl-gallery-link\" data-rl_caption=\"\" data-rel=\"lightbox-gallery-1\"><img loading=\"lazy\" decoding=\"async\" src=\"https:\/\/dziedzictwopolonii.pl\/portal\/wp-content\/uploads\/2022\/12\/KLUGER-Wladyslaw-470x313.jpg\" width=\"470\" height=\"313\" \/><span class=\"rl-gallery-caption\"><span class=\"rl-gallery-item-title\">KLUGER W\u0142adys\u0142aw<\/span><\/span><\/a> <\/div> <\/div> <div class=\"rl-gallery-item\" > <div class=\"rl-gallery-item-content\"> <a href=\"https:\/\/dziedzictwopolonii.pl\/portal\/wp-content\/uploads\/2022\/12\/KOCIMSKI-Karol.jpg\" title=\"KOCIMSKI Karol\" data-rl_title=\"KOCIMSKI Karol\" class=\"rl-gallery-link\" data-rl_caption=\"\" data-rel=\"lightbox-gallery-1\"><img loading=\"lazy\" decoding=\"async\" src=\"https:\/\/dziedzictwopolonii.pl\/portal\/wp-content\/uploads\/2022\/12\/KOCIMSKI-Karol-470x313.jpg\" width=\"470\" height=\"313\" \/><span class=\"rl-gallery-caption\"><span class=\"rl-gallery-item-title\">KOCIMSKI Karol<\/span><\/span><\/a> <\/div> <\/div> <div class=\"rl-gallery-item\" > <div class=\"rl-gallery-item-content\"> <a href=\"https:\/\/dziedzictwopolonii.pl\/portal\/wp-content\/uploads\/2022\/12\/KOLACZEK-Jan.jpg\" title=\"KO\u0141ACZEK Jan\" data-rl_title=\"KO\u0141ACZEK Jan\" class=\"rl-gallery-link\" data-rl_caption=\"\" data-rel=\"lightbox-gallery-1\"><img loading=\"lazy\" decoding=\"async\" src=\"https:\/\/dziedzictwopolonii.pl\/portal\/wp-content\/uploads\/2022\/12\/KOLACZEK-Jan-470x313.jpg\" width=\"470\" height=\"313\" \/><span class=\"rl-gallery-caption\"><span class=\"rl-gallery-item-title\">KO\u0141ACZEK Jan<\/span><\/span><\/a> <\/div> <\/div> <div class=\"rl-gallery-item\" > <div class=\"rl-gallery-item-content\"> <a href=\"https:\/\/dziedzictwopolonii.pl\/portal\/wp-content\/uploads\/2022\/12\/KOMARNICKI-Tytus.jpg\" title=\"KOMARNICKI Tytus\" data-rl_title=\"KOMARNICKI Tytus\" class=\"rl-gallery-link\" data-rl_caption=\"\" data-rel=\"lightbox-gallery-1\"><img loading=\"lazy\" decoding=\"async\" src=\"https:\/\/dziedzictwopolonii.pl\/portal\/wp-content\/uploads\/2022\/12\/KOMARNICKI-Tytus-470x313.jpg\" width=\"470\" height=\"313\" \/><span class=\"rl-gallery-caption\"><span class=\"rl-gallery-item-title\">KOMARNICKI Tytus<\/span><\/span><\/a> <\/div> <\/div> <div class=\"rl-gallery-item\" > <div class=\"rl-gallery-item-content\"> <a href=\"https:\/\/dziedzictwopolonii.pl\/portal\/wp-content\/uploads\/2022\/12\/KOMARNICKI-Waclaw.jpg\" title=\"KOMARNICKI Wac\u0142aw\" data-rl_title=\"KOMARNICKI Wac\u0142aw\" class=\"rl-gallery-link\" data-rl_caption=\"\" data-rel=\"lightbox-gallery-1\"><img loading=\"lazy\" decoding=\"async\" src=\"https:\/\/dziedzictwopolonii.pl\/portal\/wp-content\/uploads\/2022\/12\/KOMARNICKI-Waclaw-470x313.jpg\" width=\"470\" height=\"313\" \/><span class=\"rl-gallery-caption\"><span class=\"rl-gallery-item-title\">KOMARNICKI Wac\u0142aw<\/span><\/span><\/a> <\/div> <\/div> <div class=\"rl-gallery-item\" > <div class=\"rl-gallery-item-content\"> <a href=\"https:\/\/dziedzictwopolonii.pl\/portal\/wp-content\/uploads\/2022\/12\/KONOPINSKI-Emil.jpg\" title=\"KONOPINSKI Emil\" data-rl_title=\"KONOPINSKI Emil\" class=\"rl-gallery-link\" data-rl_caption=\"\" data-rel=\"lightbox-gallery-1\"><img loading=\"lazy\" decoding=\"async\" src=\"https:\/\/dziedzictwopolonii.pl\/portal\/wp-content\/uploads\/2022\/12\/KONOPINSKI-Emil-470x313.jpg\" width=\"470\" height=\"313\" \/><span class=\"rl-gallery-caption\"><span class=\"rl-gallery-item-title\">KONOPINSKI Emil<\/span><\/span><\/a> <\/div> <\/div> <div class=\"rl-gallery-item\" > <div class=\"rl-gallery-item-content\"> <a href=\"https:\/\/dziedzictwopolonii.pl\/portal\/wp-content\/uploads\/2022\/12\/KOPROWSKA-Irena-2.jpg\" title=\"KOPROWSKA Irena\" data-rl_title=\"KOPROWSKA Irena\" class=\"rl-gallery-link\" data-rl_caption=\"\" data-rel=\"lightbox-gallery-1\"><img loading=\"lazy\" decoding=\"async\" src=\"https:\/\/dziedzictwopolonii.pl\/portal\/wp-content\/uploads\/2022\/12\/KOPROWSKA-Irena-2-470x313.jpg\" width=\"470\" height=\"313\" \/><span class=\"rl-gallery-caption\"><span class=\"rl-gallery-item-title\">KOPROWSKA Irena<\/span><\/span><\/a> <\/div> <\/div> <div class=\"rl-gallery-item\" > <div class=\"rl-gallery-item-content\"> <a href=\"https:\/\/dziedzictwopolonii.pl\/portal\/wp-content\/uploads\/2022\/12\/KOPROWSKI-Hilary-2.jpg\" title=\"KOPROWSKI Hilary\" data-rl_title=\"KOPROWSKI Hilary\" class=\"rl-gallery-link\" data-rl_caption=\"\" data-rel=\"lightbox-gallery-1\"><img loading=\"lazy\" decoding=\"async\" src=\"https:\/\/dziedzictwopolonii.pl\/portal\/wp-content\/uploads\/2022\/12\/KOPROWSKI-Hilary-2-470x313.jpg\" width=\"470\" height=\"313\" \/><span class=\"rl-gallery-caption\"><span class=\"rl-gallery-item-title\">KOPROWSKI Hilary<\/span><\/span><\/a> <\/div> <\/div> <div class=\"rl-gallery-item\" > <div class=\"rl-gallery-item-content\"> <a href=\"https:\/\/dziedzictwopolonii.pl\/portal\/wp-content\/uploads\/2022\/12\/KOPS-Lucjan.jpg\" title=\"KOPS Lucjan\" data-rl_title=\"KOPS Lucjan\" class=\"rl-gallery-link\" data-rl_caption=\"\" data-rel=\"lightbox-gallery-1\"><img loading=\"lazy\" decoding=\"async\" src=\"https:\/\/dziedzictwopolonii.pl\/portal\/wp-content\/uploads\/2022\/12\/KOPS-Lucjan-470x313.jpg\" width=\"470\" height=\"313\" \/><span class=\"rl-gallery-caption\"><span class=\"rl-gallery-item-title\">KOPS Lucjan<\/span><\/span><\/a> <\/div> <\/div> <div class=\"rl-gallery-item\" > <div class=\"rl-gallery-item-content\"> <a href=\"https:\/\/dziedzictwopolonii.pl\/portal\/wp-content\/uploads\/2022\/12\/KOREY-KRZECZKOWSKI-Jerzy.jpg\" title=\"KOREY-KRZECZKOWSKI Jerzy\" data-rl_title=\"KOREY-KRZECZKOWSKI Jerzy\" class=\"rl-gallery-link\" data-rl_caption=\"\" data-rel=\"lightbox-gallery-1\"><img loading=\"lazy\" decoding=\"async\" src=\"https:\/\/dziedzictwopolonii.pl\/portal\/wp-content\/uploads\/2022\/12\/KOREY-KRZECZKOWSKI-Jerzy-470x313.jpg\" width=\"470\" height=\"313\" \/><span class=\"rl-gallery-caption\"><span class=\"rl-gallery-item-title\">KOREY-KRZECZKOWSKI Jerzy<\/span><\/span><\/a> <\/div> <\/div> <div class=\"rl-gallery-item\" > <div class=\"rl-gallery-item-content\"> <a href=\"https:\/\/dziedzictwopolonii.pl\/portal\/wp-content\/uploads\/2022\/12\/KOSKOWSKI-Wlodzimierz-2.jpg\" title=\"KOSKOWSKI W\u0142odzimierz\" data-rl_title=\"KOSKOWSKI W\u0142odzimierz\" class=\"rl-gallery-link\" data-rl_caption=\"\" data-rel=\"lightbox-gallery-1\"><img loading=\"lazy\" decoding=\"async\" src=\"https:\/\/dziedzictwopolonii.pl\/portal\/wp-content\/uploads\/2022\/12\/KOSKOWSKI-Wlodzimierz-2-470x313.jpg\" width=\"470\" height=\"313\" \/><span class=\"rl-gallery-caption\"><span class=\"rl-gallery-item-title\">KOSKOWSKI W\u0142odzimierz<\/span><\/span><\/a> <\/div> <\/div> <\/div> <div class=\"rl-pagination rl-pagination-bottom\" data-button=\"automatically\"><span aria-current=\"page\" class=\"page-numbers current\">1<\/span> <a class=\"page-numbers\" href=\"https:\/\/dziedzictwopolonii.pl\/portal\/rl_gallery\/naukowcy-polonijni-galeria-portretow-autorstwa-tadeusza-kurka-czesc-iv\/?rl_gallery_no=1&#038;rl_page=2\">2<\/a> <a class=\"page-numbers\" href=\"https:\/\/dziedzictwopolonii.pl\/portal\/rl_gallery\/naukowcy-polonijni-galeria-portretow-autorstwa-tadeusza-kurka-czesc-iv\/?rl_gallery_no=1&#038;rl_page=3\">3<\/a> <a class=\"next page-numbers\" href=\"https:\/\/dziedzictwopolonii.pl\/portal\/rl_gallery\/naukowcy-polonijni-galeria-portretow-autorstwa-tadeusza-kurka-czesc-iv\/?rl_gallery_no=1&#038;rl_page=2\">Nast\u0119pne &raquo;<\/a><\/div> <\/div>\n","protected":false},"excerpt":{"rendered":"<p> Portrety naukowc\u00f3w polonijnych autorstwa artysty plastyka Tadeusza Kurka KALANDYK Stanis\u0142aw KAMROWSKI Gerome KARBOWNIK Franciszek KARSKI Jan KIELAN-JAWORSKA Zofia KIELANOWSKI-POB\u00d3G Leopold KLECKI Pawe\u0142 KLUGER W\u0142adys\u0142aw KOCIMSKI Karol KO\u0141ACZEK Jan KOMARNICKI Tytus KOMARNICKI Wac\u0142aw KONOPINSKI Emil KOPROWSKA Irena KOPROWSKI Hilary KOPS Lucjan KOREY-KRZECZKOWSKI Jerzy KOSKOWSKI W\u0142odzimierz 1 2 3 Nast\u0119pne &raquo;<\/p>\n","protected":false},"author":4,"featured_media":3540,"comment_status":"closed","ping_status":"closed","sticky":false,"template":"","format":"standard","meta":{"_mi_skip_tracking":false,"footnotes":""},"categories":[122],"tags":[],"class_list":["post-3559","post","type-post","status-publish","format-standard","has-post-thumbnail","hentry","category-fototeka-polonijna-varia"],"_links":{"self":[{"href":"https:\/\/dziedzictwopolonii.pl\/portal\/wp-json\/wp\/v2\/posts\/3559","targetHints":{"allow":["GET"]}}],"collection":[{"href":"https:\/\/dziedzictwopolonii.pl\/portal\/wp-json\/wp\/v2\/posts"}],"about":[{"href":"https:\/\/dziedzictwopolonii.pl\/portal\/wp-json\/wp\/v2\/types\/post"}],"author":[{"embeddable":true,"href":"https:\/\/dziedzictwopolonii.pl\/portal\/wp-json\/wp\/v2\/users\/4"}],"replies":[{"embeddable":true,"href":"https:\/\/dziedzictwopolonii.pl\/portal\/wp-json\/wp\/v2\/comments?post=3559"}],"version-history":[{"count":1,"href":"https:\/\/dziedzictwopolonii.pl\/portal\/wp-json\/wp\/v2\/posts\/3559\/revisions"}],"predecessor-version":[{"id":3560,"href":"https:\/\/dziedzictwopolonii.pl\/portal\/wp-json\/wp\/v2\/posts\/3559\/revisions\/3560"}],"wp:featuredmedia":[{"embeddable":true,"href":"https:\/\/dziedzictwopolonii.pl\/portal\/wp-json\/wp\/v2\/media\/3540"}],"wp:attachment":[{"href":"https:\/\/dziedzictwopolonii.pl\/portal\/wp-json\/wp\/v2\/media?parent=3559"}],"wp:term":[{"taxonomy":"category","embeddable":true,"href":"https:\/\/dziedzictwopolonii.pl\/portal\/wp-json\/wp\/v2\/categories?post=3559"},{"taxonomy":"post_tag","embeddable":true,"href":"https:\/\/dziedzictwopolonii.pl\/portal\/wp-json\/wp\/v2\/tags?post=3559"}],"curies":[{"name":"wp","href":"https:\/\/api.w.org\/{rel}","templated":true}]}}