{"id":3546,"date":"2022-12-21T12:46:02","date_gmt":"2022-12-21T11:46:02","guid":{"rendered":"http:\/\/yanh.pl\/dev\/srbnp\/?p=3546"},"modified":"2023-01-27T10:02:03","modified_gmt":"2023-01-27T09:02:03","slug":"naukowcy-9","status":"publish","type":"post","link":"https:\/\/dziedzictwopolonii.pl\/portal\/naukowcy-9\/","title":{"rendered":"Naukowcy polonijni &#8211; galeria portret\u00f3w autorstwa Tadeusza Kurka &#8211; cz\u0119\u015b\u0107 IX"},"content":{"rendered":"<div class=\"pdfprnt-buttons pdfprnt-buttons-post pdfprnt-top-right\"><a href=\"https:\/\/dziedzictwopolonii.pl\/portal\/wp-json\/wp\/v2\/posts\/3546?print=pdf\" class=\"pdfprnt-button pdfprnt-button-pdf\" target=\"_blank\"><img decoding=\"async\" src=\"http:\/\/dziedzictwopolonii.pl\/portal\/wp-content\/plugins\/pdf-print\/images\/pdf.png\" alt=\"image_pdf\" title=\"Download PDF\" \/><span class=\"pdfprnt-button-title pdfprnt-button-pdf-title\">POBIERZ PDF<\/span><\/a><a href=\"https:\/\/dziedzictwopolonii.pl\/portal\/wp-json\/wp\/v2\/posts\/3546?print=print\" class=\"pdfprnt-button pdfprnt-button-print\" target=\"_blank\"><img decoding=\"async\" src=\"http:\/\/dziedzictwopolonii.pl\/portal\/wp-content\/plugins\/pdf-print\/images\/print.png\" alt=\"image_print\" title=\"Print Content\" \/><\/a><\/div><div class=\"rl-gallery-container rl-loading rl-pagination-infinite\" id=\"rl-gallery-container-1\" data-gallery_id=\"3095\"> <div class=\"rl-gallery-description\">Portrety naukowc\u00f3w polonijnych autorstwa artysty plastyka Tadeusza Kurka<\/div> <div class=\"rl-gallery rl-basicmasonry-gallery rl-hover-effect-5 rl-hover-icon-2\" id=\"rl-gallery-1\" data-gallery_no=\"1\"> <div class=\"rl-gutter-sizer\"><\/div><div class=\"rl-grid-sizer\"><\/div> <div class=\"rl-gallery-item rl-gallery-item-width-4\" > <div class=\"rl-gallery-item-content\"> <a href=\"https:\/\/dziedzictwopolonii.pl\/portal\/wp-content\/uploads\/2022\/12\/TOTENBERG-Roman.jpg\" title=\"TOTENBERG Roman\" data-rl_title=\"TOTENBERG Roman\" class=\"rl-gallery-link\" data-rl_caption=\"\" data-rel=\"lightbox-gallery-1\"><img loading=\"lazy\" decoding=\"async\" src=\"https:\/\/dziedzictwopolonii.pl\/portal\/wp-content\/uploads\/2022\/12\/TOTENBERG-Roman-470x313.jpg\" width=\"470\" height=\"313\" \/><span class=\"rl-gallery-caption\"><span class=\"rl-gallery-item-title\">TOTENBERG Roman<\/span><\/span><\/a> <\/div> <\/div> <div class=\"rl-gallery-item\" > <div class=\"rl-gallery-item-content\"> <a href=\"https:\/\/dziedzictwopolonii.pl\/portal\/wp-content\/uploads\/2022\/12\/TROCHANOWSKI-Bogdan.jpg\" title=\"TROCHANOWSKI Bogdan\" data-rl_title=\"TROCHANOWSKI Bogdan\" class=\"rl-gallery-link\" data-rl_caption=\"\" data-rel=\"lightbox-gallery-1\"><img loading=\"lazy\" decoding=\"async\" src=\"https:\/\/dziedzictwopolonii.pl\/portal\/wp-content\/uploads\/2022\/12\/TROCHANOWSKI-Bogdan-470x313.jpg\" width=\"470\" height=\"313\" \/><span class=\"rl-gallery-caption\"><span class=\"rl-gallery-item-title\">TROCHANOWSKI Bogdan<\/span><\/span><\/a> <\/div> <\/div> <div class=\"rl-gallery-item\" > <div class=\"rl-gallery-item-content\"> <a href=\"https:\/\/dziedzictwopolonii.pl\/portal\/wp-content\/uploads\/2022\/12\/TYMIENIECKA-Anna-Teresa.jpg\" title=\"TYMIENIECKA Anna Teresa\" data-rl_title=\"TYMIENIECKA Anna Teresa\" class=\"rl-gallery-link\" data-rl_caption=\"\" data-rel=\"lightbox-gallery-1\"><img loading=\"lazy\" decoding=\"async\" src=\"https:\/\/dziedzictwopolonii.pl\/portal\/wp-content\/uploads\/2022\/12\/TYMIENIECKA-Anna-Teresa-470x313.jpg\" width=\"470\" height=\"313\" \/><span class=\"rl-gallery-caption\"><span class=\"rl-gallery-item-title\">TYMIENIECKA Anna Teresa<\/span><\/span><\/a> <\/div> <\/div> <div class=\"rl-gallery-item\" > <div class=\"rl-gallery-item-content\"> <a href=\"https:\/\/dziedzictwopolonii.pl\/portal\/wp-content\/uploads\/2022\/12\/UGGLA-Andrzej.jpg\" title=\"UGGLA Andrzej\" data-rl_title=\"UGGLA Andrzej\" class=\"rl-gallery-link\" data-rl_caption=\"\" data-rel=\"lightbox-gallery-1\"><img loading=\"lazy\" decoding=\"async\" src=\"https:\/\/dziedzictwopolonii.pl\/portal\/wp-content\/uploads\/2022\/12\/UGGLA-Andrzej-470x313.jpg\" width=\"470\" height=\"313\" \/><span class=\"rl-gallery-caption\"><span class=\"rl-gallery-item-title\">UGGLA Andrzej<\/span><\/span><\/a> <\/div> <\/div> <div class=\"rl-gallery-item\" > <div class=\"rl-gallery-item-content\"> <a href=\"https:\/\/dziedzictwopolonii.pl\/portal\/wp-content\/uploads\/2022\/12\/ULAM-Stanislaw.jpg\" title=\"ULAM Stanis\u0142aw\" data-rl_title=\"ULAM Stanis\u0142aw\" class=\"rl-gallery-link\" data-rl_caption=\"\" data-rel=\"lightbox-gallery-1\"><img loading=\"lazy\" decoding=\"async\" src=\"https:\/\/dziedzictwopolonii.pl\/portal\/wp-content\/uploads\/2022\/12\/ULAM-Stanislaw-470x313.jpg\" width=\"470\" height=\"313\" \/><span class=\"rl-gallery-caption\"><span class=\"rl-gallery-item-title\">ULAM Stanis\u0142aw<\/span><\/span><\/a> <\/div> <\/div> <div class=\"rl-gallery-item\" > <div class=\"rl-gallery-item-content\"> <a href=\"https:\/\/dziedzictwopolonii.pl\/portal\/wp-content\/uploads\/2022\/12\/VENULET-Jan-2.jpg\" title=\"VENULET Jan\" data-rl_title=\"VENULET Jan\" class=\"rl-gallery-link\" data-rl_caption=\"\" data-rel=\"lightbox-gallery-1\"><img loading=\"lazy\" decoding=\"async\" src=\"https:\/\/dziedzictwopolonii.pl\/portal\/wp-content\/uploads\/2022\/12\/VENULET-Jan-2-470x313.jpg\" width=\"470\" height=\"313\" \/><span class=\"rl-gallery-caption\"><span class=\"rl-gallery-item-title\">VENULET Jan<\/span><\/span><\/a> <\/div> <\/div> <div class=\"rl-gallery-item\" > <div class=\"rl-gallery-item-content\"> <a href=\"https:\/\/dziedzictwopolonii.pl\/portal\/wp-content\/uploads\/2022\/12\/VINCENZ-Andrzej.jpg\" title=\"VINCENZ Andrzej\" data-rl_title=\"VINCENZ Andrzej\" class=\"rl-gallery-link\" data-rl_caption=\"\" data-rel=\"lightbox-gallery-1\"><img loading=\"lazy\" decoding=\"async\" src=\"https:\/\/dziedzictwopolonii.pl\/portal\/wp-content\/uploads\/2022\/12\/VINCENZ-Andrzej-470x313.jpg\" width=\"470\" height=\"313\" \/><span class=\"rl-gallery-caption\"><span class=\"rl-gallery-item-title\">VINCENZ Andrzej<\/span><\/span><\/a> <\/div> <\/div> <div class=\"rl-gallery-item\" > <div class=\"rl-gallery-item-content\"> <a href=\"https:\/\/dziedzictwopolonii.pl\/portal\/wp-content\/uploads\/2022\/12\/WAGNER-Konrad.jpg\" title=\"WAGNER Konrad\" data-rl_title=\"WAGNER Konrad\" class=\"rl-gallery-link\" data-rl_caption=\"\" data-rel=\"lightbox-gallery-1\"><img loading=\"lazy\" decoding=\"async\" src=\"https:\/\/dziedzictwopolonii.pl\/portal\/wp-content\/uploads\/2022\/12\/WAGNER-Konrad-470x313.jpg\" width=\"470\" height=\"313\" \/><span class=\"rl-gallery-caption\"><span class=\"rl-gallery-item-title\">WAGNER Konrad<\/span><\/span><\/a> <\/div> <\/div> <div class=\"rl-gallery-item\" > <div class=\"rl-gallery-item-content\"> <a href=\"https:\/\/dziedzictwopolonii.pl\/portal\/wp-content\/uploads\/2022\/12\/WAGNER-Wienczyslaw.jpg\" title=\"WAGNER Wie\u0144czys\u0142aw\" data-rl_title=\"WAGNER Wie\u0144czys\u0142aw\" class=\"rl-gallery-link\" data-rl_caption=\"\" data-rel=\"lightbox-gallery-1\"><img loading=\"lazy\" decoding=\"async\" src=\"https:\/\/dziedzictwopolonii.pl\/portal\/wp-content\/uploads\/2022\/12\/WAGNER-Wienczyslaw-470x313.jpg\" width=\"470\" height=\"313\" \/><span class=\"rl-gallery-caption\"><span class=\"rl-gallery-item-title\">WAGNER Wie\u0144czys\u0142aw<\/span><\/span><\/a> <\/div> <\/div> <div class=\"rl-gallery-item\" > <div class=\"rl-gallery-item-content\"> <a href=\"https:\/\/dziedzictwopolonii.pl\/portal\/wp-content\/uploads\/2022\/12\/WAJDA-Roman.jpg\" title=\"WAJDA Roman\" data-rl_title=\"WAJDA Roman\" class=\"rl-gallery-link\" data-rl_caption=\"\" data-rel=\"lightbox-gallery-1\"><img loading=\"lazy\" decoding=\"async\" src=\"https:\/\/dziedzictwopolonii.pl\/portal\/wp-content\/uploads\/2022\/12\/WAJDA-Roman-470x313.jpg\" width=\"470\" height=\"313\" \/><span class=\"rl-gallery-caption\"><span class=\"rl-gallery-item-title\">WAJDA Roman<\/span><\/span><\/a> <\/div> <\/div> <div class=\"rl-gallery-item\" > <div class=\"rl-gallery-item-content\"> <a href=\"https:\/\/dziedzictwopolonii.pl\/portal\/wp-content\/uploads\/2022\/12\/WALFISZ-Arnold.jpg\" title=\"WALFISZ Arnold\" data-rl_title=\"WALFISZ Arnold\" class=\"rl-gallery-link\" data-rl_caption=\"\" data-rel=\"lightbox-gallery-1\"><img loading=\"lazy\" decoding=\"async\" src=\"https:\/\/dziedzictwopolonii.pl\/portal\/wp-content\/uploads\/2022\/12\/WALFISZ-Arnold-470x313.jpg\" width=\"470\" height=\"313\" \/><span class=\"rl-gallery-caption\"><span class=\"rl-gallery-item-title\">WALFISZ Arnold<\/span><\/span><\/a> <\/div> <\/div> <div class=\"rl-gallery-item\" > <div class=\"rl-gallery-item-content\"> <a href=\"https:\/\/dziedzictwopolonii.pl\/portal\/wp-content\/uploads\/2022\/12\/WALICKI-Alfons.jpg\" title=\"WALICKI Alfons\" data-rl_title=\"WALICKI Alfons\" class=\"rl-gallery-link\" data-rl_caption=\"\" data-rel=\"lightbox-gallery-1\"><img loading=\"lazy\" decoding=\"async\" src=\"https:\/\/dziedzictwopolonii.pl\/portal\/wp-content\/uploads\/2022\/12\/WALICKI-Alfons-470x313.jpg\" width=\"470\" height=\"313\" \/><span class=\"rl-gallery-caption\"><span class=\"rl-gallery-item-title\">WALICKI Alfons<\/span><\/span><\/a> <\/div> <\/div> <div class=\"rl-gallery-item\" > <div class=\"rl-gallery-item-content\"> <a href=\"https:\/\/dziedzictwopolonii.pl\/portal\/wp-content\/uploads\/2022\/12\/WALICKI-Andrzej.jpg\" title=\"WALICKI Andrzej\" data-rl_title=\"WALICKI Andrzej\" class=\"rl-gallery-link\" data-rl_caption=\"\" data-rel=\"lightbox-gallery-1\"><img loading=\"lazy\" decoding=\"async\" src=\"https:\/\/dziedzictwopolonii.pl\/portal\/wp-content\/uploads\/2022\/12\/WALICKI-Andrzej-470x313.jpg\" width=\"470\" height=\"313\" \/><span class=\"rl-gallery-caption\"><span class=\"rl-gallery-item-title\">WALICKI Andrzej<\/span><\/span><\/a> <\/div> <\/div> <div class=\"rl-gallery-item\" > <div class=\"rl-gallery-item-content\"> <a href=\"https:\/\/dziedzictwopolonii.pl\/portal\/wp-content\/uploads\/2022\/12\/WALASZEWSKI-Zdzislaw.jpg\" title=\"WA\u0141ASZEWSKI Zdzis\u0142aw\" data-rl_title=\"WA\u0141ASZEWSKI Zdzis\u0142aw\" class=\"rl-gallery-link\" data-rl_caption=\"\" data-rel=\"lightbox-gallery-1\"><img loading=\"lazy\" decoding=\"async\" src=\"https:\/\/dziedzictwopolonii.pl\/portal\/wp-content\/uploads\/2022\/12\/WALASZEWSKI-Zdzislaw-470x313.jpg\" width=\"470\" height=\"313\" \/><span class=\"rl-gallery-caption\"><span class=\"rl-gallery-item-title\">WA\u0141ASZEWSKI Zdzis\u0142aw<\/span><\/span><\/a> <\/div> <\/div> <div class=\"rl-gallery-item\" > <div class=\"rl-gallery-item-content\"> <a href=\"https:\/\/dziedzictwopolonii.pl\/portal\/wp-content\/uploads\/2022\/12\/WANDYCZ-Piotr.jpg\" title=\"WANDYCZ Piotr\" data-rl_title=\"WANDYCZ Piotr\" class=\"rl-gallery-link\" data-rl_caption=\"\" data-rel=\"lightbox-gallery-1\"><img loading=\"lazy\" decoding=\"async\" src=\"https:\/\/dziedzictwopolonii.pl\/portal\/wp-content\/uploads\/2022\/12\/WANDYCZ-Piotr-470x313.jpg\" width=\"470\" height=\"313\" \/><span class=\"rl-gallery-caption\"><span class=\"rl-gallery-item-title\">WANDYCZ Piotr<\/span><\/span><\/a> <\/div> <\/div> <div class=\"rl-gallery-item\" > <div class=\"rl-gallery-item-content\"> <a href=\"https:\/\/dziedzictwopolonii.pl\/portal\/wp-content\/uploads\/2022\/12\/WARCHOLOWSKI-Edward.jpg\" title=\"WARCHO\u0141OWSKI Edward\" data-rl_title=\"WARCHO\u0141OWSKI Edward\" class=\"rl-gallery-link\" data-rl_caption=\"\" data-rel=\"lightbox-gallery-1\"><img loading=\"lazy\" decoding=\"async\" src=\"https:\/\/dziedzictwopolonii.pl\/portal\/wp-content\/uploads\/2022\/12\/WARCHOLOWSKI-Edward-470x313.jpg\" width=\"470\" height=\"313\" \/><span class=\"rl-gallery-caption\"><span class=\"rl-gallery-item-title\">WARCHO\u0141OWSKI Edward<\/span><\/span><\/a> <\/div> <\/div> <div class=\"rl-gallery-item\" > <div class=\"rl-gallery-item-content\"> <a href=\"https:\/\/dziedzictwopolonii.pl\/portal\/wp-content\/uploads\/2022\/12\/WASIK-Stanislaw.jpg\" title=\"W\u0104SIK Stanis\u0142aw\" data-rl_title=\"W\u0104SIK Stanis\u0142aw\" class=\"rl-gallery-link\" data-rl_caption=\"\" data-rel=\"lightbox-gallery-1\"><img loading=\"lazy\" decoding=\"async\" src=\"https:\/\/dziedzictwopolonii.pl\/portal\/wp-content\/uploads\/2022\/12\/WASIK-Stanislaw-470x313.jpg\" width=\"470\" height=\"313\" \/><span class=\"rl-gallery-caption\"><span class=\"rl-gallery-item-title\">W\u0104SIK Stanis\u0142aw<\/span><\/span><\/a> <\/div> <\/div> <div class=\"rl-gallery-item\" > <div class=\"rl-gallery-item-content\"> <a href=\"https:\/\/dziedzictwopolonii.pl\/portal\/wp-content\/uploads\/2022\/12\/WEINTRAUB-Wiktor.jpg\" title=\"WEINTRAUB Wiktor\" data-rl_title=\"WEINTRAUB Wiktor\" class=\"rl-gallery-link\" data-rl_caption=\"\" data-rel=\"lightbox-gallery-1\"><img loading=\"lazy\" decoding=\"async\" src=\"https:\/\/dziedzictwopolonii.pl\/portal\/wp-content\/uploads\/2022\/12\/WEINTRAUB-Wiktor-470x313.jpg\" width=\"470\" height=\"313\" \/><span class=\"rl-gallery-caption\"><span class=\"rl-gallery-item-title\">WEINTRAUB Wiktor<\/span><\/span><\/a> <\/div> <\/div> <\/div> <div class=\"rl-pagination rl-pagination-bottom\" data-button=\"automatically\"><span aria-current=\"page\" class=\"page-numbers current\">1<\/span> <a class=\"page-numbers\" href=\"https:\/\/dziedzictwopolonii.pl\/portal\/rl_gallery\/naukowcy-polonijni-galeria-portretow-autorstwa-tadeusza-kurka-czesc-ix\/?rl_gallery_no=1&#038;rl_page=2\">2<\/a> <a class=\"page-numbers\" href=\"https:\/\/dziedzictwopolonii.pl\/portal\/rl_gallery\/naukowcy-polonijni-galeria-portretow-autorstwa-tadeusza-kurka-czesc-ix\/?rl_gallery_no=1&#038;rl_page=3\">3<\/a> <a class=\"next page-numbers\" href=\"https:\/\/dziedzictwopolonii.pl\/portal\/rl_gallery\/naukowcy-polonijni-galeria-portretow-autorstwa-tadeusza-kurka-czesc-ix\/?rl_gallery_no=1&#038;rl_page=2\">Nast\u0119pne &raquo;<\/a><\/div> <\/div>\n","protected":false},"excerpt":{"rendered":"<p> Portrety naukowc\u00f3w polonijnych autorstwa artysty plastyka Tadeusza Kurka TOTENBERG Roman TROCHANOWSKI Bogdan TYMIENIECKA Anna Teresa UGGLA Andrzej ULAM Stanis\u0142aw VENULET Jan VINCENZ Andrzej WAGNER Konrad WAGNER Wie\u0144czys\u0142aw WAJDA Roman WALFISZ Arnold WALICKI Alfons WALICKI Andrzej WA\u0141ASZEWSKI Zdzis\u0142aw WANDYCZ Piotr WARCHO\u0141OWSKI Edward W\u0104SIK Stanis\u0142aw WEINTRAUB Wiktor 1 2 3 Nast\u0119pne &raquo;<\/p>\n","protected":false},"author":4,"featured_media":3545,"comment_status":"closed","ping_status":"closed","sticky":false,"template":"","format":"standard","meta":{"_mi_skip_tracking":false,"footnotes":""},"categories":[122],"tags":[],"class_list":["post-3546","post","type-post","status-publish","format-standard","has-post-thumbnail","hentry","category-fototeka-polonijna-varia"],"_links":{"self":[{"href":"https:\/\/dziedzictwopolonii.pl\/portal\/wp-json\/wp\/v2\/posts\/3546","targetHints":{"allow":["GET"]}}],"collection":[{"href":"https:\/\/dziedzictwopolonii.pl\/portal\/wp-json\/wp\/v2\/posts"}],"about":[{"href":"https:\/\/dziedzictwopolonii.pl\/portal\/wp-json\/wp\/v2\/types\/post"}],"author":[{"embeddable":true,"href":"https:\/\/dziedzictwopolonii.pl\/portal\/wp-json\/wp\/v2\/users\/4"}],"replies":[{"embeddable":true,"href":"https:\/\/dziedzictwopolonii.pl\/portal\/wp-json\/wp\/v2\/comments?post=3546"}],"version-history":[{"count":1,"href":"https:\/\/dziedzictwopolonii.pl\/portal\/wp-json\/wp\/v2\/posts\/3546\/revisions"}],"predecessor-version":[{"id":3548,"href":"https:\/\/dziedzictwopolonii.pl\/portal\/wp-json\/wp\/v2\/posts\/3546\/revisions\/3548"}],"wp:featuredmedia":[{"embeddable":true,"href":"https:\/\/dziedzictwopolonii.pl\/portal\/wp-json\/wp\/v2\/media\/3545"}],"wp:attachment":[{"href":"https:\/\/dziedzictwopolonii.pl\/portal\/wp-json\/wp\/v2\/media?parent=3546"}],"wp:term":[{"taxonomy":"category","embeddable":true,"href":"https:\/\/dziedzictwopolonii.pl\/portal\/wp-json\/wp\/v2\/categories?post=3546"},{"taxonomy":"post_tag","embeddable":true,"href":"https:\/\/dziedzictwopolonii.pl\/portal\/wp-json\/wp\/v2\/tags?post=3546"}],"curies":[{"name":"wp","href":"https:\/\/api.w.org\/{rel}","templated":true}]}}