{"id":2844,"date":"2022-12-20T17:54:12","date_gmt":"2022-12-20T16:54:12","guid":{"rendered":"http:\/\/yanh.pl\/dev\/srbnp\/?p=2844"},"modified":"2023-01-27T10:02:04","modified_gmt":"2023-01-27T09:02:04","slug":"didur-adam","status":"publish","type":"post","link":"https:\/\/dziedzictwopolonii.pl\/portal\/didur-adam\/","title":{"rendered":"Didur Adam"},"content":{"rendered":"<div class=\"pdfprnt-buttons pdfprnt-buttons-post pdfprnt-top-right\"><a href=\"https:\/\/dziedzictwopolonii.pl\/portal\/wp-json\/wp\/v2\/posts\/2844?print=pdf\" class=\"pdfprnt-button pdfprnt-button-pdf\" target=\"_blank\"><img decoding=\"async\" src=\"http:\/\/dziedzictwopolonii.pl\/portal\/wp-content\/plugins\/pdf-print\/images\/pdf.png\" alt=\"image_pdf\" title=\"Download PDF\" \/><span class=\"pdfprnt-button-title pdfprnt-button-pdf-title\">POBIERZ PDF<\/span><\/a><a href=\"https:\/\/dziedzictwopolonii.pl\/portal\/wp-json\/wp\/v2\/posts\/2844?print=print\" class=\"pdfprnt-button pdfprnt-button-print\" target=\"_blank\"><img decoding=\"async\" src=\"http:\/\/dziedzictwopolonii.pl\/portal\/wp-content\/plugins\/pdf-print\/images\/print.png\" alt=\"image_print\" title=\"Print Content\" \/><\/a><\/div><p style=\"text-align: justify;\"><strong>DIDUR Adam, <\/strong>\u015bpiewak operowy (bas), ur. 24 grudnia 1874 r. w Woli S\u0119kowej, zm. 7 stycznia 1946 roku w Katowicach, syn (nie\u015blubny) Jakuba Brochwicz-Wiktora i Wincenty Jasi\u0144skiej, kt\u00f3ra w dwa lata po urodzeniu syna wst\u0105pi\u0142a w zwi\u0105zek ma\u0142\u017ce\u0144ski z Antonim Didurem. Wykszta\u0142cenie: nauk\u0119 \u015bpiewu pobiera\u0142 u Walerego Wysockiego w Galicyjskim Towarzystwie Muzycznym we Lwowie, a nast\u0119pnie we W\u0142oszech. Karier\u0119 operow\u0105 rozpocz\u0105\u0142 w 1894 na scenie teatru w Pinerolo ko\u0142o <a href=\"https:\/\/pl.wikipedia.org\/wiki\/Turyn\">Turynu<\/a>.\u00a0 \u015apiewa\u0142, m.in. w: teatrze w Messynie 1898-1899, La Scali w Mediolanie 1903-1906; Covent Garden w Londynie 1905, Manhattan Opera w Nowym Jorku 1908. Od 1914 zosta\u0142 solist\u0105 nowojorskiej Metropolitan Opera, gdzie wyst\u0105pi\u0142 729 razy oraz mia\u0142 182 wyst\u0119py z jej zespo\u0142em w innych teatrach Stan\u00f3w Zjednoczonych. W 1932 wr\u00f3ci\u0142 do Polski. Odznaczenia: Krzy\u017c Oficerski Orderu Odrodzenia Polski.<\/p>\n<p style=\"text-align: justify;\">Lit.: <em>Encyklopedia muzyczna PWM, <\/em>red. E. Dzi\u0119bowska, Krak\u00f3w 1979.<\/p>\n","protected":false},"excerpt":{"rendered":"<p>DIDUR Adam, \u015bpiewak operowy (bas), ur. 24 grudnia 1874 r. w Woli S\u0119kowej, zm. 7 stycznia 1946 roku w Katowicach, syn (nie\u015blubny) Jakuba Brochwicz-Wiktora i Wincenty Jasi\u0144skiej, kt\u00f3ra w dwa lata po urodzeniu syna wst\u0105pi\u0142a w zwi\u0105zek ma\u0142\u017ce\u0144ski z Antonim Didurem. Wykszta\u0142cenie: nauk\u0119 \u015bpiewu pobiera\u0142 u Walerego Wysockiego w Galicyjskim Towarzystwie Muzycznym we Lwowie, [&hellip;]<\/p>\n","protected":false},"author":4,"featured_media":2754,"comment_status":"closed","ping_status":"closed","sticky":false,"template":"","format":"standard","meta":{"_mi_skip_tracking":false,"footnotes":""},"categories":[66],"tags":[],"class_list":["post-2844","post","type-post","status-publish","format-standard","has-post-thumbnail","hentry","category-muzycy-i-kompozytorzy"],"_links":{"self":[{"href":"https:\/\/dziedzictwopolonii.pl\/portal\/wp-json\/wp\/v2\/posts\/2844","targetHints":{"allow":["GET"]}}],"collection":[{"href":"https:\/\/dziedzictwopolonii.pl\/portal\/wp-json\/wp\/v2\/posts"}],"about":[{"href":"https:\/\/dziedzictwopolonii.pl\/portal\/wp-json\/wp\/v2\/types\/post"}],"author":[{"embeddable":true,"href":"https:\/\/dziedzictwopolonii.pl\/portal\/wp-json\/wp\/v2\/users\/4"}],"replies":[{"embeddable":true,"href":"https:\/\/dziedzictwopolonii.pl\/portal\/wp-json\/wp\/v2\/comments?post=2844"}],"version-history":[{"count":1,"href":"https:\/\/dziedzictwopolonii.pl\/portal\/wp-json\/wp\/v2\/posts\/2844\/revisions"}],"predecessor-version":[{"id":2846,"href":"https:\/\/dziedzictwopolonii.pl\/portal\/wp-json\/wp\/v2\/posts\/2844\/revisions\/2846"}],"wp:featuredmedia":[{"embeddable":true,"href":"https:\/\/dziedzictwopolonii.pl\/portal\/wp-json\/wp\/v2\/media\/2754"}],"wp:attachment":[{"href":"https:\/\/dziedzictwopolonii.pl\/portal\/wp-json\/wp\/v2\/media?parent=2844"}],"wp:term":[{"taxonomy":"category","embeddable":true,"href":"https:\/\/dziedzictwopolonii.pl\/portal\/wp-json\/wp\/v2\/categories?post=2844"},{"taxonomy":"post_tag","embeddable":true,"href":"https:\/\/dziedzictwopolonii.pl\/portal\/wp-json\/wp\/v2\/tags?post=2844"}],"curies":[{"name":"wp","href":"https:\/\/api.w.org\/{rel}","templated":true}]}}