{"id":2838,"date":"2022-12-20T17:53:13","date_gmt":"2022-12-20T16:53:13","guid":{"rendered":"http:\/\/yanh.pl\/dev\/srbnp\/?p=2838"},"modified":"2023-01-27T10:02:04","modified_gmt":"2023-01-27T09:02:04","slug":"dedek-elzbieta","status":"publish","type":"post","link":"https:\/\/dziedzictwopolonii.pl\/portal\/dedek-elzbieta\/","title":{"rendered":"Dedek El\u017cbieta"},"content":{"rendered":"<div class=\"pdfprnt-buttons pdfprnt-buttons-post pdfprnt-top-right\"><a href=\"https:\/\/dziedzictwopolonii.pl\/portal\/wp-json\/wp\/v2\/posts\/2838?print=pdf\" class=\"pdfprnt-button pdfprnt-button-pdf\" target=\"_blank\"><img decoding=\"async\" src=\"http:\/\/dziedzictwopolonii.pl\/portal\/wp-content\/plugins\/pdf-print\/images\/pdf.png\" alt=\"image_pdf\" title=\"Download PDF\" \/><span class=\"pdfprnt-button-title pdfprnt-button-pdf-title\">POBIERZ PDF<\/span><\/a><a href=\"https:\/\/dziedzictwopolonii.pl\/portal\/wp-json\/wp\/v2\/posts\/2838?print=print\" class=\"pdfprnt-button pdfprnt-button-print\" target=\"_blank\"><img decoding=\"async\" src=\"http:\/\/dziedzictwopolonii.pl\/portal\/wp-content\/plugins\/pdf-print\/images\/print.png\" alt=\"image_print\" title=\"Print Content\" \/><\/a><\/div><p style=\"text-align: justify;\"><strong>DEDEK El\u017cbieta, <\/strong>pianistka; ur. 18 czerwca 1944 w Warszawie. Wykszta\u0142cenie: Pa\u0144stwowa Wy\u017csza Szko\u0142a Muzyczna w Warszawie; Kr\u00f3lewskie Konserwatorium Muzyczne w Brukseli, Mons i Li\u00e8ge. Od 1959 w Belgii. Debiut na Uniwersytecie de la Paix w Huy 1966. Wyk\u0142adowca w Akademii Gretry w Li\u00e8ge. Koncertowa\u0142a, m.in. w: Polsce, Belgii, Francji, Szwecji, Holandii, Grecji, Rosji, Portugalii, Wielkiej Brytanii, Nigerii, Czadzie, Turcji, Egipcie, Indiach Santo Domingo, Brazylii, Peru, Kanadzie i USA. Honorowa obywatelka wyspy Nosy Be (Madagaskar) i Rawy Mazowieckiej. Wyr\u00f3\u017cniona jako jedna ze 100 najs\u0142awniejszych Polek (miesi\u0119cznik \u201ePani\u201d). Odznaczenia: Srebrny Krzy\u017c Zas\u0142ugi (Londyn). Miejsce zamieszkania: Belgia.<\/p>\n<p style=\"text-align: justify;\">Lit.: Sroga W., <em>Sypiaj\u0105c&#8230; z Chopinem-rzecz o El\u017cbiecie Dedek<\/em>, \u201eNotatnik Rawski\u201d nr 6 z 2002.<\/p>\n","protected":false},"excerpt":{"rendered":"<p>DEDEK El\u017cbieta, pianistka; ur. 18 czerwca 1944 w Warszawie. Wykszta\u0142cenie: Pa\u0144stwowa Wy\u017csza Szko\u0142a Muzyczna w Warszawie; Kr\u00f3lewskie Konserwatorium Muzyczne w Brukseli, Mons i Li\u00e8ge. Od 1959 w Belgii. Debiut na Uniwersytecie de la Paix w Huy 1966. Wyk\u0142adowca w Akademii Gretry w Li\u00e8ge. Koncertowa\u0142a, m.in. w: Polsce, Belgii, Francji, Szwecji, Holandii, Grecji, Rosji, Portugalii, [&hellip;]<\/p>\n","protected":false},"author":4,"featured_media":2754,"comment_status":"closed","ping_status":"closed","sticky":false,"template":"","format":"standard","meta":{"_mi_skip_tracking":false,"footnotes":""},"categories":[66],"tags":[],"class_list":["post-2838","post","type-post","status-publish","format-standard","has-post-thumbnail","hentry","category-muzycy-i-kompozytorzy"],"_links":{"self":[{"href":"https:\/\/dziedzictwopolonii.pl\/portal\/wp-json\/wp\/v2\/posts\/2838","targetHints":{"allow":["GET"]}}],"collection":[{"href":"https:\/\/dziedzictwopolonii.pl\/portal\/wp-json\/wp\/v2\/posts"}],"about":[{"href":"https:\/\/dziedzictwopolonii.pl\/portal\/wp-json\/wp\/v2\/types\/post"}],"author":[{"embeddable":true,"href":"https:\/\/dziedzictwopolonii.pl\/portal\/wp-json\/wp\/v2\/users\/4"}],"replies":[{"embeddable":true,"href":"https:\/\/dziedzictwopolonii.pl\/portal\/wp-json\/wp\/v2\/comments?post=2838"}],"version-history":[{"count":1,"href":"https:\/\/dziedzictwopolonii.pl\/portal\/wp-json\/wp\/v2\/posts\/2838\/revisions"}],"predecessor-version":[{"id":2840,"href":"https:\/\/dziedzictwopolonii.pl\/portal\/wp-json\/wp\/v2\/posts\/2838\/revisions\/2840"}],"wp:featuredmedia":[{"embeddable":true,"href":"https:\/\/dziedzictwopolonii.pl\/portal\/wp-json\/wp\/v2\/media\/2754"}],"wp:attachment":[{"href":"https:\/\/dziedzictwopolonii.pl\/portal\/wp-json\/wp\/v2\/media?parent=2838"}],"wp:term":[{"taxonomy":"category","embeddable":true,"href":"https:\/\/dziedzictwopolonii.pl\/portal\/wp-json\/wp\/v2\/categories?post=2838"},{"taxonomy":"post_tag","embeddable":true,"href":"https:\/\/dziedzictwopolonii.pl\/portal\/wp-json\/wp\/v2\/tags?post=2838"}],"curies":[{"name":"wp","href":"https:\/\/api.w.org\/{rel}","templated":true}]}}