{"id":2835,"date":"2022-12-20T17:52:39","date_gmt":"2022-12-20T16:52:39","guid":{"rendered":"http:\/\/yanh.pl\/dev\/srbnp\/?p=2835"},"modified":"2023-01-27T10:02:04","modified_gmt":"2023-01-27T09:02:04","slug":"danilowski-wladyslaw","status":"publish","type":"post","link":"https:\/\/dziedzictwopolonii.pl\/portal\/danilowski-wladyslaw\/","title":{"rendered":"Dani\u0142owski W\u0142adys\u0142aw"},"content":{"rendered":"<div class=\"pdfprnt-buttons pdfprnt-buttons-post pdfprnt-top-right\"><a href=\"https:\/\/dziedzictwopolonii.pl\/portal\/wp-json\/wp\/v2\/posts\/2835?print=pdf\" class=\"pdfprnt-button pdfprnt-button-pdf\" target=\"_blank\"><img decoding=\"async\" src=\"http:\/\/dziedzictwopolonii.pl\/portal\/wp-content\/plugins\/pdf-print\/images\/pdf.png\" alt=\"image_pdf\" title=\"Download PDF\" \/><span class=\"pdfprnt-button-title pdfprnt-button-pdf-title\">POBIERZ PDF<\/span><\/a><a href=\"https:\/\/dziedzictwopolonii.pl\/portal\/wp-json\/wp\/v2\/posts\/2835?print=print\" class=\"pdfprnt-button pdfprnt-button-print\" target=\"_blank\"><img decoding=\"async\" src=\"http:\/\/dziedzictwopolonii.pl\/portal\/wp-content\/plugins\/pdf-print\/images\/print.png\" alt=\"image_print\" title=\"Print Content\" \/><\/a><\/div><p style=\"text-align: justify;\"><strong>DANI\u0141OWSKI W\u0142adys\u0142aw <\/strong>ps. Dan, kompozytor, pianista, wokalista; ur. 26 kwietnia 1902 w Warszawie, zm. 4 marca 2000 w Miami Beach (Floryda, USA), syn Gustawa. Wykszta\u0142cenie: studia muzyczne w Konserwatorium Warszawskim (fortepian w klasie Henryka Melcera-Szczawi\u0144skiego, a teori\u0119 muzyki w klasie Piotra Rytla), studia prawnicze na Uniwersytecie Warszawskim; studia uzupe\u0142niaj\u0105ce w Pary\u017cu jako stypendysta MSZ 1927-1928. Za\u0142o\u017cyciel i prowadz\u0105cy Ch\u00f3r Dana w Warszawie 1928-1939. W latach 1928-1939 pracowa\u0142 m.in. w Polskim Radiu oraz pisa\u0142 piosenki dla wielu wykonawc\u00f3w, m.in. Mieczys\u0142awa Foga i Miry Zimi\u0144skiej-Sygiety\u0144skiej. W USA od 1940, gdzie reaktywowa\u0142 Ch\u00f3r Dana pod nazw\u0105 Dana Ensemble, z kt\u00f3rym realizowa\u0142 nagrania dla wytw\u00f3rni: Harmonia Records i RCA Victor. Prezenter polonijnych rozg\u0142o\u015bni radiowych. Kierownik wytw\u00f3rni p\u0142ytowej Harmonia Records. Za\u0142o\u017cyciel wytw\u00f3rni p\u0142ytowej Dana Record w Nowym Jorku 1946-1958; w\u0142a\u015bciciel wydawnictwa Dana Publishing Company w Miami Beach na Florydzie 1966. Autor publikacji wspomnieniowej <em>Oj, Dana, Dana!&#8230;.cztery pokolenia <\/em>(Miami Beach 1996). Wa\u017cniejsze piosenki: <em>Czerwony kapturek <\/em>(s\u0142. Julian Tuwim), <em>Gdy ta\u0144czysz ze mn\u0105 <\/em>(s\u0142. Mieczys\u0142aw Fogg), <em>Oj, dana <\/em>(s\u0142. Jerzy Jurandot), <em>Pokoik na Ho\u017cej <\/em>(s\u0142. Julian Tuwim). Odznaczenia: Krzy\u017c Oficerski Orderu Zas\u0142ugi RP, Z\u0142oty Krzy\u017c Zas\u0142ugi.<\/p>\n<p style=\"text-align: justify;\">Lit.: <em>Kompozytorzy polscy 1918-2000, <\/em>red. M. Podhajski, t. II, Gda\u0144sk-Warszawa 2005; Lerski T., <em>Syrena Rekord. Pierwsza polska wytw\u00f3rnia fonograficzna. Poland\u2019s firstrecording company 1904-1939, <\/em>Nowy Jork-Warszawa 2003; Wola\u0144ski R.: <em>Leksykon Polskiej Muzyki Rozrywkowej, <\/em>Warszawa 1995.<\/p>\n<p style=\"text-align: justify;\">\n","protected":false},"excerpt":{"rendered":"<p>DANI\u0141OWSKI W\u0142adys\u0142aw ps. Dan, kompozytor, pianista, wokalista; ur. 26 kwietnia 1902 w Warszawie, zm. 4 marca 2000 w Miami Beach (Floryda, USA), syn Gustawa. Wykszta\u0142cenie: studia muzyczne w Konserwatorium Warszawskim (fortepian w klasie Henryka Melcera-Szczawi\u0144skiego, a teori\u0119 muzyki w klasie Piotra Rytla), studia prawnicze na Uniwersytecie Warszawskim; studia uzupe\u0142niaj\u0105ce w Pary\u017cu jako stypendysta MSZ [&hellip;]<\/p>\n","protected":false},"author":4,"featured_media":2754,"comment_status":"closed","ping_status":"closed","sticky":false,"template":"","format":"standard","meta":{"_mi_skip_tracking":false,"footnotes":""},"categories":[66],"tags":[],"class_list":["post-2835","post","type-post","status-publish","format-standard","has-post-thumbnail","hentry","category-muzycy-i-kompozytorzy"],"_links":{"self":[{"href":"https:\/\/dziedzictwopolonii.pl\/portal\/wp-json\/wp\/v2\/posts\/2835","targetHints":{"allow":["GET"]}}],"collection":[{"href":"https:\/\/dziedzictwopolonii.pl\/portal\/wp-json\/wp\/v2\/posts"}],"about":[{"href":"https:\/\/dziedzictwopolonii.pl\/portal\/wp-json\/wp\/v2\/types\/post"}],"author":[{"embeddable":true,"href":"https:\/\/dziedzictwopolonii.pl\/portal\/wp-json\/wp\/v2\/users\/4"}],"replies":[{"embeddable":true,"href":"https:\/\/dziedzictwopolonii.pl\/portal\/wp-json\/wp\/v2\/comments?post=2835"}],"version-history":[{"count":1,"href":"https:\/\/dziedzictwopolonii.pl\/portal\/wp-json\/wp\/v2\/posts\/2835\/revisions"}],"predecessor-version":[{"id":2837,"href":"https:\/\/dziedzictwopolonii.pl\/portal\/wp-json\/wp\/v2\/posts\/2835\/revisions\/2837"}],"wp:featuredmedia":[{"embeddable":true,"href":"https:\/\/dziedzictwopolonii.pl\/portal\/wp-json\/wp\/v2\/media\/2754"}],"wp:attachment":[{"href":"https:\/\/dziedzictwopolonii.pl\/portal\/wp-json\/wp\/v2\/media?parent=2835"}],"wp:term":[{"taxonomy":"category","embeddable":true,"href":"https:\/\/dziedzictwopolonii.pl\/portal\/wp-json\/wp\/v2\/categories?post=2835"},{"taxonomy":"post_tag","embeddable":true,"href":"https:\/\/dziedzictwopolonii.pl\/portal\/wp-json\/wp\/v2\/tags?post=2835"}],"curies":[{"name":"wp","href":"https:\/\/api.w.org\/{rel}","templated":true}]}}