{"id":2781,"date":"2022-12-20T17:39:12","date_gmt":"2022-12-20T16:39:12","guid":{"rendered":"http:\/\/yanh.pl\/dev\/srbnp\/?p=2781"},"modified":"2023-01-27T10:02:04","modified_gmt":"2023-01-27T09:02:04","slug":"bandrowski-aleksander","status":"publish","type":"post","link":"https:\/\/dziedzictwopolonii.pl\/portal\/bandrowski-aleksander\/","title":{"rendered":"Bandrowski Aleksander"},"content":{"rendered":"<div class=\"pdfprnt-buttons pdfprnt-buttons-post pdfprnt-top-right\"><a href=\"https:\/\/dziedzictwopolonii.pl\/portal\/wp-json\/wp\/v2\/posts\/2781?print=pdf\" class=\"pdfprnt-button pdfprnt-button-pdf\" target=\"_blank\"><img decoding=\"async\" src=\"http:\/\/dziedzictwopolonii.pl\/portal\/wp-content\/plugins\/pdf-print\/images\/pdf.png\" alt=\"image_pdf\" title=\"Download PDF\" \/><span class=\"pdfprnt-button-title pdfprnt-button-pdf-title\">POBIERZ PDF<\/span><\/a><a href=\"https:\/\/dziedzictwopolonii.pl\/portal\/wp-json\/wp\/v2\/posts\/2781?print=print\" class=\"pdfprnt-button pdfprnt-button-print\" target=\"_blank\"><img decoding=\"async\" src=\"http:\/\/dziedzictwopolonii.pl\/portal\/wp-content\/plugins\/pdf-print\/images\/print.png\" alt=\"image_print\" title=\"Print Content\" \/><\/a><\/div><p style=\"text-align: justify;\"><strong>BANDROWSKI (SAS-BANDROWSKI) Aleksander, <\/strong>\u015bpiewak operowy (tenor); ur. 22 kwietnia 1860 roku w Lubaczowie, zm. 28 maja 1913 roku w Krakowie, syn Ignacego. Wykszta\u0142cenie: studiowa\u0142 prawo na Uniwersytecie Jagiello\u0144skim w Krakowie; studia wokalne w Mediolanie i w Wiedniu. Debiutowa\u0142 jako \u015bpiewak w Operetce Lwowskiej 1878. Czo\u0142owy tenor Opery we Frankfurcie nad Menem 1889-1901. W latach 1901-1907 \u015bpiewa\u0142 w Mediolanie (La Scala), Wiedniu, Berlinie, Dre\u017anie, Londynie i Nowym Jorku (Metropolitan Opera). Zas\u0142yn\u0105\u0142 jako wspania\u0142y odtw\u00f3rca r\u00f3l wagnerowskich. T\u0142umaczy\u0142 libretta dramat\u00f3w Wagnera, napisa\u0142 tak\u017ce kilka w\u0142asnych librett. W 1907 wr\u00f3ci\u0142 do Polski.<\/p>\n<p style=\"text-align: justify;\">Lit.: Bieske Z., <em>Ewa Bandrowska-Turska-Wspomnienia artystki, <\/em>Warszawa 1989; publikacja online:www.aleksander.sas-bandrowski.pl.<\/p>\n<p style=\"text-align: justify;\">\n","protected":false},"excerpt":{"rendered":"<p>BANDROWSKI (SAS-BANDROWSKI) Aleksander, \u015bpiewak operowy (tenor); ur. 22 kwietnia 1860 roku w Lubaczowie, zm. 28 maja 1913 roku w Krakowie, syn Ignacego. Wykszta\u0142cenie: studiowa\u0142 prawo na Uniwersytecie Jagiello\u0144skim w Krakowie; studia wokalne w Mediolanie i w Wiedniu. Debiutowa\u0142 jako \u015bpiewak w Operetce Lwowskiej 1878. Czo\u0142owy tenor Opery we Frankfurcie nad Menem 1889-1901. W latach [&hellip;]<\/p>\n","protected":false},"author":4,"featured_media":2754,"comment_status":"closed","ping_status":"closed","sticky":false,"template":"","format":"standard","meta":{"_mi_skip_tracking":false,"footnotes":""},"categories":[66],"tags":[],"class_list":["post-2781","post","type-post","status-publish","format-standard","has-post-thumbnail","hentry","category-muzycy-i-kompozytorzy"],"_links":{"self":[{"href":"https:\/\/dziedzictwopolonii.pl\/portal\/wp-json\/wp\/v2\/posts\/2781","targetHints":{"allow":["GET"]}}],"collection":[{"href":"https:\/\/dziedzictwopolonii.pl\/portal\/wp-json\/wp\/v2\/posts"}],"about":[{"href":"https:\/\/dziedzictwopolonii.pl\/portal\/wp-json\/wp\/v2\/types\/post"}],"author":[{"embeddable":true,"href":"https:\/\/dziedzictwopolonii.pl\/portal\/wp-json\/wp\/v2\/users\/4"}],"replies":[{"embeddable":true,"href":"https:\/\/dziedzictwopolonii.pl\/portal\/wp-json\/wp\/v2\/comments?post=2781"}],"version-history":[{"count":1,"href":"https:\/\/dziedzictwopolonii.pl\/portal\/wp-json\/wp\/v2\/posts\/2781\/revisions"}],"predecessor-version":[{"id":2783,"href":"https:\/\/dziedzictwopolonii.pl\/portal\/wp-json\/wp\/v2\/posts\/2781\/revisions\/2783"}],"wp:featuredmedia":[{"embeddable":true,"href":"https:\/\/dziedzictwopolonii.pl\/portal\/wp-json\/wp\/v2\/media\/2754"}],"wp:attachment":[{"href":"https:\/\/dziedzictwopolonii.pl\/portal\/wp-json\/wp\/v2\/media?parent=2781"}],"wp:term":[{"taxonomy":"category","embeddable":true,"href":"https:\/\/dziedzictwopolonii.pl\/portal\/wp-json\/wp\/v2\/categories?post=2781"},{"taxonomy":"post_tag","embeddable":true,"href":"https:\/\/dziedzictwopolonii.pl\/portal\/wp-json\/wp\/v2\/tags?post=2781"}],"curies":[{"name":"wp","href":"https:\/\/api.w.org\/{rel}","templated":true}]}}