{"id":2483,"date":"2022-12-20T16:23:58","date_gmt":"2022-12-20T15:23:58","guid":{"rendered":"http:\/\/yanh.pl\/dev\/srbnp\/?p=2483"},"modified":"2023-02-17T12:28:06","modified_gmt":"2023-02-17T11:28:06","slug":"bochenski-jozef-maria","status":"publish","type":"post","link":"https:\/\/dziedzictwopolonii.pl\/portal\/bochenski-jozef-maria\/","title":{"rendered":"Boche\u0144ski J\u00f3zef Maria"},"content":{"rendered":"<div class=\"pdfprnt-buttons pdfprnt-buttons-post pdfprnt-top-right\"><a href=\"https:\/\/dziedzictwopolonii.pl\/portal\/wp-json\/wp\/v2\/posts\/2483?print=pdf\" class=\"pdfprnt-button pdfprnt-button-pdf\" target=\"_blank\"><img decoding=\"async\" src=\"http:\/\/dziedzictwopolonii.pl\/portal\/wp-content\/plugins\/pdf-print\/images\/pdf.png\" alt=\"image_pdf\" title=\"Download PDF\" \/><span class=\"pdfprnt-button-title pdfprnt-button-pdf-title\">POBIERZ PDF<\/span><\/a><a href=\"https:\/\/dziedzictwopolonii.pl\/portal\/wp-json\/wp\/v2\/posts\/2483?print=print\" class=\"pdfprnt-button pdfprnt-button-print\" target=\"_blank\"><img decoding=\"async\" src=\"http:\/\/dziedzictwopolonii.pl\/portal\/wp-content\/plugins\/pdf-print\/images\/print.png\" alt=\"image_print\" title=\"Print Content\" \/><\/a><\/div><p>J\u00f3zef Franciszek Emanuel Boche\u0144ski urodzi\u0142 si\u0119 30 sierpnia 1902 roku we wsi Czusz\u00f3w, niedaleko Krakowa, w polskiej rodzinie szlacheckiej, jako najstarszy z czworga dzieci.<\/p>\n<p>W 1920 roku Boche\u0144ski zda\u0142 matur\u0119, a nast\u0119pnie zaci\u0105gn\u0105\u0142 si\u0119 do 8. Pu\u0142ku U\u0142an\u00f3w, z kt\u00f3rym wzi\u0105\u0142 udzia\u0142 w ko\u0144cowej fazie wojny polsko\u2013bolszewickiej. Po niej, w 1922 roku rozpocz\u0105\u0142 studia na Wydziale Prawa Uniwersytetu Jana Kazimierza we Lwowie. Po dw\u00f3ch latach przeni\u00f3s\u0142 si\u0119 na kierunek ekonomiczny Wydzia\u0142u Prawa Uniwersytetu Pozna\u0144skiego.<\/p>\n<p>Studia przerwa\u0142 w 1926 roku, wst\u0119puj\u0105c do pozna\u0144skiego seminarium duchownego, sk\u0105d przeni\u00f3s\u0142 si\u0119 po roku do nowicjatu dominikan\u00f3w w Krakowie. Tu przybra\u0142 imiona zakonne Innocenty Maria. Po roku nowicjatu zosta\u0142 skierowany na studia filozoficzne na uniwersytet we Fryburgu Szwajcarskim. Studia zako\u0144czy\u0142y si\u0119 doktoratem z filozofii w 1931 roku.<\/p>\n<p>Nast\u0119pnie Boche\u0144ski zosta\u0142 skierowany na studia teologiczne w rzymskim Papieskim Uniwersytecie Angelicum, kt\u00f3re zako\u0144czy\u0142 w 1934 roku doktoratem z teologii. Po doktoracie z teologii zosta\u0142 powo\u0142any na wyk\u0142adowc\u0119 logiki w Angelicum i by\u0142 nim oficjalnie do 1940 roku.<\/p>\n<p>Po kampanii wrze\u015bniowej uda\u0142o mu si\u0119 przedosta\u0107 do Rzymu i zosta\u0107 kapelanem armii polskiej we Francji. Z 2 Korpusem Polskim gen. W\u0142adys\u0142awa Andersa odby\u0142 kampani\u0119 w\u0142osk\u0105 (bra\u0142 udzia\u0142 m.in., w bitwie pod Monte Cassino). Po II wojnie \u015bwiatowej zwi\u0105za\u0142 si\u0119 z Uniwersytetem Fryburskim jako jego profesor oraz dziekan Wydzia\u0142u Filozoficznego (1950\u201352 i 1964\u201366). Tam pracowa\u0142 a\u017c do swojej emerytury. Prawie przez wiele lat (1954\u20131995) zwi\u0105zany by\u0142 m. in. z Polskim Uniwersytetem na Obczy\u017anie, dzia\u0142aj\u0105cym w Londynie i Polskim Towarzystwem Naukowym na Obczy\u017anie.<\/p>\n<p>Zmar\u0142 we Fryburgu, 8 lutego 1995.<\/p>\n<p style=\"text-align: justify;\"><strong><em>Biogram opracowa\u0142a dr Izabela Andrzejuk<\/em><\/strong><\/p>\n<p><strong><em>Akademia Bielska Nauk Stosowanych im. Jana Paw\u0142a II<\/em><\/strong><\/p>\n","protected":false},"excerpt":{"rendered":"<p>J\u00f3zef Franciszek Emanuel Boche\u0144ski urodzi\u0142 si\u0119 30 sierpnia 1902 roku we wsi Czusz\u00f3w, niedaleko Krakowa, w polskiej rodzinie szlacheckiej, jako najstarszy z czworga dzieci. W 1920 roku Boche\u0144ski zda\u0142 matur\u0119, a nast\u0119pnie zaci\u0105gn\u0105\u0142 si\u0119 do 8. Pu\u0142ku U\u0142an\u00f3w, z kt\u00f3rym wzi\u0105\u0142 udzia\u0142 w ko\u0144cowej fazie wojny polsko\u2013bolszewickiej. Po niej, w 1922 roku rozpocz\u0105\u0142 studia [&hellip;]<\/p>\n","protected":false},"author":4,"featured_media":2485,"comment_status":"closed","ping_status":"closed","sticky":false,"template":"","format":"standard","meta":{"_mi_skip_tracking":false,"footnotes":""},"categories":[74,68,67],"tags":[],"class_list":["post-2483","post","type-post","status-publish","format-standard","has-post-thumbnail","hentry","category-filozofowie","category-humanisci","category-naukowcy"],"_links":{"self":[{"href":"https:\/\/dziedzictwopolonii.pl\/portal\/wp-json\/wp\/v2\/posts\/2483","targetHints":{"allow":["GET"]}}],"collection":[{"href":"https:\/\/dziedzictwopolonii.pl\/portal\/wp-json\/wp\/v2\/posts"}],"about":[{"href":"https:\/\/dziedzictwopolonii.pl\/portal\/wp-json\/wp\/v2\/types\/post"}],"author":[{"embeddable":true,"href":"https:\/\/dziedzictwopolonii.pl\/portal\/wp-json\/wp\/v2\/users\/4"}],"replies":[{"embeddable":true,"href":"https:\/\/dziedzictwopolonii.pl\/portal\/wp-json\/wp\/v2\/comments?post=2483"}],"version-history":[{"count":2,"href":"https:\/\/dziedzictwopolonii.pl\/portal\/wp-json\/wp\/v2\/posts\/2483\/revisions"}],"predecessor-version":[{"id":4539,"href":"https:\/\/dziedzictwopolonii.pl\/portal\/wp-json\/wp\/v2\/posts\/2483\/revisions\/4539"}],"wp:featuredmedia":[{"embeddable":true,"href":"https:\/\/dziedzictwopolonii.pl\/portal\/wp-json\/wp\/v2\/media\/2485"}],"wp:attachment":[{"href":"https:\/\/dziedzictwopolonii.pl\/portal\/wp-json\/wp\/v2\/media?parent=2483"}],"wp:term":[{"taxonomy":"category","embeddable":true,"href":"https:\/\/dziedzictwopolonii.pl\/portal\/wp-json\/wp\/v2\/categories?post=2483"},{"taxonomy":"post_tag","embeddable":true,"href":"https:\/\/dziedzictwopolonii.pl\/portal\/wp-json\/wp\/v2\/tags?post=2483"}],"curies":[{"name":"wp","href":"https:\/\/api.w.org\/{rel}","templated":true}]}}