{"id":2475,"date":"2022-12-20T16:19:27","date_gmt":"2022-12-20T15:19:27","guid":{"rendered":"http:\/\/yanh.pl\/dev\/srbnp\/?p=2475"},"modified":"2023-01-27T10:02:04","modified_gmt":"2023-01-27T09:02:04","slug":"krotka-historia-powstaniu-polskiej-szkoly-w-thetford","status":"publish","type":"post","link":"https:\/\/dziedzictwopolonii.pl\/portal\/krotka-historia-powstaniu-polskiej-szkoly-w-thetford\/","title":{"rendered":"Kr\u00f3tka historia powstaniu polskiej szko\u0142y w Thetford"},"content":{"rendered":"<div class=\"pdfprnt-buttons pdfprnt-buttons-post pdfprnt-top-right\"><a href=\"https:\/\/dziedzictwopolonii.pl\/portal\/wp-json\/wp\/v2\/posts\/2475?print=pdf\" class=\"pdfprnt-button pdfprnt-button-pdf\" target=\"_blank\"><img decoding=\"async\" src=\"http:\/\/dziedzictwopolonii.pl\/portal\/wp-content\/plugins\/pdf-print\/images\/pdf.png\" alt=\"image_pdf\" title=\"Download PDF\" \/><span class=\"pdfprnt-button-title pdfprnt-button-pdf-title\">POBIERZ PDF<\/span><\/a><a href=\"https:\/\/dziedzictwopolonii.pl\/portal\/wp-json\/wp\/v2\/posts\/2475?print=print\" class=\"pdfprnt-button pdfprnt-button-print\" target=\"_blank\"><img decoding=\"async\" src=\"http:\/\/dziedzictwopolonii.pl\/portal\/wp-content\/plugins\/pdf-print\/images\/print.png\" alt=\"image_print\" title=\"Print Content\" \/><\/a><\/div><h3 style=\"text-align: justify;\"><em>Pocz\u0105tki by\u0142y skromne,<\/em><em> siedmioro dzieci ucz\u0119szczaj\u0105cych na kameralne lekcje w ogrodowym patio.<\/em><\/h3>\n<h3>Anna G\u0105siorowska<\/h3>\n<p>&nbsp;<\/p>\n<p style=\"text-align: justify;\">\u00a0\u00a0\u00a0\u00a0\u00a0\u00a0\u00a0\u00a0\u00a0\u00a0\u00a0\u00a0\u00a0\u00a0\u00a0\u00a0\u00a0\u00a0\u00a0\u00a0\u00a0\u00a0\u00a0\u00a0\u00a0\u00a0\u00a0\u00a0\u00a0\u00a0\u00a0\u00a0\u00a0\u00a0\u00a0\u00a0\u00a0\u00a0\u00a0\u00a0\u00a0\u00a0\u00a0\u00a0\u00a0\u00a0 Idea szko\u0142y powsta\u0142a w 2012 roku, przez dwa lata prowadzi\u0142am lekcje w konserwatorium w ogrodzie, by\u0142a to benedykty\u0144ska praca, powoli, aczkolwiek bardzo sumiennie, przekonywa\u0142am tutejsz\u0105 Poloni\u0119 o potrzebie nauki j\u0119zyka polskiego, a uczni\u00f3w (poprzez zabaw\u0119) zach\u0119ca\u0142am do nauki i tego by przychodzi\u0142y na dodatkowe zaj\u0119cia z w\u0142asnej &#8211; nieprzymuszonej woli. By czyni\u0142y to z przyjemno\u015bci\u0105 i z zaanga\u017cowaniem, jak r\u00f3wnie\u017c, i z przekonania. Dlatego dla mnie, ka\u017cdy tekst literacki, fragment piosenki czy bajki by\u0142 (i jest nadal) doskona\u0142ym pretekstem do tego by czego\u015b nauczy\u0107. Bo ka\u017cde s\u0142owo jest interpretacj\u0105 &#8211; tekst ma pos\u0142u\u017cy\u0107 do wygenerowania dyskusji, chodzi przede wszystkim o to, aby wej\u015b\u0107 w interakcje z uczniem w j\u0119zyku polskim.<\/p>\n<p style=\"text-align: justify;\">\u00a0\u00a0\u00a0\u00a0\u00a0\u00a0\u00a0\u00a0\u00a0\u00a0\u00a0\u00a0\u00a0\u00a0\u00a0\u00a0\u00a0\u00a0\u00a0\u00a0\u00a0\u00a0\u00a0\u00a0\u00a0\u00a0\u00a0\u00a0\u00a0\u00a0\u00a0\u00a0\u00a0\u00a0\u00a0\u00a0\u00a0\u00a0\u00a0\u00a0\u00a0\u00a0\u00a0\u00a0\u00a0\u00a0\u00a0\u00a0\u00a0 Czasem nachodzi\u0142y mnie chwile zw\u0105tpienia, poniewa\u017c samo uko\u0144czenie filologii polskiej, nie daje umiej\u0119tno\u015bci, jakie powinien posiada\u0107 nauczyciel polonijny, ci\u0105g\u0142e poszukiwanie z\u0142otego \u015brodka, jak naucza\u0107 j\u0119zyka, aby by\u0142 zachwytem, tajemnic\u0105 do odkrycia, fascynacj\u0105 i wszystkim tym, z czym chcia\u0142yby si\u0119 uto\u017csamia\u0107 dzieci polskich rodzic\u00f3w wychowywane w Wielkiej Brytanii. Chodzi o to, aby budowa\u0107 mosty, obudzi\u0107 w nich \u015bwiadomo\u015b\u0107 polsko\u015bci, ale nie regionalnej &#8211; tutaj widz\u0119 przestrze\u0144 dla bab\u0107 i dziadk\u00f3w oderwanych cz\u0119sto od rzeczywisto\u015bci i p\u0142acz\u0105cych na grobach przodk\u00f3w. \u015awiadomo\u015b\u0107 Polski wsp\u00f3\u0142czesnej &#8211; istniej\u0105cej w \u015bwiecie z ca\u0142\u0105 mentalno\u015bci\u0105, tw\u00f3rczo\u015bci\u0105 i wszystkimi cechami naddanymi. Wk\u0142adanie, mieszanie i por\u00f3wnywanie pewnych temat\u00f3w w odniesieniu do historii i literatury polskiej jak i angielskiej, bo przecie\u017c cierpienie, b\u00f3l, mi\u0142o\u015b\u0107, zachwyt, rado\u015b\u0107, nienawi\u015b\u0107 ma charakter kosmopolity. Nie powinni\u015bmy traktowa\u0107 j\u0119zyka nauczanego w spos\u00f3b megaloma\u0144ski, poniewa\u017c uczni\u00f3w osadzonych w przestrzeni tutejszej charakteryzuje wielokulturowo\u015b\u0107, ich polsko\u015b\u0107 przeplata si\u0119 z angielsko\u015bci\u0105, a bywa, \u017ce jedno z rodzic\u00f3w jest jeszcze innej narodowo\u015bci o czym powinni\u015bmy pami\u0119ta\u0107, bo to jest przeogromnie interesuj\u0105ce i wa\u017cne.<\/p>\n<p style=\"text-align: justify;\">\u00a0\u00a0\u00a0\u00a0\u00a0\u00a0\u00a0\u00a0\u00a0\u00a0\u00a0\u00a0\u00a0\u00a0\u00a0\u00a0\u00a0\u00a0\u00a0\u00a0\u00a0\u00a0\u00a0\u00a0\u00a0\u00a0\u00a0\u00a0\u00a0\u00a0\u00a0\u00a0\u00a0\u00a0\u00a0\u00a0\u00a0\u00a0\u00a0\u00a0\u00a0\u00a0\u00a0\u00a0\u00a0\u00a0\u00a0\u00a0\u00a0\u00a0 Walcz\u0119 o ka\u017cdego ucznia, bo zdaj\u0119 sobie spraw\u0119, jak \u0142atwo dzieci zniech\u0119caj\u0105 si\u0119 do lekcji z byle powodu (urodziny u kole\u017canki, d\u0142u\u017csze spanie i leniwy sobotni poranek, lekcja ta\u0144ca, b\u0105d\u017a zakupy). By\u0142am elastyczna i dyspozycyjna od zawsze, lekcje odbywa\u0142y si\u0119 w soboty i w niedziel\u0119. Po latach, gdy wyszli\u015bmy z patio, zaj\u0119cia odbywa\u0142y si\u0119 r\u00f3wnie\u017c po po\u0142udniami we \u015brody, a w czwartki by\u0142y zaj\u0119cia wyr\u00f3wnawcze, gdzie ka\u017cdy ucze\u0144 m\u00f3g\u0142 przyj\u015b\u0107, odrobi\u0107 prac\u0119 domow\u0105 lub nadrobi\u0107 zaleg\u0142o\u015bci. To ja dopasowywa\u0142am si\u0119 do ka\u017cdego ucznia, cierpliwie z sumienno\u015bci\u0105 i wielk\u0105 wiar\u0105, \u017ce warto i tak w\u0142a\u015bnie by\u0142o i jest do dzi\u015b.<\/p>\n<p style=\"text-align: justify;\">Dowodem na to, \u017ce jednak zaanga\u017cowanie i wysi\u0142ek nie poszed\u0142 na zmarnowanie, a tutejsza spo\u0142eczno\u015b\u0107 doceni\u0142a m\u00f3j wk\u0142ad, jest wci\u0105\u017c rosn\u0105ca liczba uczni\u00f3w z siedmiorga, zrobi\u0142o si\u0119 dwadzie\u015bcioro, potem czterdzie\u015bcioro i tak przez lata by\u0142o nawet sto pi\u0119\u0107dziesi\u0105t. Polityka szko\u0142y nigdy nie by\u0142a zbyt restrykcyjna &#8211; z obawy o utrat\u0119 uczni\u00f3w, kieruj\u0119 si\u0119 zasad\u0105 zach\u0119cania i cierpliwo\u015bci, a nie przymusu i nakazu, dlatego s\u0105 tacy, kt\u00f3rzy rezygnuj\u0105, ale i wracaj\u0105, i tacy, kt\u00f3rzy odchodz\u0105 bez po\u017cegnania i uregulowania op\u0142at. S\u0105 te\u017c uczniowie, kt\u00f3rych rodzice w ci\u0105gu roku stracili p\u0142ynno\u015b\u0107 finansow\u0105 i nie sta\u0107 ich na zap\u0142acenie za lekcje, jednak ja nigdy nie skre\u015blam takich dzieci z listy. Czekam na nich.<\/p>\n<p style=\"text-align: justify;\">\u00a0\u00a0\u00a0\u00a0\u00a0\u00a0\u00a0\u00a0\u00a0\u00a0\u00a0\u00a0\u00a0\u00a0 Nauczanie J\u0119zyka Polskiego w Thetford oficjalnie dzia\u0142a od wrze\u015bnia 2016 roku jako organizacja. Podmiot ten (25 stycznia 2017 roku)\u00a0zarejestrowany zosta\u0142 jako Community CIC w Company House. Celem naszej organizacji jest krzewienie polskiej kultury, uczenie polskiego j\u0119zyka i historii.<\/p>\n<p style=\"text-align: justify;\">Jeste\u015bmy przyczynkiem i powodem wsp\u00f3lnych rozm\u00f3w po polsku podczas posi\u0142k\u00f3w, kt\u00f3re s\u0105 wi\u0119cej warte ni\u017c milcz\u0105ce wyj\u015bcia na imprezy kulturalne. Ju\u017c jedna minuta dziennie indywidualnej rozmowy w j\u0119zyku polskim potrafi zdzia\u0142a\u0107 cuda.<\/p>\n<p style=\"text-align: justify;\">\u00a0\u00a0\u00a0\u00a0\u00a0\u00a0\u00a0\u00a0\u00a0\u00a0\u00a0\u00a0\u00a0\u00a0\u00a0\u00a0\u00a0\u00a0\u00a0\u00a0\u00a0\u00a0\u00a0\u00a0\u00a0\u00a0\u00a0\u00a0\u00a0\u00a0\u00a0\u00a0\u00a0\u00a0\u00a0\u00a0\u00a0\u00a0\u00a0\u00a0\u00a0\u00a0\u00a0\u00a0\u00a0\u00a0\u00a0\u00a0\u00a0\u00a0\u00a0\u00a0 Jeste\u015bmy dumni z naszej spo\u0142ecznej biblioteki, kt\u00f3r\u0105 stworzyli\u015bmy od podstaw! Zgromadzili\u015bmy ju\u017c ponad pi\u0119\u0107 tysi\u0105ce wolumin\u00f3w &#8211; lektur szkolnych, r\u00f3\u017cnorodnych pozycji dla dzieci i doros\u0142ych. Nasza biblioteka jest otwarta i dzia\u0142a na zasadzie, przyjd\u017a i wypo\u017cycz &#8211; nie stosujemy rejestracji, \u017cadnej biurokracji, a pomimo tego ksi\u0105\u017cek wci\u0105\u017c przybywa!<\/p>\n<div id='gallery-1' class='gallery galleryid-2475 gallery-columns-3 gallery-size-herald-lay-c1'><figure class='gallery-item'>\n\t\t\t<div class='gallery-icon landscape'>\n\t\t\t\t<a class=\"herald-popup rl-gallery-link\"  href='https:\/\/dziedzictwopolonii.pl\/portal\/wp-content\/uploads\/2022\/12\/Szkola-Polska-w-Charles-Burrell-Centre.jpg' title=\"Szko\u0142a Polska w Charles Burrell Centre\" data-rl_title=\"Szko\u0142a Polska w Charles Burrell Centre\" data-rl_caption=\"\" data-rel=\"lightbox-gallery-1\"><img loading=\"lazy\" decoding=\"async\" width=\"470\" height=\"313\" src=\"https:\/\/dziedzictwopolonii.pl\/portal\/wp-content\/uploads\/2022\/12\/Szkola-Polska-w-Charles-Burrell-Centre-470x313.jpg\" class=\"attachment-herald-lay-c1 size-herald-lay-c1\" alt=\"\" srcset=\"https:\/\/dziedzictwopolonii.pl\/portal\/wp-content\/uploads\/2022\/12\/Szkola-Polska-w-Charles-Burrell-Centre-470x313.jpg 470w, https:\/\/dziedzictwopolonii.pl\/portal\/wp-content\/uploads\/2022\/12\/Szkola-Polska-w-Charles-Burrell-Centre-300x200.jpg 300w, https:\/\/dziedzictwopolonii.pl\/portal\/wp-content\/uploads\/2022\/12\/Szkola-Polska-w-Charles-Burrell-Centre-1024x683.jpg 1024w, https:\/\/dziedzictwopolonii.pl\/portal\/wp-content\/uploads\/2022\/12\/Szkola-Polska-w-Charles-Burrell-Centre-768x512.jpg 768w, https:\/\/dziedzictwopolonii.pl\/portal\/wp-content\/uploads\/2022\/12\/Szkola-Polska-w-Charles-Burrell-Centre-1536x1024.jpg 1536w, https:\/\/dziedzictwopolonii.pl\/portal\/wp-content\/uploads\/2022\/12\/Szkola-Polska-w-Charles-Burrell-Centre-360x240.jpg 360w, https:\/\/dziedzictwopolonii.pl\/portal\/wp-content\/uploads\/2022\/12\/Szkola-Polska-w-Charles-Burrell-Centre-600x400.jpg 600w, https:\/\/dziedzictwopolonii.pl\/portal\/wp-content\/uploads\/2022\/12\/Szkola-Polska-w-Charles-Burrell-Centre-800x533.jpg 800w, https:\/\/dziedzictwopolonii.pl\/portal\/wp-content\/uploads\/2022\/12\/Szkola-Polska-w-Charles-Burrell-Centre-414x276.jpg 414w, https:\/\/dziedzictwopolonii.pl\/portal\/wp-content\/uploads\/2022\/12\/Szkola-Polska-w-Charles-Burrell-Centre-640x426.jpg 640w, https:\/\/dziedzictwopolonii.pl\/portal\/wp-content\/uploads\/2022\/12\/Szkola-Polska-w-Charles-Burrell-Centre-130x86.jpg 130w, https:\/\/dziedzictwopolonii.pl\/portal\/wp-content\/uploads\/2022\/12\/Szkola-Polska-w-Charles-Burrell-Centre-187x124.jpg 187w, https:\/\/dziedzictwopolonii.pl\/portal\/wp-content\/uploads\/2022\/12\/Szkola-Polska-w-Charles-Burrell-Centre-990x660.jpg 990w, https:\/\/dziedzictwopolonii.pl\/portal\/wp-content\/uploads\/2022\/12\/Szkola-Polska-w-Charles-Burrell-Centre-1320x880.jpg 1320w, https:\/\/dziedzictwopolonii.pl\/portal\/wp-content\/uploads\/2022\/12\/Szkola-Polska-w-Charles-Burrell-Centre.jpg 2048w\" sizes=\"auto, (max-width: 470px) 100vw, 470px\" \/><\/a>\n\t\t\t<\/div><\/figure><figure class='gallery-item'>\n\t\t\t<div class='gallery-icon landscape'>\n\t\t\t\t<a class=\"herald-popup rl-gallery-link\"  href='https:\/\/dziedzictwopolonii.pl\/portal\/wp-content\/uploads\/2022\/12\/Szkola-Grupa-A2.jpg' title=\"Szko\u0142a Grupa A2\" data-rl_title=\"Szko\u0142a Grupa A2\" data-rl_caption=\"\" data-rel=\"lightbox-gallery-1\"><img loading=\"lazy\" decoding=\"async\" width=\"470\" height=\"313\" src=\"https:\/\/dziedzictwopolonii.pl\/portal\/wp-content\/uploads\/2022\/12\/Szkola-Grupa-A2-470x313.jpg\" class=\"attachment-herald-lay-c1 size-herald-lay-c1\" alt=\"\" srcset=\"https:\/\/dziedzictwopolonii.pl\/portal\/wp-content\/uploads\/2022\/12\/Szkola-Grupa-A2-470x313.jpg 470w, https:\/\/dziedzictwopolonii.pl\/portal\/wp-content\/uploads\/2022\/12\/Szkola-Grupa-A2-360x240.jpg 360w, https:\/\/dziedzictwopolonii.pl\/portal\/wp-content\/uploads\/2022\/12\/Szkola-Grupa-A2-600x400.jpg 600w, https:\/\/dziedzictwopolonii.pl\/portal\/wp-content\/uploads\/2022\/12\/Szkola-Grupa-A2-800x533.jpg 800w, https:\/\/dziedzictwopolonii.pl\/portal\/wp-content\/uploads\/2022\/12\/Szkola-Grupa-A2-300x200.jpg 300w, https:\/\/dziedzictwopolonii.pl\/portal\/wp-content\/uploads\/2022\/12\/Szkola-Grupa-A2-414x276.jpg 414w, https:\/\/dziedzictwopolonii.pl\/portal\/wp-content\/uploads\/2022\/12\/Szkola-Grupa-A2-640x426.jpg 640w, https:\/\/dziedzictwopolonii.pl\/portal\/wp-content\/uploads\/2022\/12\/Szkola-Grupa-A2-130x86.jpg 130w, https:\/\/dziedzictwopolonii.pl\/portal\/wp-content\/uploads\/2022\/12\/Szkola-Grupa-A2-187x124.jpg 187w\" sizes=\"auto, (max-width: 470px) 100vw, 470px\" \/><\/a>\n\t\t\t<\/div><\/figure><figure class='gallery-item'>\n\t\t\t<div class='gallery-icon landscape'>\n\t\t\t\t<a class=\"herald-popup rl-gallery-link\"  href='https:\/\/dziedzictwopolonii.pl\/portal\/wp-content\/uploads\/2022\/12\/szkola-1.jpg' title=\"szkola 1\" data-rl_title=\"szkola 1\" data-rl_caption=\"\" data-rel=\"lightbox-gallery-1\"><img loading=\"lazy\" decoding=\"async\" width=\"470\" height=\"313\" src=\"https:\/\/dziedzictwopolonii.pl\/portal\/wp-content\/uploads\/2022\/12\/szkola-1-470x313.jpg\" class=\"attachment-herald-lay-c1 size-herald-lay-c1\" alt=\"\" srcset=\"https:\/\/dziedzictwopolonii.pl\/portal\/wp-content\/uploads\/2022\/12\/szkola-1-470x313.jpg 470w, https:\/\/dziedzictwopolonii.pl\/portal\/wp-content\/uploads\/2022\/12\/szkola-1-360x240.jpg 360w, https:\/\/dziedzictwopolonii.pl\/portal\/wp-content\/uploads\/2022\/12\/szkola-1-600x400.jpg 600w, https:\/\/dziedzictwopolonii.pl\/portal\/wp-content\/uploads\/2022\/12\/szkola-1-800x533.jpg 800w, https:\/\/dziedzictwopolonii.pl\/portal\/wp-content\/uploads\/2022\/12\/szkola-1-300x200.jpg 300w, https:\/\/dziedzictwopolonii.pl\/portal\/wp-content\/uploads\/2022\/12\/szkola-1-414x276.jpg 414w, https:\/\/dziedzictwopolonii.pl\/portal\/wp-content\/uploads\/2022\/12\/szkola-1-640x426.jpg 640w, https:\/\/dziedzictwopolonii.pl\/portal\/wp-content\/uploads\/2022\/12\/szkola-1-130x86.jpg 130w, https:\/\/dziedzictwopolonii.pl\/portal\/wp-content\/uploads\/2022\/12\/szkola-1-187x124.jpg 187w\" sizes=\"auto, (max-width: 470px) 100vw, 470px\" \/><\/a>\n\t\t\t<\/div><\/figure><figure class='gallery-item'>\n\t\t\t<div class='gallery-icon portrait'>\n\t\t\t\t<a class=\"herald-popup rl-gallery-link\"  href='https:\/\/dziedzictwopolonii.pl\/portal\/wp-content\/uploads\/2022\/12\/Pomnik-ktorym-opiekuja-sie-uczniowie.jpg' title=\"Pomnik kt\u00f3rym opiekuja si\u0119 uczniowie\" data-rl_title=\"Pomnik kt\u00f3rym opiekuja si\u0119 uczniowie\" data-rl_caption=\"\" data-rel=\"lightbox-gallery-1\"><img loading=\"lazy\" decoding=\"async\" width=\"470\" height=\"313\" src=\"https:\/\/dziedzictwopolonii.pl\/portal\/wp-content\/uploads\/2022\/12\/Pomnik-ktorym-opiekuja-sie-uczniowie-470x313.jpg\" class=\"attachment-herald-lay-c1 size-herald-lay-c1\" alt=\"\" srcset=\"https:\/\/dziedzictwopolonii.pl\/portal\/wp-content\/uploads\/2022\/12\/Pomnik-ktorym-opiekuja-sie-uczniowie-470x313.jpg 470w, https:\/\/dziedzictwopolonii.pl\/portal\/wp-content\/uploads\/2022\/12\/Pomnik-ktorym-opiekuja-sie-uczniowie-360x240.jpg 360w, https:\/\/dziedzictwopolonii.pl\/portal\/wp-content\/uploads\/2022\/12\/Pomnik-ktorym-opiekuja-sie-uczniowie-538x360.jpg 538w, https:\/\/dziedzictwopolonii.pl\/portal\/wp-content\/uploads\/2022\/12\/Pomnik-ktorym-opiekuja-sie-uczniowie-300x200.jpg 300w, https:\/\/dziedzictwopolonii.pl\/portal\/wp-content\/uploads\/2022\/12\/Pomnik-ktorym-opiekuja-sie-uczniowie-414x276.jpg 414w, https:\/\/dziedzictwopolonii.pl\/portal\/wp-content\/uploads\/2022\/12\/Pomnik-ktorym-opiekuja-sie-uczniowie-130x86.jpg 130w, https:\/\/dziedzictwopolonii.pl\/portal\/wp-content\/uploads\/2022\/12\/Pomnik-ktorym-opiekuja-sie-uczniowie-187x124.jpg 187w\" sizes=\"auto, (max-width: 470px) 100vw, 470px\" \/><\/a>\n\t\t\t<\/div><\/figure><figure class='gallery-item'>\n\t\t\t<div class='gallery-icon landscape'>\n\t\t\t\t<a class=\"herald-popup rl-gallery-link\"  href='https:\/\/dziedzictwopolonii.pl\/portal\/wp-content\/uploads\/2022\/12\/15-maja-2016.jpg' title=\"15 maja 2016\" data-rl_title=\"15 maja 2016\" data-rl_caption=\"\" data-rel=\"lightbox-gallery-1\"><img loading=\"lazy\" decoding=\"async\" width=\"470\" height=\"313\" src=\"https:\/\/dziedzictwopolonii.pl\/portal\/wp-content\/uploads\/2022\/12\/15-maja-2016-470x313.jpg\" class=\"attachment-herald-lay-c1 size-herald-lay-c1\" alt=\"\" srcset=\"https:\/\/dziedzictwopolonii.pl\/portal\/wp-content\/uploads\/2022\/12\/15-maja-2016-470x313.jpg 470w, https:\/\/dziedzictwopolonii.pl\/portal\/wp-content\/uploads\/2022\/12\/15-maja-2016-360x240.jpg 360w, https:\/\/dziedzictwopolonii.pl\/portal\/wp-content\/uploads\/2022\/12\/15-maja-2016-600x400.jpg 600w, https:\/\/dziedzictwopolonii.pl\/portal\/wp-content\/uploads\/2022\/12\/15-maja-2016-300x200.jpg 300w, https:\/\/dziedzictwopolonii.pl\/portal\/wp-content\/uploads\/2022\/12\/15-maja-2016-414x276.jpg 414w, https:\/\/dziedzictwopolonii.pl\/portal\/wp-content\/uploads\/2022\/12\/15-maja-2016-640x426.jpg 640w, https:\/\/dziedzictwopolonii.pl\/portal\/wp-content\/uploads\/2022\/12\/15-maja-2016-130x86.jpg 130w, https:\/\/dziedzictwopolonii.pl\/portal\/wp-content\/uploads\/2022\/12\/15-maja-2016-187x124.jpg 187w\" sizes=\"auto, (max-width: 470px) 100vw, 470px\" \/><\/a>\n\t\t\t<\/div><\/figure>\n\t\t<\/div>\n\n<p style=\"text-align: justify;\">\u00a0\u00a0\u00a0\u00a0\u00a0\u00a0\u00a0\u00a0\u00a0\u00a0\u00a0\u00a0\u00a0 Thetford jest ma\u0142ym miasteczkiem, w hrabstwie Breckland w Norfolk w Anglii, 130 km od Londynu. W 2011 miejscowo\u015b\u0107 ta liczy\u0142a 24340 mieszka\u0144c\u00f3w. Miasto s\u0142ynie z przemys\u0142u mi\u0119snego i z\u00a0korzystnej lokalizacji, rozwini\u0119tej pod wzgl\u0119dem handlowym. Gro ludzi przyje\u017cd\u017ca do tej miejscowo\u015bci z s\u0105siednich miasteczek po zakupy do polskich sklep\u00f3w (jest ich tutaj a\u017c 8!) Co \u015bwiadczy nie tylko o popycie na polskie produkty, ale tak\u017ce o skupisku Polak\u00f3w w tej miejscowo\u015bci. Do polskiej szko\u0142y przyje\u017cd\u017caj\u0105 r\u00f3wnie\u017c uczniowie z okolic po\u0142o\u017conych wok\u00f3\u0142.<\/p>\n<p style=\"text-align: justify;\">Szko\u0142a mia\u0142a zaszczyt go\u015bci\u0107\u00a0pracownik\u00f3w Ambasady Polskiej w Londynie i przedstawicieli Kancelarii\u00a0Prezydenta RP. Nasza plac\u00f3wka wsp\u00f3\u0142pracuje te\u017c z lokalnymi w\u0142adzami &#8211; burmistrzem i radnymi z Thetford. Uczestniczymy we wsp\u00f3lnych wydarzeniach promuj\u0105cych tolerancj\u0119, bierzemy te\u017c udzia\u0142 w dorocznym dniu otwarcia Centrum Charlesa Burrell jako wsp\u00f3\u0142organizatorzy. Jeste\u015bmy otwarci na angielskie media: radio, telewizj\u0119 BBC Norwich. Od 2017 roku regularnie wsp\u00f3\u0142pracujemy z Polsk\u0105 Ambasad\u0105 w Londynie,<\/p>\n<p style=\"text-align: justify;\"><strong>\u201eUczymy si\u0119 i bawimy\u201d<\/strong> \u2013 to motto szko\u0142y, kt\u00f3ra stawia jak ju\u017c wspomniano na wielokulturowo\u015b\u0107 i wieloj\u0119zyczno\u015b\u0107, kt\u00f3re maj\u0105 ogromny wp\u0142yw na rozw\u00f3j intelektualny dziecka polonijnego i jego osi\u0105gni\u0119cia w nauce.<\/p>\n<p style=\"text-align: justify;\">Po wyj\u015bciu z patio, po dwuletniej tu\u0142aczce, uda\u0142o si\u0119 nam osi\u0105\u015b\u0107 ju\u017c na sta\u0142e w Charles Burrell Centre, gdzie mamy wymarzone warunki do nauki j\u0119zyka polskiego na obczy\u017anie &#8211; od 6 lat Szko\u0142a dysponuje powierzchni\u0105 oko\u0142o 300 m2, a uczniowie maj\u0105 do niej dost\u0119p od poniedzia\u0142ku do soboty.<\/p>\n<p style=\"text-align: justify;\">Najbardziej wyczekiwanym dniem jest czwartek, czas polskiej \u015bwietlicy &#8211; tam dzieci maj\u0105 szans\u0119 na nawi\u0105zywanie przyja\u017ani, zabaw\u0119, \u015bpiew i rozw\u00f3j osobisty, a w soboty odbywaj\u0105 si\u0119 lekcje z j\u0119zyka polskiego, historii i geografii. Znalaz\u0142a u nas schronienie r\u00f3wnie\u017c niezale\u017cna grupa polskich zuch\u00f3w. To miejsce tworzone przez dzieci dla dzieci: na \u015bcianach wisz\u0105 zdj\u0119cia uczni\u00f3w ze wsp\u00f3lnych wydarze\u0144 organizowanych w naszej szkole, ich prace plastyczne, wiersze, sentencje i kreatywne pomys\u0142y. Wszyscy czujemy si\u0119 jak u siebie.<\/p>\n<p style=\"text-align: justify;\"><strong><em>Mamy silne poczucie \u015bwiadomo\u015bci jak jeste\u015bmy wyj\u0105tkowi i niepowtarzalni.<\/em><\/strong><\/p>\n<p style=\"text-align: justify;\">\u00a0\u00a0\u00a0\u00a0\u00a0\u00a0\u00a0 W szkole mamy 8 oddzia\u0142\u00f3w oraz klas\u0119 GCSE i A- LEVEL. Nasza kadra pedagogiczna jest gruntownie wykszta\u0142cona. To wa\u017cne, poniewa\u017c wi\u0119kszo\u015b\u0107 rodzic\u00f3w naszych uczni\u00f3w deklaruje powr\u00f3t do Polski, dlatego poziom nauczania i osi\u0105gni\u0119cia w nauce s\u0105 dla nas bardzo istotne, a szko\u0142a wyposa\u017cona jest w tablice multimedialne i wiele pomocy dydaktycznych. Nauczyciele wci\u0105\u017c szkol\u0105 si\u0119 na niezliczonych webinariach, udoskonalaj\u0105 i poszerzaj\u0105 swoj\u0105 wiedz\u0119, jak r\u00f3wnie\u017c dziel\u0105 i wymieniaj\u0105 si\u0119 pomys\u0142ami mi\u0119dzy sob\u0105.<\/p>\n<p style=\"text-align: justify;\">\u00a0\u00a0\u00a0\u00a0\u00a0\u00a0\u00a0\u00a0\u00a0\u00a0 Anga\u017cujemy si\u0119 w akcje charytatywne mi\u0119dzy innymi: \u201ePaczka dla bohatera\u201d, nawi\u0105zali\u015bmy wsp\u00f3\u0142prac\u0119 ze szko\u0142\u0105 podstawow\u0105 nr 7 w Gnie\u017anie, jak r\u00f3wnie\u017c z innymi szko\u0142ami w Polsce, gdzie wymieniamy si\u0119 ksi\u0105\u017ckami. Nasi uczniowie przekazuj\u0105 angielsk\u0105 literatur\u0119, natomiast do nas przychodz\u0105 ksi\u0105\u017cki polskoj\u0119zyczne. Co roku bierzemy udzia\u0142 wraz z Ambasad\u0105 RP w Londynie w Heritage Day. Wsp\u00f3\u0142pracujemy z Instytutem Pami\u0119ci Narodowej &#8211; graj\u0105c online w gry planszowe o tematyce historycznej.<\/p>\n<p style=\"text-align: justify;\">Przed pandemi\u0105 co roku szko\u0142\u0119 odwiedza\u0142 teatr z Polski. Propagujemy r\u00f3wnie\u017c i zach\u0119camy (z pozytywnym skutkiem) starszych uczni\u00f3w do odbywania wolontariatu w szkole. Wolontariat pomaga w zdobyciu odznaki <em>The Duke of Edinburgh&#8217;s Award.<\/em> Opiekujemy si\u0119 Pomnikiem Ofiar w Brandon, upami\u0119tniaj\u0105cym Polak\u00f3w, kt\u00f3rzy nie wr\u00f3cili z Sybiru i \u017co\u0142nierzy, kt\u00f3rzy walczyli pod Monte Cassino. Sk\u0142adamy tam kwiaty, palimy wsp\u00f3lnie znicze, aby podkre\u015bli\u0107 wag\u0119 miejsca, kt\u00f3re powsta\u0142o 5 lat temu &#8211; z inicjatywy lokalnego radnego.<\/p>\n<p style=\"text-align: justify;\">Pan, kt\u00f3ry przyczyni\u0142 si\u0119 do powstania tego pomnika, r\u00f3wnie\u017c zas\u0142uguje na szczeg\u00f3lne wyr\u00f3\u017cnienie, poniewa\u017c jest z pochodzenia Polakiem. Jego ojciec walczy\u0142 pod Monte Cassino, a wujek by\u0142 pilotem. To niebywale zas\u0142u\u017cona posta\u0107, ale jak my wszyscy ginie w cieniu prowincji. Przez ca\u0142e swoje \u017cycie Pan ten opowiada o polskiej prawdzie historycznej. Gromadzi w swoim domu wr\u0119cz muzealne pami\u0105tki, kt\u00f3re cz\u0119sto, udost\u0119pnia &#8211; organizuj\u0105c wystawy po\u015bwi\u0119cone losom \u017co\u0142nierzy, kt\u00f3rzy po II wojnie \u015bwiatowej zostali w Anglii.<\/p>\n<p style=\"text-align: justify;\">\u00a0\u00a0\u00a0\u00a0\u00a0\u00a0 Ostatnie lata, to szereg dotkliwych lekcji (pandemia, wojna w Ukrainie, izolacja ludzi, utrata pracy, drastyczne podwy\u017cki), kt\u00f3re w znacz\u0105cy spos\u00f3b naruszy\u0142y poczucie bezpiecze\u0144stwa nie tylko fizycznego, ale tak\u017ce psychologicznego, spo\u0142ecznego i emocjonalnego. W takich sytuacjach najwa\u017cniejsza jest wsp\u00f3lnota warto\u015bci, kt\u00f3ra pozwala na odbudowanie i piel\u0119gnowanie naruszonych wi\u0119zi, w naszym przypadku polskich wi\u0119zi oraz relacji spo\u0142ecznych budowanych od podstaw. Wsp\u00f3lna nauka &#8211; pomoc w odrabianiu pracy domowej, wymiana do\u015bwiadcze\u0144, a tak\u017ce wzajemne wsparcie s\u0105 nieocenionym darem.\u00a0 Dlatego teraz priorytetem jest dla nas realizacja pewnych zada\u0144 na pozaszkolnej \u015bwietlicy, kt\u00f3ra jest darmowa, a \u015brodki na ni\u0105 staram si\u0119 pozyska\u0107 z angielskich pozarz\u0105dowych organizacji.<\/p>\n<p style=\"text-align: justify;\">W naszej pracy kierujemy si\u0119 10 przykazaniami\u00a0 nauczyciela\u00a0 polonijnego:<\/p>\n<ol style=\"text-align: justify;\">\n<li>Poznaj ka\u017cde dziecko w klasie. Traktuje je indywidualnie i z szacunkiem, bo to CZ\u0141OWIEK!<\/li>\n<li>B\u0105d\u017a przyjaznym przewodnikiem na drodze zdobywania wiedzy przez dziecko!<\/li>\n<li>Ustal jasne regu\u0142y, wed\u0142ug kt\u00f3rych wszystkie dzieci b\u0119d\u0105 traktowane!<\/li>\n<li>Dostrzegaj potrzeby dziecka i rozwijaj jego umiej\u0119tno\u015bci!<\/li>\n<li>Obserwuj dziecko i jego post\u0119py. Reaguj w razie nieprawid\u0142owo\u015bci!<\/li>\n<li>B\u0105d\u017a otwarty. Wys\u0142uchuj do ko\u0144ca, co dziecko ma do powiedzenia!<\/li>\n<li>Wymagaj od uczni\u00f3w, ale przede wszystkim od siebie. Obserwuj samego siebie w roli nauczyciela. Wyci\u0105gaj wnioski z do\u015bwiadcze\u0144 i rozwijaj si\u0119!<\/li>\n<li>U\u015bwiadom sobie, a potem uczniom i ich rodzicom, jak wa\u017cna dzi\u015b jest dobra znajomo\u015b\u0107 dwu j\u0119zyk\u00f3w, w tym j\u0119zyka ojczystego!<\/li>\n<li>Nauczaj\u0105c, b\u0105d\u017a oddanym towarzyszem podr\u00f3\u017cy, jak\u0105 jest dla uczni\u00f3w nauka j\u0119zyka polskiego. Zostaw uczniom przestrze\u0144, aby mogli odkry\u0107 w sobie swoj\u0105 w\u0142asn\u0105 Polsk\u0119!<\/li>\n<li>Szkolne do\u015bwiadczenia dziecka to cz\u0119\u015b\u0107 jego polskiego do\u015bwiadczenia. Spraw aby by\u0142o ono jak najlepsze!<\/li>\n<\/ol>\n<p style=\"text-align: justify;\">Wi\u0119cej o szkole i jej dzia\u0142aniach na: <a href=\"http:\/\/www.buryfreepress.co.uk\/news\/polish-school-in-thetford-welcomes-prominent-guests-1-7647689\">http:\/\/www.buryfreepress.co.uk\/news\/polish-school-in-thetford-welcomes-prominent-guests-1-7647689<\/a><\/p>\n","protected":false},"excerpt":{"rendered":"<p>Pocz\u0105tki by\u0142y skromne, siedmioro dzieci ucz\u0119szczaj\u0105cych na kameralne lekcje w ogrodowym patio. Anna G\u0105siorowska &nbsp; \u00a0\u00a0\u00a0\u00a0\u00a0\u00a0\u00a0\u00a0\u00a0\u00a0\u00a0\u00a0\u00a0\u00a0\u00a0\u00a0\u00a0\u00a0\u00a0\u00a0\u00a0\u00a0\u00a0\u00a0\u00a0\u00a0\u00a0\u00a0\u00a0\u00a0\u00a0\u00a0\u00a0\u00a0\u00a0\u00a0\u00a0\u00a0\u00a0\u00a0\u00a0\u00a0\u00a0\u00a0\u00a0\u00a0 Idea szko\u0142y powsta\u0142a w 2012 roku, przez dwa lata prowadzi\u0142am lekcje w konserwatorium w ogrodzie, by\u0142a to benedykty\u0144ska praca, powoli, aczkolwiek bardzo sumiennie, przekonywa\u0142am tutejsz\u0105 Poloni\u0119 o potrzebie nauki j\u0119zyka polskiego, a uczni\u00f3w (poprzez zabaw\u0119) zach\u0119ca\u0142am do nauki [&hellip;]<\/p>\n","protected":false},"author":4,"featured_media":2481,"comment_status":"closed","ping_status":"closed","sticky":false,"template":"","format":"standard","meta":{"_mi_skip_tracking":false,"footnotes":""},"categories":[81],"tags":[],"class_list":["post-2475","post","type-post","status-publish","format-standard","has-post-thumbnail","hentry","category-historia-i-cele-szkolnictwa-polonijnego"],"_links":{"self":[{"href":"https:\/\/dziedzictwopolonii.pl\/portal\/wp-json\/wp\/v2\/posts\/2475","targetHints":{"allow":["GET"]}}],"collection":[{"href":"https:\/\/dziedzictwopolonii.pl\/portal\/wp-json\/wp\/v2\/posts"}],"about":[{"href":"https:\/\/dziedzictwopolonii.pl\/portal\/wp-json\/wp\/v2\/types\/post"}],"author":[{"embeddable":true,"href":"https:\/\/dziedzictwopolonii.pl\/portal\/wp-json\/wp\/v2\/users\/4"}],"replies":[{"embeddable":true,"href":"https:\/\/dziedzictwopolonii.pl\/portal\/wp-json\/wp\/v2\/comments?post=2475"}],"version-history":[{"count":1,"href":"https:\/\/dziedzictwopolonii.pl\/portal\/wp-json\/wp\/v2\/posts\/2475\/revisions"}],"predecessor-version":[{"id":2482,"href":"https:\/\/dziedzictwopolonii.pl\/portal\/wp-json\/wp\/v2\/posts\/2475\/revisions\/2482"}],"wp:featuredmedia":[{"embeddable":true,"href":"https:\/\/dziedzictwopolonii.pl\/portal\/wp-json\/wp\/v2\/media\/2481"}],"wp:attachment":[{"href":"https:\/\/dziedzictwopolonii.pl\/portal\/wp-json\/wp\/v2\/media?parent=2475"}],"wp:term":[{"taxonomy":"category","embeddable":true,"href":"https:\/\/dziedzictwopolonii.pl\/portal\/wp-json\/wp\/v2\/categories?post=2475"},{"taxonomy":"post_tag","embeddable":true,"href":"https:\/\/dziedzictwopolonii.pl\/portal\/wp-json\/wp\/v2\/tags?post=2475"}],"curies":[{"name":"wp","href":"https:\/\/api.w.org\/{rel}","templated":true}]}}