{"id":2306,"date":"2022-12-20T13:57:11","date_gmt":"2022-12-20T12:57:11","guid":{"rendered":"http:\/\/yanh.pl\/dev\/srbnp\/?p=2306"},"modified":"2023-01-27T10:02:05","modified_gmt":"2023-01-27T09:02:05","slug":"historia-i-cele-szkolnictwa-polonijnego","status":"publish","type":"post","link":"https:\/\/dziedzictwopolonii.pl\/portal\/historia-i-cele-szkolnictwa-polonijnego\/","title":{"rendered":"Historia i cele szkolnictwa polonijnego"},"content":{"rendered":"<div class=\"pdfprnt-buttons pdfprnt-buttons-post pdfprnt-top-right\"><a href=\"https:\/\/dziedzictwopolonii.pl\/portal\/wp-json\/wp\/v2\/posts\/2306?print=pdf\" class=\"pdfprnt-button pdfprnt-button-pdf\" target=\"_blank\"><img decoding=\"async\" src=\"http:\/\/dziedzictwopolonii.pl\/portal\/wp-content\/plugins\/pdf-print\/images\/pdf.png\" alt=\"image_pdf\" title=\"Download PDF\" \/><span class=\"pdfprnt-button-title pdfprnt-button-pdf-title\">POBIERZ PDF<\/span><\/a><a href=\"https:\/\/dziedzictwopolonii.pl\/portal\/wp-json\/wp\/v2\/posts\/2306?print=print\" class=\"pdfprnt-button pdfprnt-button-print\" target=\"_blank\"><img decoding=\"async\" src=\"http:\/\/dziedzictwopolonii.pl\/portal\/wp-content\/plugins\/pdf-print\/images\/print.png\" alt=\"image_print\" title=\"Print Content\" \/><\/a><\/div>\t\t\n\t\t\n\t\t<style>\n\t\t\n\t\t#list_69f235c9357f0 .wpucv-list article.wpucv-featured-post h2.wpucv-post-title {\n\t\t\t\t\t\tfont-size: 20px !important;\n\t\t\t\t\t\t\n\t\t\t\t\t\tline-height: 26px !important;\n\t\t\t\t\t\t\n\t\t\t\t\t\tfont-weight: 700 !important;\n\t\t\t\t\t}\n\t\t\n\t\t\t\t#list_69f235c9357f0 .wpucv-list article.wpucv-featured-post .wpucv-post-title,\n\t\t#list_69f235c9357f0 .wpucv-list article.wpucv-featured-post .wpucv-post-title a,\n\t\t#list_69f235c9357f0 .wpucv-list article.wpucv-featured-post .wpucv-post-title a:visited{\n\t\t\tcolor: #232323 !important;\n\t\t}\n\t\t\t\t\n\t\t\t\t#list_69f235c9357f0 .wpucv-list article.wpucv-featured-post .wpucv-post-title a:hover,\n\t\t#list_69f235c9357f0 .wpucv-list article.wpucv-featured-post .wpucv-post-title a:active {\n\t\t\tcolor: #232323 !important;\n\t\t}\n\t\t\t\t\n\t\t#list_69f235c9357f0 .wpucv-list article.wpucv-featured-post .wpucv-post-meta,\n\t\t#list_69f235c9357f0 .wpucv-list article.wpucv-featured-post .wpucv-post-meta a{\n\t\t\t\t\t\tfont-size: 12px !important;\n\t\t\t\t\t\t\n\t\t\t\t\t\tline-height: 16px !important;\n\t\t\t\t\t\t\n\t\t\t\t\t\tfont-weight: 400 !important;\n\t\t\t\t\t\t\n\t\t\t\t\t\tcolor: #888888 !important;\n\t\t\t\t\t}\n\t\t\n\t\t#list_69f235c9357f0 .wpucv-list article.wpucv-featured-post p.wpucv-excerpt{\n\t\t\t\t\t\tfont-size: 13px !important;\n\t\t\t\t\t\t\n\t\t\t\t\t\tline-height: 17px !important;\n\t\t\t\t\t\t\n\t\t\t\t\t\tfont-weight: 400 !important;\n\t\t\t\t\t\t\n\t\t\t\t\t\tcolor: #333333 !important;\n\t\t\t\t\t}\n\t\t\n\t\t#list_69f235c9357f0 .wpucv-list article.wpucv-featured-post a.wpucv-read-more,\n\t\t#list_69f235c9357f0 .wpucv-list article.wpucv-featured-post a.wpucv-read-more.wpucv-button{\n\t\t\t\t\t\tcolor: #FFFFFF !important;\n\t\t\t\t\t\t\n\t\t\t\t\t\tfont-size: 14px !important;\n\t\t\t\t\t\t\n\t\t\t\t\t\tline-height: 14px !important;\n\t\t\t\t\t\t\n\t\t\t\t\t\tfont-weight: 400 !important;\n\t\t\t\t\t\t\n\t\t\t-webkit-transition: all 0.7s !important;\n\t\t\t-moz-transition: all 0.7s !important;\n\t\t\t-o-transition: all 0.7s !important;\n\t\t\ttransition: all 0.7s !important;\n\t\t}\n\t\t\n\t\t\t\t#list_69f235c9357f0 .wpucv-list article.wpucv-featured-post a.wpucv-read-more,\n\t\t#list_69f235c9357f0 .wpucv-list article.wpucv-featured-post a.wpucv-read-more.wpucv-button{\n\t\t\tbackground-color: #5e5e5e !important;\n\t\t}\n\t\t\t\t\n\t\t\t\t#list_69f235c9357f0 .wpucv-list article.wpucv-featured-post a.wpucv-read-more:hover,\n\t\t#list_69f235c9357f0 .wpucv-list article.wpucv-featured-post a.wpucv-read-more:active,\n\t\t#list_69f235c9357f0 .wpucv-list article.wpucv-featured-post a.wpucv-read-more.wpucv-button:hover,\n\t\t#list_69f235c9357f0 .wpucv-list article.wpucv-featured-post a.wpucv-read-more.wpucv-button:active{\n\t\t\tcolor: #FFFFFF !important;\n\t\t}\n\t\t\t\t\n\t\t\t\t#list_69f235c9357f0 .wpucv-list article.wpucv-featured-post a.wpucv-read-more.wpucv-button:hover,\n\t\t#list_69f235c9357f0 .wpucv-list article.wpucv-featured-post a.wpucv-read-more.wpucv-button:active{\n\t\t\tbackground-color: #5e5e5e !important;\n\t\t}\n\t\t\t\t\n\t\t#list_69f235c9357f0 .wpucv-list article h2.wpucv-post-title{\n\t\t\t\t\t\tfont-size: 20px !important;\n\t\t\t\t\t\t\n\t\t\t\t\t\tline-height: 26px !important;\n\t\t\t\t\t\t\n\t\t\t\t\t\tfont-weight: 700 !important;\n\t\t\t\t\t}\n\t\t\n\t\t\t\t#list_69f235c9357f0 .wpucv-list article .wpucv-post-title,\n\t\t#list_69f235c9357f0 .wpucv-list article .wpucv-post-title a,\n\t\t#list_69f235c9357f0 .wpucv-list article .wpucv-post-title a:visited{\n\t\t\tcolor: #232323 !important;\n\t\t}\n\t\t\t\t\n\t\t\t\t#list_69f235c9357f0 .wpucv-list article .wpucv-post-title a:hover,\n\t\t#list_69f235c9357f0 .wpucv-list article .wpucv-post-title a:active {\n\t\t\tcolor: #232323 !important;\n\t\t}\n\t\t\t\t\n\t\t#list_69f235c9357f0 .wpucv-list article .wpucv-post-meta{\n\t\t\t\t\t\tfont-size: 12px !important;\n\t\t\t\t\t\t\n\t\t\t\t\t\tline-height: 16px !important;\n\t\t\t\t\t\t\n\t\t\t\t\t\tfont-weight: 400 !important;\n\t\t\t\t\t}\n\t\t\n\t\t\t\t#list_69f235c9357f0 .wpucv-list article .wpucv-post-meta,\n\t\t#list_69f235c9357f0 .wpucv-list article .wpucv-post-meta a,\n\t\t#list_69f235c9357f0 .wpucv-list article .wpucv-post-meta a:visited,\n\t\t#list_69f235c9357f0 .wpucv-list article .wpucv-post-meta a:hover,\n\t\t#list_69f235c9357f0 .wpucv-list article .wpucv-post-meta a:active{\n\t\t\tcolor: #888888 !important;\n\t\t}\n\t\t\t\t\n\t\t#list_69f235c9357f0 .wpucv-list article p.wpucv-excerpt{\n\t\t\t\t\t\tfont-size: 13px !important;\n\t\t\t\t\t\t\n\t\t\t\t\t\tline-height: 17px !important;\n\t\t\t\t\t\t\n\t\t\t\t\t\tfont-weight: 400 !important;\n\t\t\t\n\t\t\t\t\t\tcolor: #333333 !important;\n\t\t\t\t\t}\n\t\t\n\t\t#list_69f235c9357f0 .wpucv-list article a.wpucv-read-more,\n\t\t#list_69f235c9357f0 .wpucv-list article a.wpucv-read-more.wpucv-button{\n\t\t\t\t\t\tcolor: #FFFFFF !important;\n\t\t\t\t\t\t\n\t\t\t\t\t\tfont-size: 14px !important;\n\t\t\t\t\t\t\n\t\t\t\t\t\tline-height: 14px !important;\n\t\t\t\t\t\t\n\t\t\t\t\t\tfont-weight: 400 !important;\n\t\t\t\n\t\t\t-webkit-transition: all 0.7s !important;\n\t\t\t-moz-transition: all 0.7s !important;\n\t\t\t-o-transition: all 0.7s !important;\n\t\t\ttransition: all 0.7s !important;\n\t\t}\n\t\t\n\t\t\t\t#list_69f235c9357f0 .wpucv-list article a.wpucv-read-more.wpucv-button{\n\t\t\tbackground-color: #5e5e5e !important;\n\t\t}\n\t\t\t\t\n\t\t\t\t#list_69f235c9357f0 .wpucv-list article a.wpucv-read-more:hover,\n\t\t#list_69f235c9357f0 .wpucv-list article a.wpucv-read-more:active,\n\t\t#list_69f235c9357f0 .wpucv-list article a.wpucv-read-more.wpucv-button:hover,\n\t\t#list_69f235c9357f0 .wpucv-list article a.wpucv-read-more.wpucv-button:active{\n\t\t\tcolor: #FFFFFF !important;\n\t\t}\n\t\t\t\t\n\t\t\t\t#list_69f235c9357f0 .wpucv-list article a.wpucv-read-more.wpucv-button:hover,\n\t\t#list_69f235c9357f0 .wpucv-list article a.wpucv-read-more.wpucv-button:active{\n\t\t\tbackground-color: #ff0000 !important;\n\t\t}\n\t\t\t\t\n\t\t\t\t\n\t\t#list_69f235c9357f0 .wpucv-pagination-wrapper .wpucv-pagination li a{\n\t\t\t\t\t\tcolor: #FFFFFF !important;\n\t\t\t\t\t\t\n\t\t\t\t\t\tbackground-color: #4584ED !important;\n\t\t\t\t\t}\n\t\t\n\t\t#list_69f235c9357f0 .wpucv-pagination-wrapper .wpucv-pagination li a:hover,\n\t\t#list_69f235c9357f0 .wpucv-pagination-wrapper .wpucv-pagination li span{\n\t\t\t\t\t\tcolor: #FFFFFF !important;\n\t\t\t\t\t\t\n\t\t\t\t\t\tbackground-color: #adadad !important;\n\t\t\t\t\t}\n\t\t\n\t\t\t\t\n\t\t\t\t\n\t\t\t\t#list_69f235c9357f0 .wpucv-list.wpucv-style06 article {\n\t\t\t text-align: center;\n\t\t}\n\t\t\t\t\n\t\t\t\t\n\t\t\t\t\n\t\t\t\t#list_69f235c9357f0 .wpucv-list.wpucv-style02 article {\n\t\t\tpadding-left: 10px !important;\n\t\t\tpadding-right: 10px !important;\n\t\t}\n\t\t\t\t\n\t\t\t\t#list_69f235c9357f0 .wpucv-list.wpucv-style02 article {\n\t\t\tpadding-top: 10px !important;\n\t\t\tpadding-bottom: 10px !important;\n\t\t}\n\t\t\t\t\n\t\t\t\t#list_69f235c9357f0 .wpucv-list.wpucv-style05 .cell {\n\t\t\tpadding: 5px !important;\n\t\t}\n\t\t\t\t\n\t\t\t\t<\/style>\n\t\t\t\t<div class=\"wpucv\" id=\"list_69f235c9357f0\">\n\t\t\t\t\t\t\t\t\t\t\t\n\t\t\t\t<div class=\"wpucv-list-wrapper\">\n\t\t\t\t\t\n<div class=\"wpucv-list wpucv-style02\">\n\t\t<div class=\"grid-x\">\n\t\t\t\t\t\t\t\t\n\t\t\t\t<article id=\"post-4521\" class=\"cell small-12 medium-6 large-4\" itemscope itemtype=\"http:\/\/schema.org\/Article\">\n\t\t\t<a class=\"wpucv-image-link-wrapper\" href=\"https:\/\/dziedzictwopolonii.pl\/portal\/okulary-traugutta-upamietnienie-obchodow-160-rocznicy-powstania-styczniowego\/\" title=\"\u201eOkulary Traugutta\u201d \u2013 upami\u0119tnienie obchod\u00f3w 160. Rocznicy Powstania Styczniowego\">\n\t\t\t\t\t\t\t<img decoding=\"async\" class=\"wpucv-image-responsive\" src=\"https:\/\/dziedzictwopolonii.pl\/portal\/wp-content\/uploads\/2023\/02\/okulary-360x240.jpg\" srcset=\"https:\/\/dziedzictwopolonii.pl\/portal\/wp-content\/uploads\/2023\/02\/okulary-360x240.jpg 360w, https:\/\/dziedzictwopolonii.pl\/portal\/wp-content\/uploads\/2023\/02\/okulary-600x400.jpg 600w\" sizes=\"(max-width: 639px) 600w, (min-width: 640px) 360w\" title=\"\u201eOkulary Traugutta\u201d \u2013 upami\u0119tnienie obchod\u00f3w 160. Rocznicy Powstania Styczniowego\" alt=\"\u201eOkulary Traugutta\u201d \u2013 upami\u0119tnienie obchod\u00f3w 160. Rocznicy Powstania Styczniowego\" itemprop=\"image\">\n\t\t\t\t\t\t\t<\/a>\n\t\t\t<h2 class=\"wpucv-post-title\" itemprop=\"name headline\">\n\t\t\t\t<a href=\"https:\/\/dziedzictwopolonii.pl\/portal\/okulary-traugutta-upamietnienie-obchodow-160-rocznicy-powstania-styczniowego\/\">\u201eOkulary Traugutta\u201d \u2013 upami\u0119tnienie obchod\u00f3w 160. Rocznicy Powstania Styczniowego<\/a>\n\t\t\t<\/h2>\n\t\t\t\n\t\t\t<div class=\"wpucv-post-meta\"><a href=\"https:\/\/dziedzictwopolonii.pl\/portal\/author\/admin\/\" title=\"Wpisy od admin\">admin<\/a>&nbsp;|&nbsp;<time datetime=\"2023-02-17\">17 lutego 2023<\/time><\/div>\t\t\t\n\t\t\t<p class=\"wpucv-excerpt\">POBIERZ PDF22 stycznia zainicjowane zosta\u0142y obchody 160. rocznicy wybuchu Powstania Styczniowego. Powstanie zrodzi\u0142o si\u0119 z buntu przeciwko opresji zaborcy rosyjskiego,&hellip;<\/p>\t\t<\/article>\n\t\t\t\t\t\t\t\t\n\t\t\t\t<article id=\"post-4444\" class=\"cell small-12 medium-6 large-4\" itemscope itemtype=\"http:\/\/schema.org\/Article\">\n\t\t\t<a class=\"wpucv-image-link-wrapper\" href=\"https:\/\/dziedzictwopolonii.pl\/portal\/moj-kawalek-polski-na-wyspach-polska-szkola-sobotnia-im-sw-krolowej-jadwigi-forest-gate-ilford\/\" title=\"M\u00f3j kawa\u0142ek Polski na Wyspach \u2013 Polska Szko\u0142a Sobotnia &#8230;..\">\n\t\t\t\t\t\t\t<img decoding=\"async\" class=\"wpucv-image-responsive\" src=\"https:\/\/dziedzictwopolonii.pl\/portal\/wp-content\/uploads\/2023\/01\/crp-360x240.jpg\" srcset=\"https:\/\/dziedzictwopolonii.pl\/portal\/wp-content\/uploads\/2023\/01\/crp-360x240.jpg 360w, https:\/\/dziedzictwopolonii.pl\/portal\/wp-content\/uploads\/2023\/01\/crp-600x400.jpg 600w\" sizes=\"(max-width: 639px) 600w, (min-width: 640px) 360w\" title=\"M\u00f3j kawa\u0142ek Polski na Wyspach \u2013 Polska Szko\u0142a Sobotnia &#8230;..\" alt=\"M\u00f3j kawa\u0142ek Polski na Wyspach \u2013 Polska Szko\u0142a Sobotnia &#8230;..\" itemprop=\"image\">\n\t\t\t\t\t\t\t<\/a>\n\t\t\t<h2 class=\"wpucv-post-title\" itemprop=\"name headline\">\n\t\t\t\t<a href=\"https:\/\/dziedzictwopolonii.pl\/portal\/moj-kawalek-polski-na-wyspach-polska-szkola-sobotnia-im-sw-krolowej-jadwigi-forest-gate-ilford\/\">M\u00f3j kawa\u0142ek Polski na Wyspach \u2013 Polska Szko\u0142a Sobotnia &#8230;..<\/a>\n\t\t\t<\/h2>\n\t\t\t\n\t\t\t<div class=\"wpucv-post-meta\"><a href=\"https:\/\/dziedzictwopolonii.pl\/portal\/author\/redakcja\/\" title=\"Wpisy od Redakcja\">Redakcja<\/a>&nbsp;|&nbsp;<time datetime=\"2023-01-15\">15 stycznia 2023<\/time><\/div>\t\t\t\n\t\t\t<p class=\"wpucv-excerpt\">POBIERZ PDFM\u00f3j kawa\u0142ek Polski na Wyspach \u2013 Polska Szko\u0142a Sobotnia im. \u015bw. Kr\u00f3lowej Jadwigi Forest Gate \/ Ilford Obecnie w&hellip;<\/p>\t\t<\/article>\n\t\t\t\t\t\t\t\t\n\t\t\t\t<article id=\"post-4422\" class=\"cell small-12 medium-6 large-4\" itemscope itemtype=\"http:\/\/schema.org\/Article\">\n\t\t\t<a class=\"wpucv-image-link-wrapper\" href=\"https:\/\/dziedzictwopolonii.pl\/portal\/obchody-80-lecia-dzialalnosci-zrzeszenia-nauczycielstwa-polskiego-za-granica\/\" title=\"Obchody 80-lecia dzia\u0142alno\u015bci Zrzeszenia Nauczycielstwa Polskiego za Granic\u0105\">\n\t\t\t\t\t\t\t<img decoding=\"async\" class=\"wpucv-image-responsive\" src=\"https:\/\/dziedzictwopolonii.pl\/portal\/wp-content\/uploads\/2023\/01\/312052690_584910683386594_1621066850241043021_n-360x240.jpg\" srcset=\"https:\/\/dziedzictwopolonii.pl\/portal\/wp-content\/uploads\/2023\/01\/312052690_584910683386594_1621066850241043021_n-360x240.jpg 360w, https:\/\/dziedzictwopolonii.pl\/portal\/wp-content\/uploads\/2023\/01\/312052690_584910683386594_1621066850241043021_n-600x400.jpg 600w\" sizes=\"(max-width: 639px) 600w, (min-width: 640px) 360w\" title=\"Obchody 80-lecia dzia\u0142alno\u015bci Zrzeszenia Nauczycielstwa Polskiego za Granic\u0105\" alt=\"Obchody 80-lecia dzia\u0142alno\u015bci Zrzeszenia Nauczycielstwa Polskiego za Granic\u0105\" itemprop=\"image\">\n\t\t\t\t\t\t\t<\/a>\n\t\t\t<h2 class=\"wpucv-post-title\" itemprop=\"name headline\">\n\t\t\t\t<a href=\"https:\/\/dziedzictwopolonii.pl\/portal\/obchody-80-lecia-dzialalnosci-zrzeszenia-nauczycielstwa-polskiego-za-granica\/\">Obchody 80-lecia dzia\u0142alno\u015bci Zrzeszenia Nauczycielstwa Polskiego za Granic\u0105<\/a>\n\t\t\t<\/h2>\n\t\t\t\n\t\t\t<div class=\"wpucv-post-meta\"><a href=\"https:\/\/dziedzictwopolonii.pl\/portal\/author\/redakcja\/\" title=\"Wpisy od Redakcja\">Redakcja<\/a>&nbsp;|&nbsp;<time datetime=\"2023-01-09\">9 stycznia 2023<\/time><\/div>\t\t\t\n\t\t\t<p class=\"wpucv-excerpt\">POBIERZ PDFMaksi Kozi\u0144ska, Obchody 80-lecia dzia\u0142alno\u015bci Zrzeszenia Nauczycielstwa Polskiego za Granic\u0105 23 pa\u017adziernika 2022 roku w Polskim O\u015brodku Spo\u0142eczno-Kulturalnym (POSK)&hellip;<\/p>\t\t<\/article>\n\t\t\t\t\t\t\t\t\n\t\t\t\t<article id=\"post-4405\" class=\"cell small-12 medium-6 large-4\" itemscope itemtype=\"http:\/\/schema.org\/Article\">\n\t\t\t<a class=\"wpucv-image-link-wrapper\" href=\"https:\/\/dziedzictwopolonii.pl\/portal\/kolonie-polskie-a-nauczanie-jezyka-polskiego\/\" title=\"Kolonie polskie a nauczanie j\u0119zyka polskiego\">\n\t\t\t\t\t\t\t<img decoding=\"async\" class=\"wpucv-image-responsive\" src=\"https:\/\/dziedzictwopolonii.pl\/portal\/wp-content\/uploads\/2023\/01\/1-kolonie-polskie-BRIBIE-ISLAND-360x240.jpg\" srcset=\"https:\/\/dziedzictwopolonii.pl\/portal\/wp-content\/uploads\/2023\/01\/1-kolonie-polskie-BRIBIE-ISLAND-360x240.jpg 360w, https:\/\/dziedzictwopolonii.pl\/portal\/wp-content\/uploads\/2023\/01\/1-kolonie-polskie-BRIBIE-ISLAND-600x400.jpg 600w\" sizes=\"(max-width: 639px) 600w, (min-width: 640px) 360w\" title=\"Kolonie polskie a nauczanie j\u0119zyka polskiego\" alt=\"Kolonie polskie a nauczanie j\u0119zyka polskiego\" itemprop=\"image\">\n\t\t\t\t\t\t\t<\/a>\n\t\t\t<h2 class=\"wpucv-post-title\" itemprop=\"name headline\">\n\t\t\t\t<a href=\"https:\/\/dziedzictwopolonii.pl\/portal\/kolonie-polskie-a-nauczanie-jezyka-polskiego\/\">Kolonie polskie a nauczanie j\u0119zyka polskiego<\/a>\n\t\t\t<\/h2>\n\t\t\t\n\t\t\t<div class=\"wpucv-post-meta\"><a href=\"https:\/\/dziedzictwopolonii.pl\/portal\/author\/redakcja\/\" title=\"Wpisy od Redakcja\">Redakcja<\/a>&nbsp;|&nbsp;<time datetime=\"2023-01-09\">9 stycznia 2023<\/time><\/div>\t\t\t\n\t\t\t<p class=\"wpucv-excerpt\">POBIERZ PDFDr Jacek Cholewski, Australia Kolonie polskie a nauczanie j\u0119zyka polskiego Pierwsze kolonie dla dzieci i m\u0142odzie\u017cy (w wieku od&hellip;<\/p>\t\t<\/article>\n\t\t\t\t\t\t\t\t\n\t\t\t\t<article id=\"post-3954\" class=\"cell small-12 medium-6 large-4\" itemscope itemtype=\"http:\/\/schema.org\/Article\">\n\t\t\t<a class=\"wpucv-image-link-wrapper\" href=\"https:\/\/dziedzictwopolonii.pl\/portal\/nigdy-niezapomniany-jureczek-rozmowa-o-losach-polskiego-olimpijczyka-jerzego-waleriana-brauna-1911-1968-miejscu-jego-pochowku-i-upamietnieniu\/\" title=\"\u201eNigdy niezapomniany Jureczek\u201d \u2013 rozmowa o losach polskiego Olimpijczyka Jerzego Waleriana Brauna (1911-1968), miejscu jego poch\u00f3wku i upami\u0119tnieniu\">\n\t\t\t\t\t\t\t<img decoding=\"async\" class=\"wpucv-image-responsive\" src=\"https:\/\/dziedzictwopolonii.pl\/portal\/wp-content\/uploads\/2023\/01\/ol2-360x240.jpg\" srcset=\"https:\/\/dziedzictwopolonii.pl\/portal\/wp-content\/uploads\/2023\/01\/ol2-360x240.jpg 360w, https:\/\/dziedzictwopolonii.pl\/portal\/wp-content\/uploads\/2023\/01\/ol2-600x400.jpg 600w\" sizes=\"(max-width: 639px) 600w, (min-width: 640px) 360w\" title=\"\u201eNigdy niezapomniany Jureczek\u201d \u2013 rozmowa o losach polskiego Olimpijczyka Jerzego Waleriana Brauna (1911-1968), miejscu jego poch\u00f3wku i upami\u0119tnieniu\" alt=\"\u201eNigdy niezapomniany Jureczek\u201d \u2013 rozmowa o losach polskiego Olimpijczyka Jerzego Waleriana Brauna (1911-1968), miejscu jego poch\u00f3wku i upami\u0119tnieniu\" itemprop=\"image\">\n\t\t\t\t\t\t\t<\/a>\n\t\t\t<h2 class=\"wpucv-post-title\" itemprop=\"name headline\">\n\t\t\t\t<a href=\"https:\/\/dziedzictwopolonii.pl\/portal\/nigdy-niezapomniany-jureczek-rozmowa-o-losach-polskiego-olimpijczyka-jerzego-waleriana-brauna-1911-1968-miejscu-jego-pochowku-i-upamietnieniu\/\">\u201eNigdy niezapomniany Jureczek\u201d \u2013 rozmowa o losach polskiego Olimpijczyka Jerzego Waleriana Brauna (1911-1968), miejscu jego poch\u00f3wku i upami\u0119tnieniu<\/a>\n\t\t\t<\/h2>\n\t\t\t\n\t\t\t<div class=\"wpucv-post-meta\"><a href=\"https:\/\/dziedzictwopolonii.pl\/portal\/author\/redakcja\/\" title=\"Wpisy od Redakcja\">Redakcja<\/a>&nbsp;|&nbsp;<time datetime=\"2023-01-08\">8 stycznia 2023<\/time><\/div>\t\t\t\n\t\t\t<p class=\"wpucv-excerpt\">POBIERZ PDFRenata Jarecka, \u201eNigdy niezapomniany Jureczek\u201d \u2013 rozmowa o losach polskiego Olimpijczyka Jerzego Waleriana Brauna (1911-1968), miejscu jego poch\u00f3wku i&hellip;<\/p>\t\t<\/article>\n\t\t\t\t\t\t\t\t\n\t\t\t\t<article id=\"post-4000\" class=\"cell small-12 medium-6 large-4\" itemscope itemtype=\"http:\/\/schema.org\/Article\">\n\t\t\t<a class=\"wpucv-image-link-wrapper\" href=\"https:\/\/dziedzictwopolonii.pl\/portal\/pomnik-katynski-w-kirkcaldy-w-szkocji\/\" title=\"Pomnik katy\u0144ski w Kirkcaldy w Szkocji\">\n\t\t\t\t\t\t\t<img decoding=\"async\" class=\"wpucv-image-responsive\" src=\"https:\/\/dziedzictwopolonii.pl\/portal\/wp-content\/uploads\/2023\/01\/Pomnik-katynski-w-Kirkcaldy-zd.-360x240.jpg\" srcset=\"https:\/\/dziedzictwopolonii.pl\/portal\/wp-content\/uploads\/2023\/01\/Pomnik-katynski-w-Kirkcaldy-zd.-360x240.jpg 360w, https:\/\/dziedzictwopolonii.pl\/portal\/wp-content\/uploads\/2023\/01\/Pomnik-katynski-w-Kirkcaldy-zd.-600x400.jpg 600w\" sizes=\"(max-width: 639px) 600w, (min-width: 640px) 360w\" title=\"Pomnik katy\u0144ski w Kirkcaldy w Szkocji\" alt=\"Pomnik katy\u0144ski w Kirkcaldy w Szkocji\" itemprop=\"image\">\n\t\t\t\t\t\t\t<\/a>\n\t\t\t<h2 class=\"wpucv-post-title\" itemprop=\"name headline\">\n\t\t\t\t<a href=\"https:\/\/dziedzictwopolonii.pl\/portal\/pomnik-katynski-w-kirkcaldy-w-szkocji\/\">Pomnik katy\u0144ski w Kirkcaldy w Szkocji<\/a>\n\t\t\t<\/h2>\n\t\t\t\n\t\t\t<div class=\"wpucv-post-meta\"><a href=\"https:\/\/dziedzictwopolonii.pl\/portal\/author\/redakcja\/\" title=\"Wpisy od Redakcja\">Redakcja<\/a>&nbsp;|&nbsp;<time datetime=\"2023-01-06\">6 stycznia 2023<\/time><\/div>\t\t\t\n\t\t\t<p class=\"wpucv-excerpt\">POBIERZ PDFRenata Jarecka Pomnik katy\u0144ski w Kirkcaldy w Szkocji Do klasy moich maturzyst\u00f3w przygotowuj\u0105cych si\u0119 do A-level z j\u0119zyka polskiego&hellip;<\/p>\t\t<\/article>\n\t\t\t\t\t\t\t\t\n\t\t\t\t<article id=\"post-2475\" class=\"cell small-12 medium-6 large-4\" itemscope itemtype=\"http:\/\/schema.org\/Article\">\n\t\t\t<a class=\"wpucv-image-link-wrapper\" href=\"https:\/\/dziedzictwopolonii.pl\/portal\/krotka-historia-powstaniu-polskiej-szkoly-w-thetford\/\" title=\"Kr\u00f3tka historia powstaniu polskiej szko\u0142y w Thetford\">\n\t\t\t\t\t\t\t<img decoding=\"async\" class=\"wpucv-image-responsive\" src=\"https:\/\/dziedzictwopolonii.pl\/portal\/wp-content\/uploads\/2022\/12\/Szkola-Polska-w-Charles-Burrell-Centre-360x240.jpg\" srcset=\"https:\/\/dziedzictwopolonii.pl\/portal\/wp-content\/uploads\/2022\/12\/Szkola-Polska-w-Charles-Burrell-Centre-360x240.jpg 360w, https:\/\/dziedzictwopolonii.pl\/portal\/wp-content\/uploads\/2022\/12\/Szkola-Polska-w-Charles-Burrell-Centre-600x400.jpg 600w\" sizes=\"(max-width: 639px) 600w, (min-width: 640px) 360w\" title=\"Kr\u00f3tka historia powstaniu polskiej szko\u0142y w Thetford\" alt=\"Kr\u00f3tka historia powstaniu polskiej szko\u0142y w Thetford\" itemprop=\"image\">\n\t\t\t\t\t\t\t<\/a>\n\t\t\t<h2 class=\"wpucv-post-title\" itemprop=\"name headline\">\n\t\t\t\t<a href=\"https:\/\/dziedzictwopolonii.pl\/portal\/krotka-historia-powstaniu-polskiej-szkoly-w-thetford\/\">Kr\u00f3tka historia powstaniu polskiej szko\u0142y w Thetford<\/a>\n\t\t\t<\/h2>\n\t\t\t\n\t\t\t<div class=\"wpucv-post-meta\"><a href=\"https:\/\/dziedzictwopolonii.pl\/portal\/author\/redakcja\/\" title=\"Wpisy od Redakcja\">Redakcja<\/a>&nbsp;|&nbsp;<time datetime=\"2022-12-20\">20 grudnia 2022<\/time><\/div>\t\t\t\n\t\t\t<p class=\"wpucv-excerpt\">POBIERZ PDFPocz\u0105tki by\u0142y skromne, siedmioro dzieci ucz\u0119szczaj\u0105cych na kameralne lekcje w ogrodowym patio. Anna G\u0105siorowska &nbsp; \u00a0\u00a0\u00a0\u00a0\u00a0\u00a0\u00a0\u00a0\u00a0\u00a0\u00a0\u00a0\u00a0\u00a0\u00a0\u00a0\u00a0\u00a0\u00a0\u00a0\u00a0\u00a0\u00a0\u00a0\u00a0\u00a0\u00a0\u00a0\u00a0\u00a0\u00a0\u00a0\u00a0\u00a0\u00a0\u00a0\u00a0\u00a0\u00a0\u00a0\u00a0\u00a0\u00a0\u00a0\u00a0\u00a0 Idea szko\u0142y powsta\u0142a&hellip;<\/p>\t\t<\/article>\n\t\t\t<\/div>\n\t<\/div>\t\t\t\t<\/div>\n\t\t\t\t\n\t\t\t\t\t\t\t\t<div class=\"wpucv-pagination-wrapper clearfix\">\n\t\t\t\t\t\t\t\t\t<\/div>\n\t\t\t\t\t\t\t\t\t<\/div>\n\t\t\n","protected":false},"excerpt":{"rendered":"<p>Pocz\u0105tki by\u0142y skromne, siedmioro dzieci ucz\u0119szczaj\u0105cych na kameralne lekcje w ogrodowym patio. Anna G\u0105siorowska &nbsp; \u00a0\u00a0\u00a0\u00a0\u00a0\u00a0\u00a0\u00a0\u00a0\u00a0\u00a0\u00a0\u00a0\u00a0\u00a0\u00a0\u00a0\u00a0\u00a0\u00a0\u00a0\u00a0\u00a0\u00a0\u00a0\u00a0\u00a0\u00a0\u00a0\u00a0\u00a0\u00a0\u00a0\u00a0\u00a0\u00a0\u00a0\u00a0\u00a0\u00a0\u00a0\u00a0\u00a0\u00a0\u00a0\u00a0 Idea szko\u0142y powsta\u0142a&hellip;<\/p>\n","protected":false},"author":4,"featured_media":2481,"comment_status":"closed","ping_status":"closed","sticky":false,"template":"","format":"standard","meta":{"_mi_skip_tracking":false,"footnotes":""},"categories":[109],"tags":[],"class_list":["post-2306","post","type-post","status-publish","format-standard","has-post-thumbnail","hentry","category-edukacja-i-szkolnictwo-polonijne"],"_links":{"self":[{"href":"https:\/\/dziedzictwopolonii.pl\/portal\/wp-json\/wp\/v2\/posts\/2306","targetHints":{"allow":["GET"]}}],"collection":[{"href":"https:\/\/dziedzictwopolonii.pl\/portal\/wp-json\/wp\/v2\/posts"}],"about":[{"href":"https:\/\/dziedzictwopolonii.pl\/portal\/wp-json\/wp\/v2\/types\/post"}],"author":[{"embeddable":true,"href":"https:\/\/dziedzictwopolonii.pl\/portal\/wp-json\/wp\/v2\/users\/4"}],"replies":[{"embeddable":true,"href":"https:\/\/dziedzictwopolonii.pl\/portal\/wp-json\/wp\/v2\/comments?post=2306"}],"version-history":[{"count":2,"href":"https:\/\/dziedzictwopolonii.pl\/portal\/wp-json\/wp\/v2\/posts\/2306\/revisions"}],"predecessor-version":[{"id":2431,"href":"https:\/\/dziedzictwopolonii.pl\/portal\/wp-json\/wp\/v2\/posts\/2306\/revisions\/2431"}],"wp:featuredmedia":[{"embeddable":true,"href":"https:\/\/dziedzictwopolonii.pl\/portal\/wp-json\/wp\/v2\/media\/2481"}],"wp:attachment":[{"href":"https:\/\/dziedzictwopolonii.pl\/portal\/wp-json\/wp\/v2\/media?parent=2306"}],"wp:term":[{"taxonomy":"category","embeddable":true,"href":"https:\/\/dziedzictwopolonii.pl\/portal\/wp-json\/wp\/v2\/categories?post=2306"},{"taxonomy":"post_tag","embeddable":true,"href":"https:\/\/dziedzictwopolonii.pl\/portal\/wp-json\/wp\/v2\/tags?post=2306"}],"curies":[{"name":"wp","href":"https:\/\/api.w.org\/{rel}","templated":true}]}}