{"id":2191,"date":"2022-12-19T17:10:54","date_gmt":"2022-12-19T16:10:54","guid":{"rendered":"http:\/\/yanh.pl\/dev\/srbnp\/?p=2191"},"modified":"2023-01-27T10:02:05","modified_gmt":"2023-01-27T09:02:05","slug":"lekarze","status":"publish","type":"post","link":"https:\/\/dziedzictwopolonii.pl\/portal\/lekarze\/","title":{"rendered":"Lekarze"},"content":{"rendered":"<div class=\"pdfprnt-buttons pdfprnt-buttons-post pdfprnt-top-right\"><a href=\"https:\/\/dziedzictwopolonii.pl\/portal\/wp-json\/wp\/v2\/posts\/2191?print=pdf\" class=\"pdfprnt-button pdfprnt-button-pdf\" target=\"_blank\"><img decoding=\"async\" src=\"http:\/\/dziedzictwopolonii.pl\/portal\/wp-content\/plugins\/pdf-print\/images\/pdf.png\" alt=\"image_pdf\" title=\"Download PDF\" \/><span class=\"pdfprnt-button-title pdfprnt-button-pdf-title\">POBIERZ PDF<\/span><\/a><a href=\"https:\/\/dziedzictwopolonii.pl\/portal\/wp-json\/wp\/v2\/posts\/2191?print=print\" class=\"pdfprnt-button pdfprnt-button-print\" target=\"_blank\"><img decoding=\"async\" src=\"http:\/\/dziedzictwopolonii.pl\/portal\/wp-content\/plugins\/pdf-print\/images\/print.png\" alt=\"image_print\" title=\"Print Content\" \/><\/a><\/div>\t\t\n\t\t\n\t\t<style>\n\t\t\n\t\t#list_69f1f8bac72b1 .wpucv-list article.wpucv-featured-post h2.wpucv-post-title {\n\t\t\t\t\t\tfont-size: 20px !important;\n\t\t\t\t\t\t\n\t\t\t\t\t\tline-height: 26px !important;\n\t\t\t\t\t\t\n\t\t\t\t\t\tfont-weight: 700 !important;\n\t\t\t\t\t}\n\t\t\n\t\t\t\t#list_69f1f8bac72b1 .wpucv-list article.wpucv-featured-post .wpucv-post-title,\n\t\t#list_69f1f8bac72b1 .wpucv-list article.wpucv-featured-post .wpucv-post-title a,\n\t\t#list_69f1f8bac72b1 .wpucv-list article.wpucv-featured-post .wpucv-post-title a:visited{\n\t\t\tcolor: #232323 !important;\n\t\t}\n\t\t\t\t\n\t\t\t\t#list_69f1f8bac72b1 .wpucv-list article.wpucv-featured-post .wpucv-post-title a:hover,\n\t\t#list_69f1f8bac72b1 .wpucv-list article.wpucv-featured-post .wpucv-post-title a:active {\n\t\t\tcolor: #232323 !important;\n\t\t}\n\t\t\t\t\n\t\t#list_69f1f8bac72b1 .wpucv-list article.wpucv-featured-post .wpucv-post-meta,\n\t\t#list_69f1f8bac72b1 .wpucv-list article.wpucv-featured-post .wpucv-post-meta a{\n\t\t\t\t\t\tfont-size: 12px !important;\n\t\t\t\t\t\t\n\t\t\t\t\t\tline-height: 16px !important;\n\t\t\t\t\t\t\n\t\t\t\t\t\tfont-weight: 400 !important;\n\t\t\t\t\t\t\n\t\t\t\t\t\tcolor: #888888 !important;\n\t\t\t\t\t}\n\t\t\n\t\t#list_69f1f8bac72b1 .wpucv-list article.wpucv-featured-post p.wpucv-excerpt{\n\t\t\t\t\t\tfont-size: 13px !important;\n\t\t\t\t\t\t\n\t\t\t\t\t\tline-height: 17px !important;\n\t\t\t\t\t\t\n\t\t\t\t\t\tfont-weight: 400 !important;\n\t\t\t\t\t\t\n\t\t\t\t\t\tcolor: #333333 !important;\n\t\t\t\t\t}\n\t\t\n\t\t#list_69f1f8bac72b1 .wpucv-list article.wpucv-featured-post a.wpucv-read-more,\n\t\t#list_69f1f8bac72b1 .wpucv-list article.wpucv-featured-post a.wpucv-read-more.wpucv-button{\n\t\t\t\t\t\tcolor: #FFFFFF !important;\n\t\t\t\t\t\t\n\t\t\t\t\t\tfont-size: 14px !important;\n\t\t\t\t\t\t\n\t\t\t\t\t\tline-height: 14px !important;\n\t\t\t\t\t\t\n\t\t\t\t\t\tfont-weight: 400 !important;\n\t\t\t\t\t\t\n\t\t\t-webkit-transition: all 0.7s !important;\n\t\t\t-moz-transition: all 0.7s !important;\n\t\t\t-o-transition: all 0.7s !important;\n\t\t\ttransition: all 0.7s !important;\n\t\t}\n\t\t\n\t\t\t\t#list_69f1f8bac72b1 .wpucv-list article.wpucv-featured-post a.wpucv-read-more,\n\t\t#list_69f1f8bac72b1 .wpucv-list article.wpucv-featured-post a.wpucv-read-more.wpucv-button{\n\t\t\tbackground-color: #5e5e5e !important;\n\t\t}\n\t\t\t\t\n\t\t\t\t#list_69f1f8bac72b1 .wpucv-list article.wpucv-featured-post a.wpucv-read-more:hover,\n\t\t#list_69f1f8bac72b1 .wpucv-list article.wpucv-featured-post a.wpucv-read-more:active,\n\t\t#list_69f1f8bac72b1 .wpucv-list article.wpucv-featured-post a.wpucv-read-more.wpucv-button:hover,\n\t\t#list_69f1f8bac72b1 .wpucv-list article.wpucv-featured-post a.wpucv-read-more.wpucv-button:active{\n\t\t\tcolor: #FFFFFF !important;\n\t\t}\n\t\t\t\t\n\t\t\t\t#list_69f1f8bac72b1 .wpucv-list article.wpucv-featured-post a.wpucv-read-more.wpucv-button:hover,\n\t\t#list_69f1f8bac72b1 .wpucv-list article.wpucv-featured-post a.wpucv-read-more.wpucv-button:active{\n\t\t\tbackground-color: #5e5e5e !important;\n\t\t}\n\t\t\t\t\n\t\t#list_69f1f8bac72b1 .wpucv-list article h2.wpucv-post-title{\n\t\t\t\t\t\tfont-size: 20px !important;\n\t\t\t\t\t\t\n\t\t\t\t\t\tline-height: 26px !important;\n\t\t\t\t\t\t\n\t\t\t\t\t\tfont-weight: 700 !important;\n\t\t\t\t\t}\n\t\t\n\t\t\t\t#list_69f1f8bac72b1 .wpucv-list article .wpucv-post-title,\n\t\t#list_69f1f8bac72b1 .wpucv-list article .wpucv-post-title a,\n\t\t#list_69f1f8bac72b1 .wpucv-list article .wpucv-post-title a:visited{\n\t\t\tcolor: #232323 !important;\n\t\t}\n\t\t\t\t\n\t\t\t\t#list_69f1f8bac72b1 .wpucv-list article .wpucv-post-title a:hover,\n\t\t#list_69f1f8bac72b1 .wpucv-list article .wpucv-post-title a:active {\n\t\t\tcolor: #232323 !important;\n\t\t}\n\t\t\t\t\n\t\t#list_69f1f8bac72b1 .wpucv-list article .wpucv-post-meta{\n\t\t\t\t\t\tfont-size: 12px !important;\n\t\t\t\t\t\t\n\t\t\t\t\t\tline-height: 16px !important;\n\t\t\t\t\t\t\n\t\t\t\t\t\tfont-weight: 400 !important;\n\t\t\t\t\t}\n\t\t\n\t\t\t\t#list_69f1f8bac72b1 .wpucv-list article .wpucv-post-meta,\n\t\t#list_69f1f8bac72b1 .wpucv-list article .wpucv-post-meta a,\n\t\t#list_69f1f8bac72b1 .wpucv-list article .wpucv-post-meta a:visited,\n\t\t#list_69f1f8bac72b1 .wpucv-list article .wpucv-post-meta a:hover,\n\t\t#list_69f1f8bac72b1 .wpucv-list article .wpucv-post-meta a:active{\n\t\t\tcolor: #888888 !important;\n\t\t}\n\t\t\t\t\n\t\t#list_69f1f8bac72b1 .wpucv-list article p.wpucv-excerpt{\n\t\t\t\t\t\tfont-size: 13px !important;\n\t\t\t\t\t\t\n\t\t\t\t\t\tline-height: 17px !important;\n\t\t\t\t\t\t\n\t\t\t\t\t\tfont-weight: 400 !important;\n\t\t\t\n\t\t\t\t\t\tcolor: #333333 !important;\n\t\t\t\t\t}\n\t\t\n\t\t#list_69f1f8bac72b1 .wpucv-list article a.wpucv-read-more,\n\t\t#list_69f1f8bac72b1 .wpucv-list article a.wpucv-read-more.wpucv-button{\n\t\t\t\t\t\tcolor: #FFFFFF !important;\n\t\t\t\t\t\t\n\t\t\t\t\t\tfont-size: 14px !important;\n\t\t\t\t\t\t\n\t\t\t\t\t\tline-height: 14px !important;\n\t\t\t\t\t\t\n\t\t\t\t\t\tfont-weight: 400 !important;\n\t\t\t\n\t\t\t-webkit-transition: all 0.7s !important;\n\t\t\t-moz-transition: all 0.7s !important;\n\t\t\t-o-transition: all 0.7s !important;\n\t\t\ttransition: all 0.7s !important;\n\t\t}\n\t\t\n\t\t\t\t#list_69f1f8bac72b1 .wpucv-list article a.wpucv-read-more.wpucv-button{\n\t\t\tbackground-color: #5e5e5e !important;\n\t\t}\n\t\t\t\t\n\t\t\t\t#list_69f1f8bac72b1 .wpucv-list article a.wpucv-read-more:hover,\n\t\t#list_69f1f8bac72b1 .wpucv-list article a.wpucv-read-more:active,\n\t\t#list_69f1f8bac72b1 .wpucv-list article a.wpucv-read-more.wpucv-button:hover,\n\t\t#list_69f1f8bac72b1 .wpucv-list article a.wpucv-read-more.wpucv-button:active{\n\t\t\tcolor: #FFFFFF !important;\n\t\t}\n\t\t\t\t\n\t\t\t\t#list_69f1f8bac72b1 .wpucv-list article a.wpucv-read-more.wpucv-button:hover,\n\t\t#list_69f1f8bac72b1 .wpucv-list article a.wpucv-read-more.wpucv-button:active{\n\t\t\tbackground-color: #ff0000 !important;\n\t\t}\n\t\t\t\t\n\t\t\t\t\n\t\t#list_69f1f8bac72b1 .wpucv-pagination-wrapper .wpucv-pagination li a{\n\t\t\t\t\t\tcolor: #FFFFFF !important;\n\t\t\t\t\t\t\n\t\t\t\t\t\tbackground-color: #4584ED !important;\n\t\t\t\t\t}\n\t\t\n\t\t#list_69f1f8bac72b1 .wpucv-pagination-wrapper .wpucv-pagination li a:hover,\n\t\t#list_69f1f8bac72b1 .wpucv-pagination-wrapper .wpucv-pagination li span{\n\t\t\t\t\t\tcolor: #FFFFFF !important;\n\t\t\t\t\t\t\n\t\t\t\t\t\tbackground-color: #adadad !important;\n\t\t\t\t\t}\n\t\t\n\t\t\t\t\n\t\t\t\t\n\t\t\t\t#list_69f1f8bac72b1 .wpucv-list.wpucv-style06 article {\n\t\t\t text-align: center;\n\t\t}\n\t\t\t\t\n\t\t\t\t\n\t\t\t\t\n\t\t\t\t#list_69f1f8bac72b1 .wpucv-list.wpucv-style02 article {\n\t\t\tpadding-left: 10px !important;\n\t\t\tpadding-right: 10px !important;\n\t\t}\n\t\t\t\t\n\t\t\t\t#list_69f1f8bac72b1 .wpucv-list.wpucv-style02 article {\n\t\t\tpadding-top: 10px !important;\n\t\t\tpadding-bottom: 10px !important;\n\t\t}\n\t\t\t\t\n\t\t\t\t#list_69f1f8bac72b1 .wpucv-list.wpucv-style05 .cell {\n\t\t\tpadding: 5px !important;\n\t\t}\n\t\t\t\t\n\t\t\t\t<\/style>\n\t\t\t\t<div class=\"wpucv\" id=\"list_69f1f8bac72b1\">\n\t\t\t\t\t\t\t\t\t\t\t\n\t\t\t\t<div class=\"wpucv-list-wrapper\">\n\t\t\t\t\t\n<div class=\"wpucv-list wpucv-style02\">\n\t\t<div class=\"grid-x\">\n\t\t\t\t\t\t\t\t\n\t\t\t\t<article id=\"post-3587\" class=\"cell small-12 medium-6 large-4\" itemscope itemtype=\"http:\/\/schema.org\/Article\">\n\t\t\t<a class=\"wpucv-image-link-wrapper\" href=\"https:\/\/dziedzictwopolonii.pl\/portal\/adamowski-jozef-joachim\/\" title=\"Adamowski J\u00f3zef Joachim\">\n\t\t\t\t\t\t\t<img decoding=\"async\" class=\"wpucv-image-responsive\" src=\"https:\/\/dziedzictwopolonii.pl\/portal\/wp-content\/uploads\/2022\/12\/Kopia-001_NOPIC-360x240.jpg\" srcset=\"https:\/\/dziedzictwopolonii.pl\/portal\/wp-content\/uploads\/2022\/12\/Kopia-001_NOPIC-360x240.jpg 360w, https:\/\/dziedzictwopolonii.pl\/portal\/wp-content\/uploads\/2022\/12\/Kopia-001_NOPIC-600x400.jpg 600w\" sizes=\"(max-width: 639px) 600w, (min-width: 640px) 360w\" title=\"Adamowski J\u00f3zef Joachim\" alt=\"Adamowski J\u00f3zef Joachim\" itemprop=\"image\">\n\t\t\t\t\t\t\t<\/a>\n\t\t\t<h2 class=\"wpucv-post-title\" itemprop=\"name headline\">\n\t\t\t\t<a href=\"https:\/\/dziedzictwopolonii.pl\/portal\/adamowski-jozef-joachim\/\">Adamowski J\u00f3zef Joachim<\/a>\n\t\t\t<\/h2>\n\t\t\t\n\t\t\t<div class=\"wpucv-post-meta\"><a href=\"https:\/\/dziedzictwopolonii.pl\/portal\/author\/redakcja\/\" title=\"Wpisy od Redakcja\">Redakcja<\/a>&nbsp;|&nbsp;<time datetime=\"2022-12-21\">21 grudnia 2022<\/time><\/div>\t\t\t\n\t\t\t<p class=\"wpucv-excerpt\">POBIERZ PDFUr. w 1815 r. w Zab\u0142udowie (niedaleko Bia\u0142egostoku, zm. prawdopodobnie w 1862 roku); polski lekarz, spiskowiec i zes\u0142aniec. Studia&hellip;<\/p>\t\t<\/article>\n\t\t\t\t\t\t\t\t\n\t\t\t\t<article id=\"post-3592\" class=\"cell small-12 medium-6 large-4\" itemscope itemtype=\"http:\/\/schema.org\/Article\">\n\t\t\t<a class=\"wpucv-image-link-wrapper\" href=\"https:\/\/dziedzictwopolonii.pl\/portal\/auscaler-marsymilian\/\" title=\"Auscaler Marsymilian\">\n\t\t\t\t\t\t\t<img decoding=\"async\" class=\"wpucv-image-responsive\" src=\"https:\/\/dziedzictwopolonii.pl\/portal\/wp-content\/uploads\/2022\/12\/Kopia-001_NOPIC-360x240.jpg\" srcset=\"https:\/\/dziedzictwopolonii.pl\/portal\/wp-content\/uploads\/2022\/12\/Kopia-001_NOPIC-360x240.jpg 360w, https:\/\/dziedzictwopolonii.pl\/portal\/wp-content\/uploads\/2022\/12\/Kopia-001_NOPIC-600x400.jpg 600w\" sizes=\"(max-width: 639px) 600w, (min-width: 640px) 360w\" title=\"Auscaler Marsymilian\" alt=\"Auscaler Marsymilian\" itemprop=\"image\">\n\t\t\t\t\t\t\t<\/a>\n\t\t\t<h2 class=\"wpucv-post-title\" itemprop=\"name headline\">\n\t\t\t\t<a href=\"https:\/\/dziedzictwopolonii.pl\/portal\/auscaler-marsymilian\/\">Auscaler Marsymilian<\/a>\n\t\t\t<\/h2>\n\t\t\t\n\t\t\t<div class=\"wpucv-post-meta\"><a href=\"https:\/\/dziedzictwopolonii.pl\/portal\/author\/redakcja\/\" title=\"Wpisy od Redakcja\">Redakcja<\/a>&nbsp;|&nbsp;<time datetime=\"2022-12-21\">21 grudnia 2022<\/time><\/div>\t\t\t\n\t\t\t<p class=\"wpucv-excerpt\">POBIERZ PDFUr.\u00a0 w 1868 roku w Warszawie, zm. w 1904 r. w Pary\u017cu, lekarz chirurg. Studia medyczne uko\u0144czy\u0142 na Uniwersytecie&hellip;<\/p>\t\t<\/article>\n\t\t\t\t\t\t\t\t\n\t\t\t\t<article id=\"post-3594\" class=\"cell small-12 medium-6 large-4\" itemscope itemtype=\"http:\/\/schema.org\/Article\">\n\t\t\t<a class=\"wpucv-image-link-wrapper\" href=\"https:\/\/dziedzictwopolonii.pl\/portal\/babinski-jozef-franciszek\/\" title=\"Babi\u0144ski J\u00f3zef Franciszek\">\n\t\t\t\t\t\t\t<img decoding=\"async\" class=\"wpucv-image-responsive\" src=\"https:\/\/dziedzictwopolonii.pl\/portal\/wp-content\/uploads\/2022\/12\/BABINSKI-Jozef-360x240.jpg\" srcset=\"https:\/\/dziedzictwopolonii.pl\/portal\/wp-content\/uploads\/2022\/12\/BABINSKI-Jozef-360x240.jpg 360w, https:\/\/dziedzictwopolonii.pl\/portal\/wp-content\/uploads\/2022\/12\/BABINSKI-Jozef-600x400.jpg 600w\" sizes=\"(max-width: 639px) 600w, (min-width: 640px) 360w\" title=\"Babi\u0144ski J\u00f3zef Franciszek\" alt=\"Babi\u0144ski J\u00f3zef Franciszek\" itemprop=\"image\">\n\t\t\t\t\t\t\t<\/a>\n\t\t\t<h2 class=\"wpucv-post-title\" itemprop=\"name headline\">\n\t\t\t\t<a href=\"https:\/\/dziedzictwopolonii.pl\/portal\/babinski-jozef-franciszek\/\">Babi\u0144ski J\u00f3zef Franciszek<\/a>\n\t\t\t<\/h2>\n\t\t\t\n\t\t\t<div class=\"wpucv-post-meta\"><a href=\"https:\/\/dziedzictwopolonii.pl\/portal\/author\/redakcja\/\" title=\"Wpisy od Redakcja\">Redakcja<\/a>&nbsp;|&nbsp;<time datetime=\"2022-12-21\">21 grudnia 2022<\/time><\/div>\t\t\t\n\t\t\t<p class=\"wpucv-excerpt\">POBIERZ PDF(Ur. w 1857 r. w Pary\u017cu, zm. w 1932 r. w Pary\u017cu), lekarz, tw\u00f3rca neurochirurgii francuskiej. Studia medyczne uko\u0144czy\u0142&hellip;<\/p>\t\t<\/article>\n\t\t\t\t\t\t\t\t\n\t\t\t\t<article id=\"post-3597\" class=\"cell small-12 medium-6 large-4\" itemscope itemtype=\"http:\/\/schema.org\/Article\">\n\t\t\t<a class=\"wpucv-image-link-wrapper\" href=\"https:\/\/dziedzictwopolonii.pl\/portal\/bacewicz-antoni-ludwik\/\" title=\"Bacewicz Antoni Ludwik\">\n\t\t\t\t\t\t\t<img decoding=\"async\" class=\"wpucv-image-responsive\" src=\"https:\/\/dziedzictwopolonii.pl\/portal\/wp-content\/uploads\/2022\/12\/Kopia-001_NOPIC-360x240.jpg\" srcset=\"https:\/\/dziedzictwopolonii.pl\/portal\/wp-content\/uploads\/2022\/12\/Kopia-001_NOPIC-360x240.jpg 360w, https:\/\/dziedzictwopolonii.pl\/portal\/wp-content\/uploads\/2022\/12\/Kopia-001_NOPIC-600x400.jpg 600w\" sizes=\"(max-width: 639px) 600w, (min-width: 640px) 360w\" title=\"Bacewicz Antoni Ludwik\" alt=\"Bacewicz Antoni Ludwik\" itemprop=\"image\">\n\t\t\t\t\t\t\t<\/a>\n\t\t\t<h2 class=\"wpucv-post-title\" itemprop=\"name headline\">\n\t\t\t\t<a href=\"https:\/\/dziedzictwopolonii.pl\/portal\/bacewicz-antoni-ludwik\/\">Bacewicz Antoni Ludwik<\/a>\n\t\t\t<\/h2>\n\t\t\t\n\t\t\t<div class=\"wpucv-post-meta\"><a href=\"https:\/\/dziedzictwopolonii.pl\/portal\/author\/redakcja\/\" title=\"Wpisy od Redakcja\">Redakcja<\/a>&nbsp;|&nbsp;<time datetime=\"2022-12-21\">21 grudnia 2022<\/time><\/div>\t\t\t\n\t\t\t<p class=\"wpucv-excerpt\">POBIERZ PDF(Ur. w 1810 r., w Lublinie, zm. w 1845 r., w Courcelles-Chaussy, dep. Moselle, we Francji), lekarz og\u00f3lny. We&hellip;<\/p>\t\t<\/article>\n\t\t\t\t\t\t\t\t\n\t\t\t\t<article id=\"post-3599\" class=\"cell small-12 medium-6 large-4\" itemscope itemtype=\"http:\/\/schema.org\/Article\">\n\t\t\t<a class=\"wpucv-image-link-wrapper\" href=\"https:\/\/dziedzictwopolonii.pl\/portal\/beaupre-jozef-antoni\/\" title=\"Beaupr\u00e9 J\u00f3zef Antoni\">\n\t\t\t\t\t\t\t<img decoding=\"async\" class=\"wpucv-image-responsive\" src=\"https:\/\/dziedzictwopolonii.pl\/portal\/wp-content\/uploads\/2022\/12\/Kopia-001_NOPIC-360x240.jpg\" srcset=\"https:\/\/dziedzictwopolonii.pl\/portal\/wp-content\/uploads\/2022\/12\/Kopia-001_NOPIC-360x240.jpg 360w, https:\/\/dziedzictwopolonii.pl\/portal\/wp-content\/uploads\/2022\/12\/Kopia-001_NOPIC-600x400.jpg 600w\" sizes=\"(max-width: 639px) 600w, (min-width: 640px) 360w\" title=\"Beaupr\u00e9 J\u00f3zef Antoni\" alt=\"Beaupr\u00e9 J\u00f3zef Antoni\" itemprop=\"image\">\n\t\t\t\t\t\t\t<\/a>\n\t\t\t<h2 class=\"wpucv-post-title\" itemprop=\"name headline\">\n\t\t\t\t<a href=\"https:\/\/dziedzictwopolonii.pl\/portal\/beaupre-jozef-antoni\/\">Beaupr\u00e9 J\u00f3zef Antoni<\/a>\n\t\t\t<\/h2>\n\t\t\t\n\t\t\t<div class=\"wpucv-post-meta\"><a href=\"https:\/\/dziedzictwopolonii.pl\/portal\/author\/redakcja\/\" title=\"Wpisy od Redakcja\">Redakcja<\/a>&nbsp;|&nbsp;<time datetime=\"2022-12-21\">21 grudnia 2022<\/time><\/div>\t\t\t\n\t\t\t<p class=\"wpucv-excerpt\">POBIERZ PDFUr. 10 maja 1800 r., we wsi Gwo\u017ad\u017cce, pow. ko\u0142omyjski, zm. 21 sierpnia 1872 r., w Krzemie\u0144cu, lekarz, sybirak.&hellip;<\/p>\t\t<\/article>\n\t\t\t\t\t\t\t\t\n\t\t\t\t<article id=\"post-3601\" class=\"cell small-12 medium-6 large-4\" itemscope itemtype=\"http:\/\/schema.org\/Article\">\n\t\t\t<a class=\"wpucv-image-link-wrapper\" href=\"https:\/\/dziedzictwopolonii.pl\/portal\/benni-karol\/\" title=\"Benni Karol\">\n\t\t\t\t\t\t\t<img decoding=\"async\" class=\"wpucv-image-responsive\" src=\"https:\/\/dziedzictwopolonii.pl\/portal\/wp-content\/uploads\/2022\/12\/Kopia-001_NOPIC-360x240.jpg\" srcset=\"https:\/\/dziedzictwopolonii.pl\/portal\/wp-content\/uploads\/2022\/12\/Kopia-001_NOPIC-360x240.jpg 360w, https:\/\/dziedzictwopolonii.pl\/portal\/wp-content\/uploads\/2022\/12\/Kopia-001_NOPIC-600x400.jpg 600w\" sizes=\"(max-width: 639px) 600w, (min-width: 640px) 360w\" title=\"Benni Karol\" alt=\"Benni Karol\" itemprop=\"image\">\n\t\t\t\t\t\t\t<\/a>\n\t\t\t<h2 class=\"wpucv-post-title\" itemprop=\"name headline\">\n\t\t\t\t<a href=\"https:\/\/dziedzictwopolonii.pl\/portal\/benni-karol\/\">Benni Karol<\/a>\n\t\t\t<\/h2>\n\t\t\t\n\t\t\t<div class=\"wpucv-post-meta\"><a href=\"https:\/\/dziedzictwopolonii.pl\/portal\/author\/redakcja\/\" title=\"Wpisy od Redakcja\">Redakcja<\/a>&nbsp;|&nbsp;<time datetime=\"2022-12-21\">21 grudnia 2022<\/time><\/div>\t\t\t\n\t\t\t<p class=\"wpucv-excerpt\">POBIERZ PDF(Ur. 31 marca 1843 r., w Tomaszowie Mazowieckim, zm. 20 lutego 1916 r., w Warszawie), lekarz\u00a0 laryngolog. Studia medyczne&hellip;<\/p>\t\t<\/article>\n\t\t\t\t\t\t\t\t\n\t\t\t\t<article id=\"post-3603\" class=\"cell small-12 medium-6 large-4\" itemscope itemtype=\"http:\/\/schema.org\/Article\">\n\t\t\t<a class=\"wpucv-image-link-wrapper\" href=\"https:\/\/dziedzictwopolonii.pl\/portal\/bentkowski-amilkar\/\" title=\"Bentkowski Amilkar\">\n\t\t\t\t\t\t\t<img decoding=\"async\" class=\"wpucv-image-responsive\" src=\"https:\/\/dziedzictwopolonii.pl\/portal\/wp-content\/uploads\/2022\/12\/Kopia-001_NOPIC-360x240.jpg\" srcset=\"https:\/\/dziedzictwopolonii.pl\/portal\/wp-content\/uploads\/2022\/12\/Kopia-001_NOPIC-360x240.jpg 360w, https:\/\/dziedzictwopolonii.pl\/portal\/wp-content\/uploads\/2022\/12\/Kopia-001_NOPIC-600x400.jpg 600w\" sizes=\"(max-width: 639px) 600w, (min-width: 640px) 360w\" title=\"Bentkowski Amilkar\" alt=\"Bentkowski Amilkar\" itemprop=\"image\">\n\t\t\t\t\t\t\t<\/a>\n\t\t\t<h2 class=\"wpucv-post-title\" itemprop=\"name headline\">\n\t\t\t\t<a href=\"https:\/\/dziedzictwopolonii.pl\/portal\/bentkowski-amilkar\/\">Bentkowski Amilkar<\/a>\n\t\t\t<\/h2>\n\t\t\t\n\t\t\t<div class=\"wpucv-post-meta\"><a href=\"https:\/\/dziedzictwopolonii.pl\/portal\/author\/redakcja\/\" title=\"Wpisy od Redakcja\">Redakcja<\/a>&nbsp;|&nbsp;<time datetime=\"2022-12-21\">21 grudnia 2022<\/time><\/div>\t\t\t\n\t\t\t<p class=\"wpucv-excerpt\">POBIERZ PDF(Ur. w 1813 r., w Warszawie, zm. w 1894 r., w St. Jean-du-Gard, we Francji, lekarz og\u00f3lny. We Francji&hellip;<\/p>\t\t<\/article>\n\t\t\t\t\t\t\t\t\n\t\t\t\t<article id=\"post-3605\" class=\"cell small-12 medium-6 large-4\" itemscope itemtype=\"http:\/\/schema.org\/Article\">\n\t\t\t<a class=\"wpucv-image-link-wrapper\" href=\"https:\/\/dziedzictwopolonii.pl\/portal\/biskupski-august\/\" title=\"Biskupski August\">\n\t\t\t\t\t\t\t<img decoding=\"async\" class=\"wpucv-image-responsive\" src=\"https:\/\/dziedzictwopolonii.pl\/portal\/wp-content\/uploads\/2022\/12\/Kopia-001_NOPIC-360x240.jpg\" srcset=\"https:\/\/dziedzictwopolonii.pl\/portal\/wp-content\/uploads\/2022\/12\/Kopia-001_NOPIC-360x240.jpg 360w, https:\/\/dziedzictwopolonii.pl\/portal\/wp-content\/uploads\/2022\/12\/Kopia-001_NOPIC-600x400.jpg 600w\" sizes=\"(max-width: 639px) 600w, (min-width: 640px) 360w\" title=\"Biskupski August\" alt=\"Biskupski August\" itemprop=\"image\">\n\t\t\t\t\t\t\t<\/a>\n\t\t\t<h2 class=\"wpucv-post-title\" itemprop=\"name headline\">\n\t\t\t\t<a href=\"https:\/\/dziedzictwopolonii.pl\/portal\/biskupski-august\/\">Biskupski August<\/a>\n\t\t\t<\/h2>\n\t\t\t\n\t\t\t<div class=\"wpucv-post-meta\"><a href=\"https:\/\/dziedzictwopolonii.pl\/portal\/author\/redakcja\/\" title=\"Wpisy od Redakcja\">Redakcja<\/a>&nbsp;|&nbsp;<time datetime=\"2022-12-21\">21 grudnia 2022<\/time><\/div>\t\t\t\n\t\t\t<p class=\"wpucv-excerpt\">POBIERZ PDF(Ur. 28 sierpnia 1878 roku, w \u017bytomierzu,\u00a0 w 1940 roku zamordowany przez NKWD w Katyniu; syn Wiktora), lekarz chirurg.&hellip;<\/p>\t\t<\/article>\n\t\t\t\t\t\t\t\t\n\t\t\t\t<article id=\"post-3607\" class=\"cell small-12 medium-6 large-4\" itemscope itemtype=\"http:\/\/schema.org\/Article\">\n\t\t\t<a class=\"wpucv-image-link-wrapper\" href=\"https:\/\/dziedzictwopolonii.pl\/portal\/blenska-wanda-maria\/\" title=\"B\u0142e\u0144ska Wanda Maria\">\n\t\t\t\t\t\t\t<img decoding=\"async\" class=\"wpucv-image-responsive\" src=\"https:\/\/dziedzictwopolonii.pl\/portal\/wp-content\/uploads\/2022\/12\/BLENSKA-Wanda-360x240.jpg\" srcset=\"https:\/\/dziedzictwopolonii.pl\/portal\/wp-content\/uploads\/2022\/12\/BLENSKA-Wanda-360x240.jpg 360w, https:\/\/dziedzictwopolonii.pl\/portal\/wp-content\/uploads\/2022\/12\/BLENSKA-Wanda-600x400.jpg 600w\" sizes=\"(max-width: 639px) 600w, (min-width: 640px) 360w\" title=\"B\u0142e\u0144ska Wanda Maria\" alt=\"B\u0142e\u0144ska Wanda Maria\" itemprop=\"image\">\n\t\t\t\t\t\t\t<\/a>\n\t\t\t<h2 class=\"wpucv-post-title\" itemprop=\"name headline\">\n\t\t\t\t<a href=\"https:\/\/dziedzictwopolonii.pl\/portal\/blenska-wanda-maria\/\">B\u0142e\u0144ska Wanda Maria<\/a>\n\t\t\t<\/h2>\n\t\t\t\n\t\t\t<div class=\"wpucv-post-meta\"><a href=\"https:\/\/dziedzictwopolonii.pl\/portal\/author\/redakcja\/\" title=\"Wpisy od Redakcja\">Redakcja<\/a>&nbsp;|&nbsp;<time datetime=\"2022-12-21\">21 grudnia 2022<\/time><\/div>\t\t\t\n\t\t\t<p class=\"wpucv-excerpt\">POBIERZ PDF(Ur. 30 pa\u017adziernika 1911 r., w Poznaniu, zm. 27 listopada w 2014 r., w Poznaniu), lekarka, misjonarka. Studia medyczne&hellip;<\/p>\t\t<\/article>\n\t\t\t\t\t\t\t\t\n\t\t\t\t<article id=\"post-3609\" class=\"cell small-12 medium-6 large-4\" itemscope itemtype=\"http:\/\/schema.org\/Article\">\n\t\t\t<a class=\"wpucv-image-link-wrapper\" href=\"https:\/\/dziedzictwopolonii.pl\/portal\/bobak-leopold\/\" title=\"Bobak Leopold\">\n\t\t\t\t\t\t\t<img decoding=\"async\" class=\"wpucv-image-responsive\" src=\"https:\/\/dziedzictwopolonii.pl\/portal\/wp-content\/uploads\/2022\/12\/Kopia-001_NOPIC-360x240.jpg\" srcset=\"https:\/\/dziedzictwopolonii.pl\/portal\/wp-content\/uploads\/2022\/12\/Kopia-001_NOPIC-360x240.jpg 360w, https:\/\/dziedzictwopolonii.pl\/portal\/wp-content\/uploads\/2022\/12\/Kopia-001_NOPIC-600x400.jpg 600w\" sizes=\"(max-width: 639px) 600w, (min-width: 640px) 360w\" title=\"Bobak Leopold\" alt=\"Bobak Leopold\" itemprop=\"image\">\n\t\t\t\t\t\t\t<\/a>\n\t\t\t<h2 class=\"wpucv-post-title\" itemprop=\"name headline\">\n\t\t\t\t<a href=\"https:\/\/dziedzictwopolonii.pl\/portal\/bobak-leopold\/\">Bobak Leopold<\/a>\n\t\t\t<\/h2>\n\t\t\t\n\t\t\t<div class=\"wpucv-post-meta\"><a href=\"https:\/\/dziedzictwopolonii.pl\/portal\/author\/redakcja\/\" title=\"Wpisy od Redakcja\">Redakcja<\/a>&nbsp;|&nbsp;<time datetime=\"2022-12-21\">21 grudnia 2022<\/time><\/div>\t\t\t\n\t\t\t<p class=\"wpucv-excerpt\">POBIERZ PDFPseud. Leo Bobak, ur. w 1937 r., w Zakopanem, zm. w 2016 roku, w Republice Po\u0142udniowej Afryki, lekarz kardiolog.&hellip;<\/p>\t\t<\/article>\n\t\t\t\t\t\t\t\t\n\t\t\t\t<article id=\"post-3611\" class=\"cell small-12 medium-6 large-4\" itemscope itemtype=\"http:\/\/schema.org\/Article\">\n\t\t\t<a class=\"wpucv-image-link-wrapper\" href=\"https:\/\/dziedzictwopolonii.pl\/portal\/bosniacki-zygmunt\/\" title=\"Bo\u015bniacki Zygmunt\">\n\t\t\t\t\t\t\t<img decoding=\"async\" class=\"wpucv-image-responsive\" src=\"https:\/\/dziedzictwopolonii.pl\/portal\/wp-content\/uploads\/2022\/12\/BOSNIACKI-Zygmunt-360x240.jpg\" srcset=\"https:\/\/dziedzictwopolonii.pl\/portal\/wp-content\/uploads\/2022\/12\/BOSNIACKI-Zygmunt-360x240.jpg 360w, https:\/\/dziedzictwopolonii.pl\/portal\/wp-content\/uploads\/2022\/12\/BOSNIACKI-Zygmunt-600x400.jpg 600w\" sizes=\"(max-width: 639px) 600w, (min-width: 640px) 360w\" title=\"Bo\u015bniacki Zygmunt\" alt=\"Bo\u015bniacki Zygmunt\" itemprop=\"image\">\n\t\t\t\t\t\t\t<\/a>\n\t\t\t<h2 class=\"wpucv-post-title\" itemprop=\"name headline\">\n\t\t\t\t<a href=\"https:\/\/dziedzictwopolonii.pl\/portal\/bosniacki-zygmunt\/\">Bo\u015bniacki Zygmunt<\/a>\n\t\t\t<\/h2>\n\t\t\t\n\t\t\t<div class=\"wpucv-post-meta\"><a href=\"https:\/\/dziedzictwopolonii.pl\/portal\/author\/redakcja\/\" title=\"Wpisy od Redakcja\">Redakcja<\/a>&nbsp;|&nbsp;<time datetime=\"2022-12-21\">21 grudnia 2022<\/time><\/div>\t\t\t\n\t\t\t<p class=\"wpucv-excerpt\">POBIERZ PDF(1837 Krosno \u2013 1921 San Giuliano Terme, W\u0142ochy), lekarz- balneolog, geolog, paeontolog. Wykszta\u0142cenie: studia medyczne i doktorat na Uniwersytecie&hellip;<\/p>\t\t<\/article>\n\t\t\t\t\t\t\t\t\n\t\t\t\t<article id=\"post-3614\" class=\"cell small-12 medium-6 large-4\" itemscope itemtype=\"http:\/\/schema.org\/Article\">\n\t\t\t<a class=\"wpucv-image-link-wrapper\" href=\"https:\/\/dziedzictwopolonii.pl\/portal\/brynk-ksawery-henryk\/\" title=\"Brynk Ksawery Henryk\">\n\t\t\t\t\t\t\t<img decoding=\"async\" class=\"wpucv-image-responsive\" src=\"https:\/\/dziedzictwopolonii.pl\/portal\/wp-content\/uploads\/2022\/12\/Kopia-001_NOPIC-360x240.jpg\" srcset=\"https:\/\/dziedzictwopolonii.pl\/portal\/wp-content\/uploads\/2022\/12\/Kopia-001_NOPIC-360x240.jpg 360w, https:\/\/dziedzictwopolonii.pl\/portal\/wp-content\/uploads\/2022\/12\/Kopia-001_NOPIC-600x400.jpg 600w\" sizes=\"(max-width: 639px) 600w, (min-width: 640px) 360w\" title=\"Brynk Ksawery Henryk\" alt=\"Brynk Ksawery Henryk\" itemprop=\"image\">\n\t\t\t\t\t\t\t<\/a>\n\t\t\t<h2 class=\"wpucv-post-title\" itemprop=\"name headline\">\n\t\t\t\t<a href=\"https:\/\/dziedzictwopolonii.pl\/portal\/brynk-ksawery-henryk\/\">Brynk Ksawery Henryk<\/a>\n\t\t\t<\/h2>\n\t\t\t\n\t\t\t<div class=\"wpucv-post-meta\"><a href=\"https:\/\/dziedzictwopolonii.pl\/portal\/author\/redakcja\/\" title=\"Wpisy od Redakcja\">Redakcja<\/a>&nbsp;|&nbsp;<time datetime=\"2022-12-21\">21 grudnia 2022<\/time><\/div>\t\t\t\n\t\t\t<p class=\"wpucv-excerpt\">POBIERZ PDF(Ur. prawd. w 1808 lub 1810 r., we wsi Sielihory, w pow. lepelskim, na Litwie \u2013 zm. w 1881&hellip;<\/p>\t\t<\/article>\n\t\t\t\t\t\t\t\t\n\t\t\t\t<article id=\"post-3616\" class=\"cell small-12 medium-6 large-4\" itemscope itemtype=\"http:\/\/schema.org\/Article\">\n\t\t\t<a class=\"wpucv-image-link-wrapper\" href=\"https:\/\/dziedzictwopolonii.pl\/portal\/bukojemski-august\/\" title=\"Bukojemski August\">\n\t\t\t\t\t\t\t<img decoding=\"async\" class=\"wpucv-image-responsive\" src=\"https:\/\/dziedzictwopolonii.pl\/portal\/wp-content\/uploads\/2022\/12\/Kopia-001_NOPIC-360x240.jpg\" srcset=\"https:\/\/dziedzictwopolonii.pl\/portal\/wp-content\/uploads\/2022\/12\/Kopia-001_NOPIC-360x240.jpg 360w, https:\/\/dziedzictwopolonii.pl\/portal\/wp-content\/uploads\/2022\/12\/Kopia-001_NOPIC-600x400.jpg 600w\" sizes=\"(max-width: 639px) 600w, (min-width: 640px) 360w\" title=\"Bukojemski August\" alt=\"Bukojemski August\" itemprop=\"image\">\n\t\t\t\t\t\t\t<\/a>\n\t\t\t<h2 class=\"wpucv-post-title\" itemprop=\"name headline\">\n\t\t\t\t<a href=\"https:\/\/dziedzictwopolonii.pl\/portal\/bukojemski-august\/\">Bukojemski August<\/a>\n\t\t\t<\/h2>\n\t\t\t\n\t\t\t<div class=\"wpucv-post-meta\"><a href=\"https:\/\/dziedzictwopolonii.pl\/portal\/author\/redakcja\/\" title=\"Wpisy od Redakcja\">Redakcja<\/a>&nbsp;|&nbsp;<time datetime=\"2022-12-21\">21 grudnia 2022<\/time><\/div>\t\t\t\n\t\t\t<p class=\"wpucv-excerpt\">POBIERZ PDF(ur. w 1814 roku, we wsi Kopestrzyn, pow. jampolski, na Podolu, zm. we Francji, po 1891 roku), lekarz og\u00f3lny.&hellip;<\/p>\t\t<\/article>\n\t\t\t\t\t\t\t\t\n\t\t\t\t<article id=\"post-3618\" class=\"cell small-12 medium-6 large-4\" itemscope itemtype=\"http:\/\/schema.org\/Article\">\n\t\t\t<a class=\"wpucv-image-link-wrapper\" href=\"https:\/\/dziedzictwopolonii.pl\/portal\/burba-aleksander\/\" title=\"Burba Aleksander\">\n\t\t\t\t\t\t\t<img decoding=\"async\" class=\"wpucv-image-responsive\" src=\"https:\/\/dziedzictwopolonii.pl\/portal\/wp-content\/uploads\/2022\/12\/Kopia-001_NOPIC-360x240.jpg\" srcset=\"https:\/\/dziedzictwopolonii.pl\/portal\/wp-content\/uploads\/2022\/12\/Kopia-001_NOPIC-360x240.jpg 360w, https:\/\/dziedzictwopolonii.pl\/portal\/wp-content\/uploads\/2022\/12\/Kopia-001_NOPIC-600x400.jpg 600w\" sizes=\"(max-width: 639px) 600w, (min-width: 640px) 360w\" title=\"Burba Aleksander\" alt=\"Burba Aleksander\" itemprop=\"image\">\n\t\t\t\t\t\t\t<\/a>\n\t\t\t<h2 class=\"wpucv-post-title\" itemprop=\"name headline\">\n\t\t\t\t<a href=\"https:\/\/dziedzictwopolonii.pl\/portal\/burba-aleksander\/\">Burba Aleksander<\/a>\n\t\t\t<\/h2>\n\t\t\t\n\t\t\t<div class=\"wpucv-post-meta\"><a href=\"https:\/\/dziedzictwopolonii.pl\/portal\/author\/redakcja\/\" title=\"Wpisy od Redakcja\">Redakcja<\/a>&nbsp;|&nbsp;<time datetime=\"2022-12-21\">21 grudnia 2022<\/time><\/div>\t\t\t\n\t\t\t<p class=\"wpucv-excerpt\">POBIERZ PDF(Ur. w 1800 w Antonowo, na \u017bmudzi, zm. w 1877 r., w Juvisy, we Francji), lekarz og\u00f3lny. Studia medyczne&hellip;<\/p>\t\t<\/article>\n\t\t\t\t\t\t\t\t\n\t\t\t\t<article id=\"post-3620\" class=\"cell small-12 medium-6 large-4\" itemscope itemtype=\"http:\/\/schema.org\/Article\">\n\t\t\t<a class=\"wpucv-image-link-wrapper\" href=\"https:\/\/dziedzictwopolonii.pl\/portal\/buzek-jan\/\" title=\"Buzek Jan\">\n\t\t\t\t\t\t\t<img decoding=\"async\" class=\"wpucv-image-responsive\" src=\"https:\/\/dziedzictwopolonii.pl\/portal\/wp-content\/uploads\/2022\/12\/Kopia-001_NOPIC-360x240.jpg\" srcset=\"https:\/\/dziedzictwopolonii.pl\/portal\/wp-content\/uploads\/2022\/12\/Kopia-001_NOPIC-360x240.jpg 360w, https:\/\/dziedzictwopolonii.pl\/portal\/wp-content\/uploads\/2022\/12\/Kopia-001_NOPIC-600x400.jpg 600w\" sizes=\"(max-width: 639px) 600w, (min-width: 640px) 360w\" title=\"Buzek Jan\" alt=\"Buzek Jan\" itemprop=\"image\">\n\t\t\t\t\t\t\t<\/a>\n\t\t\t<h2 class=\"wpucv-post-title\" itemprop=\"name headline\">\n\t\t\t\t<a href=\"https:\/\/dziedzictwopolonii.pl\/portal\/buzek-jan\/\">Buzek Jan<\/a>\n\t\t\t<\/h2>\n\t\t\t\n\t\t\t<div class=\"wpucv-post-meta\"><a href=\"https:\/\/dziedzictwopolonii.pl\/portal\/author\/redakcja\/\" title=\"Wpisy od Redakcja\">Redakcja<\/a>&nbsp;|&nbsp;<time datetime=\"2022-12-21\">21 grudnia 2022<\/time><\/div>\t\t\t\n\t\t\t<p class=\"wpucv-excerpt\">POBIERZ PDFUr. w 1874 roku, w Konska, w Czechach, zm. w 1940 roku, w Dachau, w Niemczech, lekarz og\u00f3lny, dzia\u0142acz&hellip;<\/p>\t\t<\/article>\n\t\t\t\t\t\t\t\t\n\t\t\t\t<article id=\"post-3622\" class=\"cell small-12 medium-6 large-4\" itemscope itemtype=\"http:\/\/schema.org\/Article\">\n\t\t\t<a class=\"wpucv-image-link-wrapper\" href=\"https:\/\/dziedzictwopolonii.pl\/portal\/charzewski-wojciech-antoni\/\" title=\"Charzewski Wojciech Antoni\">\n\t\t\t\t\t\t\t<img decoding=\"async\" class=\"wpucv-image-responsive\" src=\"https:\/\/dziedzictwopolonii.pl\/portal\/wp-content\/uploads\/2022\/12\/Kopia-001_NOPIC-360x240.jpg\" srcset=\"https:\/\/dziedzictwopolonii.pl\/portal\/wp-content\/uploads\/2022\/12\/Kopia-001_NOPIC-360x240.jpg 360w, https:\/\/dziedzictwopolonii.pl\/portal\/wp-content\/uploads\/2022\/12\/Kopia-001_NOPIC-600x400.jpg 600w\" sizes=\"(max-width: 639px) 600w, (min-width: 640px) 360w\" title=\"Charzewski Wojciech Antoni\" alt=\"Charzewski Wojciech Antoni\" itemprop=\"image\">\n\t\t\t\t\t\t\t<\/a>\n\t\t\t<h2 class=\"wpucv-post-title\" itemprop=\"name headline\">\n\t\t\t\t<a href=\"https:\/\/dziedzictwopolonii.pl\/portal\/charzewski-wojciech-antoni\/\">Charzewski Wojciech Antoni<\/a>\n\t\t\t<\/h2>\n\t\t\t\n\t\t\t<div class=\"wpucv-post-meta\"><a href=\"https:\/\/dziedzictwopolonii.pl\/portal\/author\/redakcja\/\" title=\"Wpisy od Redakcja\">Redakcja<\/a>&nbsp;|&nbsp;<time datetime=\"2022-12-21\">21 grudnia 2022<\/time><\/div>\t\t\t\n\t\t\t<p class=\"wpucv-excerpt\">POBIERZ PDF(Ur. W 1811 r., w miejscowo\u015bci Mi\u0119dzych\u00f3d , zm. w 1884 r., w Fontaine, we Francji), lekarz og\u00f3lny. We&hellip;<\/p>\t\t<\/article>\n\t\t\t\t\t\t\t\t\n\t\t\t\t<article id=\"post-3624\" class=\"cell small-12 medium-6 large-4\" itemscope itemtype=\"http:\/\/schema.org\/Article\">\n\t\t\t<a class=\"wpucv-image-link-wrapper\" href=\"https:\/\/dziedzictwopolonii.pl\/portal\/checinski-wiktor-czeslaw\/\" title=\"Ch\u0119ci\u0144ski Wiktor Czes\u0142aw\">\n\t\t\t\t\t\t\t<img decoding=\"async\" class=\"wpucv-image-responsive\" src=\"https:\/\/dziedzictwopolonii.pl\/portal\/wp-content\/uploads\/2022\/12\/Kopia-001_NOPIC-360x240.jpg\" srcset=\"https:\/\/dziedzictwopolonii.pl\/portal\/wp-content\/uploads\/2022\/12\/Kopia-001_NOPIC-360x240.jpg 360w, https:\/\/dziedzictwopolonii.pl\/portal\/wp-content\/uploads\/2022\/12\/Kopia-001_NOPIC-600x400.jpg 600w\" sizes=\"(max-width: 639px) 600w, (min-width: 640px) 360w\" title=\"Ch\u0119ci\u0144ski Wiktor Czes\u0142aw\" alt=\"Ch\u0119ci\u0144ski Wiktor Czes\u0142aw\" itemprop=\"image\">\n\t\t\t\t\t\t\t<\/a>\n\t\t\t<h2 class=\"wpucv-post-title\" itemprop=\"name headline\">\n\t\t\t\t<a href=\"https:\/\/dziedzictwopolonii.pl\/portal\/checinski-wiktor-czeslaw\/\">Ch\u0119ci\u0144ski Wiktor Czes\u0142aw<\/a>\n\t\t\t<\/h2>\n\t\t\t\n\t\t\t<div class=\"wpucv-post-meta\"><a href=\"https:\/\/dziedzictwopolonii.pl\/portal\/author\/redakcja\/\" title=\"Wpisy od Redakcja\">Redakcja<\/a>&nbsp;|&nbsp;<time datetime=\"2022-12-21\">21 grudnia 2022<\/time><\/div>\t\t\t\n\t\t\t<p class=\"wpucv-excerpt\">POBIERZ PDF(Ur. w 1851 r., w Warszawie, zm. w 1916 r., w Odessie, lekarz patolog, nauczyciel akademicki. Studia medyczne uko\u0144czy\u0142&hellip;<\/p>\t\t<\/article>\n\t\t\t\t\t\t\t\t\n\t\t\t\t<article id=\"post-3626\" class=\"cell small-12 medium-6 large-4\" itemscope itemtype=\"http:\/\/schema.org\/Article\">\n\t\t\t<a class=\"wpucv-image-link-wrapper\" href=\"https:\/\/dziedzictwopolonii.pl\/portal\/chlapowski-franciszek\/\" title=\"Ch\u0142apowski Franciszek\">\n\t\t\t\t\t\t\t<img decoding=\"async\" class=\"wpucv-image-responsive\" src=\"https:\/\/dziedzictwopolonii.pl\/portal\/wp-content\/uploads\/2022\/12\/CHLAPOWSKI-Franciszek-360x240.jpg\" srcset=\"https:\/\/dziedzictwopolonii.pl\/portal\/wp-content\/uploads\/2022\/12\/CHLAPOWSKI-Franciszek-360x240.jpg 360w, https:\/\/dziedzictwopolonii.pl\/portal\/wp-content\/uploads\/2022\/12\/CHLAPOWSKI-Franciszek-600x400.jpg 600w\" sizes=\"(max-width: 639px) 600w, (min-width: 640px) 360w\" title=\"Ch\u0142apowski Franciszek\" alt=\"Ch\u0142apowski Franciszek\" itemprop=\"image\">\n\t\t\t\t\t\t\t<\/a>\n\t\t\t<h2 class=\"wpucv-post-title\" itemprop=\"name headline\">\n\t\t\t\t<a href=\"https:\/\/dziedzictwopolonii.pl\/portal\/chlapowski-franciszek\/\">Ch\u0142apowski Franciszek<\/a>\n\t\t\t<\/h2>\n\t\t\t\n\t\t\t<div class=\"wpucv-post-meta\"><a href=\"https:\/\/dziedzictwopolonii.pl\/portal\/author\/redakcja\/\" title=\"Wpisy od Redakcja\">Redakcja<\/a>&nbsp;|&nbsp;<time datetime=\"2022-12-21\">21 grudnia 2022<\/time><\/div>\t\t\t\n\t\t\t<p class=\"wpucv-excerpt\">POBIERZ PDF\u00a0(Ur. w 1846 r., w miejscowo\u015bci Czerwona Wie\u015b, k. Krzywina, zm. w 1923 r., w \u017begocinie, k. Pleszewa), lekarz&hellip;<\/p>\t\t<\/article>\n\t\t\t\t\t\t\t\t\n\t\t\t\t<article id=\"post-3628\" class=\"cell small-12 medium-6 large-4\" itemscope itemtype=\"http:\/\/schema.org\/Article\">\n\t\t\t<a class=\"wpucv-image-link-wrapper\" href=\"https:\/\/dziedzictwopolonii.pl\/portal\/chroscinski-chroscinski-felicjan\/\" title=\"Chr\u00f3\u015bci\u0144ski (Chro\u015bci\u0144ski) Felicjan\">\n\t\t\t\t\t\t\t<img decoding=\"async\" class=\"wpucv-image-responsive\" src=\"https:\/\/dziedzictwopolonii.pl\/portal\/wp-content\/uploads\/2022\/12\/Kopia-001_NOPIC-360x240.jpg\" srcset=\"https:\/\/dziedzictwopolonii.pl\/portal\/wp-content\/uploads\/2022\/12\/Kopia-001_NOPIC-360x240.jpg 360w, https:\/\/dziedzictwopolonii.pl\/portal\/wp-content\/uploads\/2022\/12\/Kopia-001_NOPIC-600x400.jpg 600w\" sizes=\"(max-width: 639px) 600w, (min-width: 640px) 360w\" title=\"Chr\u00f3\u015bci\u0144ski (Chro\u015bci\u0144ski) Felicjan\" alt=\"Chr\u00f3\u015bci\u0144ski (Chro\u015bci\u0144ski) Felicjan\" itemprop=\"image\">\n\t\t\t\t\t\t\t<\/a>\n\t\t\t<h2 class=\"wpucv-post-title\" itemprop=\"name headline\">\n\t\t\t\t<a href=\"https:\/\/dziedzictwopolonii.pl\/portal\/chroscinski-chroscinski-felicjan\/\">Chr\u00f3\u015bci\u0144ski (Chro\u015bci\u0144ski) Felicjan<\/a>\n\t\t\t<\/h2>\n\t\t\t\n\t\t\t<div class=\"wpucv-post-meta\"><a href=\"https:\/\/dziedzictwopolonii.pl\/portal\/author\/redakcja\/\" title=\"Wpisy od Redakcja\">Redakcja<\/a>&nbsp;|&nbsp;<time datetime=\"2022-12-21\">21 grudnia 2022<\/time><\/div>\t\t\t\n\t\t\t<p class=\"wpucv-excerpt\">POBIERZ PDF(Ur. ok. 1812 r., w miejscowo\u015bci Grabowa, woj. Krakowskie, zm. w 1860 r., w Pary\u017cu). Prawnik, lekarz. Wykszta\u0142cenie: studia&hellip;<\/p>\t\t<\/article>\n\t\t\t\t\t\t\t\t\n\t\t\t\t<article id=\"post-3630\" class=\"cell small-12 medium-6 large-4\" itemscope itemtype=\"http:\/\/schema.org\/Article\">\n\t\t\t<a class=\"wpucv-image-link-wrapper\" href=\"https:\/\/dziedzictwopolonii.pl\/portal\/ciolczyk-jan\/\" title=\"Cio\u0142czyk Jan\">\n\t\t\t\t\t\t\t<img decoding=\"async\" class=\"wpucv-image-responsive\" src=\"https:\/\/dziedzictwopolonii.pl\/portal\/wp-content\/uploads\/2022\/12\/Kopia-001_NOPIC-360x240.jpg\" srcset=\"https:\/\/dziedzictwopolonii.pl\/portal\/wp-content\/uploads\/2022\/12\/Kopia-001_NOPIC-360x240.jpg 360w, https:\/\/dziedzictwopolonii.pl\/portal\/wp-content\/uploads\/2022\/12\/Kopia-001_NOPIC-600x400.jpg 600w\" sizes=\"(max-width: 639px) 600w, (min-width: 640px) 360w\" title=\"Cio\u0142czyk Jan\" alt=\"Cio\u0142czyk Jan\" itemprop=\"image\">\n\t\t\t\t\t\t\t<\/a>\n\t\t\t<h2 class=\"wpucv-post-title\" itemprop=\"name headline\">\n\t\t\t\t<a href=\"https:\/\/dziedzictwopolonii.pl\/portal\/ciolczyk-jan\/\">Cio\u0142czyk Jan<\/a>\n\t\t\t<\/h2>\n\t\t\t\n\t\t\t<div class=\"wpucv-post-meta\"><a href=\"https:\/\/dziedzictwopolonii.pl\/portal\/author\/redakcja\/\" title=\"Wpisy od Redakcja\">Redakcja<\/a>&nbsp;|&nbsp;<time datetime=\"2022-12-21\">21 grudnia 2022<\/time><\/div>\t\t\t\n\t\t\t<p class=\"wpucv-excerpt\">POBIERZ PDF(Ur. w 1869 r., w Radzyniu, zm. w 1927 r., w Siedlcach), lekarz internista. Wykszta\u0142cenie: studia medyczne na Uniwersytecie&hellip;<\/p>\t\t<\/article>\n\t\t\t\t\t\t\t\t\n\t\t\t\t<article id=\"post-3632\" class=\"cell small-12 medium-6 large-4\" itemscope itemtype=\"http:\/\/schema.org\/Article\">\n\t\t\t<a class=\"wpucv-image-link-wrapper\" href=\"https:\/\/dziedzictwopolonii.pl\/portal\/czajewski-cyprian-franciszek\/\" title=\"Czajewski Cyprian Franciszek\">\n\t\t\t\t\t\t\t<img decoding=\"async\" class=\"wpucv-image-responsive\" src=\"https:\/\/dziedzictwopolonii.pl\/portal\/wp-content\/uploads\/2022\/12\/Kopia-001_NOPIC-360x240.jpg\" srcset=\"https:\/\/dziedzictwopolonii.pl\/portal\/wp-content\/uploads\/2022\/12\/Kopia-001_NOPIC-360x240.jpg 360w, https:\/\/dziedzictwopolonii.pl\/portal\/wp-content\/uploads\/2022\/12\/Kopia-001_NOPIC-600x400.jpg 600w\" sizes=\"(max-width: 639px) 600w, (min-width: 640px) 360w\" title=\"Czajewski Cyprian Franciszek\" alt=\"Czajewski Cyprian Franciszek\" itemprop=\"image\">\n\t\t\t\t\t\t\t<\/a>\n\t\t\t<h2 class=\"wpucv-post-title\" itemprop=\"name headline\">\n\t\t\t\t<a href=\"https:\/\/dziedzictwopolonii.pl\/portal\/czajewski-cyprian-franciszek\/\">Czajewski Cyprian Franciszek<\/a>\n\t\t\t<\/h2>\n\t\t\t\n\t\t\t<div class=\"wpucv-post-meta\"><a href=\"https:\/\/dziedzictwopolonii.pl\/portal\/author\/redakcja\/\" title=\"Wpisy od Redakcja\">Redakcja<\/a>&nbsp;|&nbsp;<time datetime=\"2022-12-21\">21 grudnia 2022<\/time><\/div>\t\t\t\n\t\t\t<p class=\"wpucv-excerpt\">POBIERZ PDF(Ur. w maju, 1808 r., w miejscowo\u015bci Grotowszczyzna, woj. Augustowskie, zm. po 1872 r., w Orleanie, we Francji), lekarz&hellip;<\/p>\t\t<\/article>\n\t\t\t\t\t\t\t\t\n\t\t\t\t<article id=\"post-3634\" class=\"cell small-12 medium-6 large-4\" itemscope itemtype=\"http:\/\/schema.org\/Article\">\n\t\t\t<a class=\"wpucv-image-link-wrapper\" href=\"https:\/\/dziedzictwopolonii.pl\/portal\/czarnocki-napoleon\/\" title=\"Czarnocki Napoleon\">\n\t\t\t\t\t\t\t<img decoding=\"async\" class=\"wpucv-image-responsive\" src=\"https:\/\/dziedzictwopolonii.pl\/portal\/wp-content\/uploads\/2022\/12\/Kopia-001_NOPIC-360x240.jpg\" srcset=\"https:\/\/dziedzictwopolonii.pl\/portal\/wp-content\/uploads\/2022\/12\/Kopia-001_NOPIC-360x240.jpg 360w, https:\/\/dziedzictwopolonii.pl\/portal\/wp-content\/uploads\/2022\/12\/Kopia-001_NOPIC-600x400.jpg 600w\" sizes=\"(max-width: 639px) 600w, (min-width: 640px) 360w\" title=\"Czarnocki Napoleon\" alt=\"Czarnocki Napoleon\" itemprop=\"image\">\n\t\t\t\t\t\t\t<\/a>\n\t\t\t<h2 class=\"wpucv-post-title\" itemprop=\"name headline\">\n\t\t\t\t<a href=\"https:\/\/dziedzictwopolonii.pl\/portal\/czarnocki-napoleon\/\">Czarnocki Napoleon<\/a>\n\t\t\t<\/h2>\n\t\t\t\n\t\t\t<div class=\"wpucv-post-meta\"><a href=\"https:\/\/dziedzictwopolonii.pl\/portal\/author\/redakcja\/\" title=\"Wpisy od Redakcja\">Redakcja<\/a>&nbsp;|&nbsp;<time datetime=\"2022-12-21\">21 grudnia 2022<\/time><\/div>\t\t\t\n\t\t\t<p class=\"wpucv-excerpt\">POBIERZ PDF(Ur. w maju 1866 r., w miejscowo\u015bci Nacz Bryndzowska, pow. S\u0142ucki, zm. w 1937 w miejscowo\u015bci Lebiodka Wielka), lekarz&hellip;<\/p>\t\t<\/article>\n\t\t\t\t\t\t\t\t\n\t\t\t\t<article id=\"post-3636\" class=\"cell small-12 medium-6 large-4\" itemscope itemtype=\"http:\/\/schema.org\/Article\">\n\t\t\t<a class=\"wpucv-image-link-wrapper\" href=\"https:\/\/dziedzictwopolonii.pl\/portal\/czekalowski-jaroslaw\/\" title=\"Czeka\u0142owski Jaros\u0142aw\">\n\t\t\t\t\t\t\t<img decoding=\"async\" class=\"wpucv-image-responsive\" src=\"https:\/\/dziedzictwopolonii.pl\/portal\/wp-content\/uploads\/2022\/12\/Kopia-001_NOPIC-360x240.jpg\" srcset=\"https:\/\/dziedzictwopolonii.pl\/portal\/wp-content\/uploads\/2022\/12\/Kopia-001_NOPIC-360x240.jpg 360w, https:\/\/dziedzictwopolonii.pl\/portal\/wp-content\/uploads\/2022\/12\/Kopia-001_NOPIC-600x400.jpg 600w\" sizes=\"(max-width: 639px) 600w, (min-width: 640px) 360w\" title=\"Czeka\u0142owski Jaros\u0142aw\" alt=\"Czeka\u0142owski Jaros\u0142aw\" itemprop=\"image\">\n\t\t\t\t\t\t\t<\/a>\n\t\t\t<h2 class=\"wpucv-post-title\" itemprop=\"name headline\">\n\t\t\t\t<a href=\"https:\/\/dziedzictwopolonii.pl\/portal\/czekalowski-jaroslaw\/\">Czeka\u0142owski Jaros\u0142aw<\/a>\n\t\t\t<\/h2>\n\t\t\t\n\t\t\t<div class=\"wpucv-post-meta\"><a href=\"https:\/\/dziedzictwopolonii.pl\/portal\/author\/redakcja\/\" title=\"Wpisy od Redakcja\">Redakcja<\/a>&nbsp;|&nbsp;<time datetime=\"2022-12-21\">21 grudnia 2022<\/time><\/div>\t\t\t\n\t\t\t<p class=\"wpucv-excerpt\">POBIERZ PDF(Ur. ok 1914 r., zm. w 1984 r., w Leeds, w Wielkiej Brytanii), doktor medycyny \u2013 stopie\u0144 ten uzyska\u0142&hellip;<\/p>\t\t<\/article>\n\t\t\t\t\t\t\t\t\n\t\t\t\t<article id=\"post-3638\" class=\"cell small-12 medium-6 large-4\" itemscope itemtype=\"http:\/\/schema.org\/Article\">\n\t\t\t<a class=\"wpucv-image-link-wrapper\" href=\"https:\/\/dziedzictwopolonii.pl\/portal\/czernicki-hieronim-adolf\/\" title=\"Czernicki Hieronim Adolf\">\n\t\t\t\t\t\t\t<img decoding=\"async\" class=\"wpucv-image-responsive\" src=\"https:\/\/dziedzictwopolonii.pl\/portal\/wp-content\/uploads\/2022\/12\/Kopia-001_NOPIC-360x240.jpg\" srcset=\"https:\/\/dziedzictwopolonii.pl\/portal\/wp-content\/uploads\/2022\/12\/Kopia-001_NOPIC-360x240.jpg 360w, https:\/\/dziedzictwopolonii.pl\/portal\/wp-content\/uploads\/2022\/12\/Kopia-001_NOPIC-600x400.jpg 600w\" sizes=\"(max-width: 639px) 600w, (min-width: 640px) 360w\" title=\"Czernicki Hieronim Adolf\" alt=\"Czernicki Hieronim Adolf\" itemprop=\"image\">\n\t\t\t\t\t\t\t<\/a>\n\t\t\t<h2 class=\"wpucv-post-title\" itemprop=\"name headline\">\n\t\t\t\t<a href=\"https:\/\/dziedzictwopolonii.pl\/portal\/czernicki-hieronim-adolf\/\">Czernicki Hieronim Adolf<\/a>\n\t\t\t<\/h2>\n\t\t\t\n\t\t\t<div class=\"wpucv-post-meta\"><a href=\"https:\/\/dziedzictwopolonii.pl\/portal\/author\/redakcja\/\" title=\"Wpisy od Redakcja\">Redakcja<\/a>&nbsp;|&nbsp;<time datetime=\"2022-12-21\">21 grudnia 2022<\/time><\/div>\t\t\t\n\t\t\t<p class=\"wpucv-excerpt\">POBIERZ PDF(Ur. w 1811 r., w Rosnoszy\u0144ce, zm. w 1890 r., w Cannet, we Francji), lekarz chirurg. Wykszta\u0142cenie: studia medyczne&hellip;<\/p>\t\t<\/article>\n\t\t\t\t\t\t\t\t\n\t\t\t\t<article id=\"post-3641\" class=\"cell small-12 medium-6 large-4\" itemscope itemtype=\"http:\/\/schema.org\/Article\">\n\t\t\t<a class=\"wpucv-image-link-wrapper\" href=\"https:\/\/dziedzictwopolonii.pl\/portal\/czerniewicz-chernoviz-chernowicz-czernowicz-piotr-ludwik\/\" title=\"Czerniewicz (Chernoviz, Chernowicz, Czernowicz) Piotr Ludwik\">\n\t\t\t\t\t\t\t<img decoding=\"async\" class=\"wpucv-image-responsive\" src=\"https:\/\/dziedzictwopolonii.pl\/portal\/wp-content\/uploads\/2022\/12\/Kopia-001_NOPIC-360x240.jpg\" srcset=\"https:\/\/dziedzictwopolonii.pl\/portal\/wp-content\/uploads\/2022\/12\/Kopia-001_NOPIC-360x240.jpg 360w, https:\/\/dziedzictwopolonii.pl\/portal\/wp-content\/uploads\/2022\/12\/Kopia-001_NOPIC-600x400.jpg 600w\" sizes=\"(max-width: 639px) 600w, (min-width: 640px) 360w\" title=\"Czerniewicz (Chernoviz, Chernowicz, Czernowicz) Piotr Ludwik\" alt=\"Czerniewicz (Chernoviz, Chernowicz, Czernowicz) Piotr Ludwik\" itemprop=\"image\">\n\t\t\t\t\t\t\t<\/a>\n\t\t\t<h2 class=\"wpucv-post-title\" itemprop=\"name headline\">\n\t\t\t\t<a href=\"https:\/\/dziedzictwopolonii.pl\/portal\/czerniewicz-chernoviz-chernowicz-czernowicz-piotr-ludwik\/\">Czerniewicz (Chernoviz, Chernowicz, Czernowicz) Piotr Ludwik<\/a>\n\t\t\t<\/h2>\n\t\t\t\n\t\t\t<div class=\"wpucv-post-meta\"><a href=\"https:\/\/dziedzictwopolonii.pl\/portal\/author\/redakcja\/\" title=\"Wpisy od Redakcja\">Redakcja<\/a>&nbsp;|&nbsp;<time datetime=\"2022-12-21\">21 grudnia 2022<\/time><\/div>\t\t\t\n\t\t\t<p class=\"wpucv-excerpt\">POBIERZ PDF(Ur. w 1812 r., w \u0141ukowie, na Podlasiu, zm. w 1881 r., w Pary\u017cu), lekarz og\u00f3lny, publicysta. Wykszta\u0142cenie: studia&hellip;<\/p>\t\t<\/article>\n\t\t\t\t\t\t\t\t\n\t\t\t\t<article id=\"post-3643\" class=\"cell small-12 medium-6 large-4\" itemscope itemtype=\"http:\/\/schema.org\/Article\">\n\t\t\t<a class=\"wpucv-image-link-wrapper\" href=\"https:\/\/dziedzictwopolonii.pl\/portal\/czerniewski-edward-stanislaw\/\" title=\"Czerniewski Edward Stanis\u0142aw\">\n\t\t\t\t\t\t\t<img decoding=\"async\" class=\"wpucv-image-responsive\" src=\"https:\/\/dziedzictwopolonii.pl\/portal\/wp-content\/uploads\/2022\/12\/Kopia-001_NOPIC-360x240.jpg\" srcset=\"https:\/\/dziedzictwopolonii.pl\/portal\/wp-content\/uploads\/2022\/12\/Kopia-001_NOPIC-360x240.jpg 360w, https:\/\/dziedzictwopolonii.pl\/portal\/wp-content\/uploads\/2022\/12\/Kopia-001_NOPIC-600x400.jpg 600w\" sizes=\"(max-width: 639px) 600w, (min-width: 640px) 360w\" title=\"Czerniewski Edward Stanis\u0142aw\" alt=\"Czerniewski Edward Stanis\u0142aw\" itemprop=\"image\">\n\t\t\t\t\t\t\t<\/a>\n\t\t\t<h2 class=\"wpucv-post-title\" itemprop=\"name headline\">\n\t\t\t\t<a href=\"https:\/\/dziedzictwopolonii.pl\/portal\/czerniewski-edward-stanislaw\/\">Czerniewski Edward Stanis\u0142aw<\/a>\n\t\t\t<\/h2>\n\t\t\t\n\t\t\t<div class=\"wpucv-post-meta\"><a href=\"https:\/\/dziedzictwopolonii.pl\/portal\/author\/redakcja\/\" title=\"Wpisy od Redakcja\">Redakcja<\/a>&nbsp;|&nbsp;<time datetime=\"2022-12-21\">21 grudnia 2022<\/time><\/div>\t\t\t\n\t\t\t<p class=\"wpucv-excerpt\">POBIERZ PDF(Ur. w 1855 r., na \u017bmudzi, zm. w 1898 r., na Atlantyku), lekarz chirurg. Wykszta\u0142cenie: studia medyczne zako\u0144czone doktoratem&hellip;<\/p>\t\t<\/article>\n\t\t\t\t\t\t\t\t\n\t\t\t\t<article id=\"post-3645\" class=\"cell small-12 medium-6 large-4\" itemscope itemtype=\"http:\/\/schema.org\/Article\">\n\t\t\t<a class=\"wpucv-image-link-wrapper\" href=\"https:\/\/dziedzictwopolonii.pl\/portal\/czerwinski-gracjan\/\" title=\"Czerwi\u0144ski Gracjan\">\n\t\t\t\t\t\t\t<img decoding=\"async\" class=\"wpucv-image-responsive\" src=\"https:\/\/dziedzictwopolonii.pl\/portal\/wp-content\/uploads\/2022\/12\/Kopia-001_NOPIC-360x240.jpg\" srcset=\"https:\/\/dziedzictwopolonii.pl\/portal\/wp-content\/uploads\/2022\/12\/Kopia-001_NOPIC-360x240.jpg 360w, https:\/\/dziedzictwopolonii.pl\/portal\/wp-content\/uploads\/2022\/12\/Kopia-001_NOPIC-600x400.jpg 600w\" sizes=\"(max-width: 639px) 600w, (min-width: 640px) 360w\" title=\"Czerwi\u0144ski Gracjan\" alt=\"Czerwi\u0144ski Gracjan\" itemprop=\"image\">\n\t\t\t\t\t\t\t<\/a>\n\t\t\t<h2 class=\"wpucv-post-title\" itemprop=\"name headline\">\n\t\t\t\t<a href=\"https:\/\/dziedzictwopolonii.pl\/portal\/czerwinski-gracjan\/\">Czerwi\u0144ski Gracjan<\/a>\n\t\t\t<\/h2>\n\t\t\t\n\t\t\t<div class=\"wpucv-post-meta\"><a href=\"https:\/\/dziedzictwopolonii.pl\/portal\/author\/redakcja\/\" title=\"Wpisy od Redakcja\">Redakcja<\/a>&nbsp;|&nbsp;<time datetime=\"2022-12-21\">21 grudnia 2022<\/time><\/div>\t\t\t\n\t\t\t<p class=\"wpucv-excerpt\">POBIERZ PDF(Zm. 1874 w Teodozji na Krymie), polski szlachcic, lekarz i zes\u0142aniec. Studia medyczne uko\u0144czy\u0142 na Uniwersytecie Kijowskim. Pierwsz\u0105 praktyk\u0119&hellip;<\/p>\t\t<\/article>\n\t\t\t\t\t\t\t\t\n\t\t\t\t<article id=\"post-3647\" class=\"cell small-12 medium-6 large-4\" itemscope itemtype=\"http:\/\/schema.org\/Article\">\n\t\t\t<a class=\"wpucv-image-link-wrapper\" href=\"https:\/\/dziedzictwopolonii.pl\/portal\/danysz-jan\/\" title=\"Danysz Jan\">\n\t\t\t\t\t\t\t<img decoding=\"async\" class=\"wpucv-image-responsive\" src=\"https:\/\/dziedzictwopolonii.pl\/portal\/wp-content\/uploads\/2022\/12\/Kopia-001_NOPIC-360x240.jpg\" srcset=\"https:\/\/dziedzictwopolonii.pl\/portal\/wp-content\/uploads\/2022\/12\/Kopia-001_NOPIC-360x240.jpg 360w, https:\/\/dziedzictwopolonii.pl\/portal\/wp-content\/uploads\/2022\/12\/Kopia-001_NOPIC-600x400.jpg 600w\" sizes=\"(max-width: 639px) 600w, (min-width: 640px) 360w\" title=\"Danysz Jan\" alt=\"Danysz Jan\" itemprop=\"image\">\n\t\t\t\t\t\t\t<\/a>\n\t\t\t<h2 class=\"wpucv-post-title\" itemprop=\"name headline\">\n\t\t\t\t<a href=\"https:\/\/dziedzictwopolonii.pl\/portal\/danysz-jan\/\">Danysz Jan<\/a>\n\t\t\t<\/h2>\n\t\t\t\n\t\t\t<div class=\"wpucv-post-meta\"><a href=\"https:\/\/dziedzictwopolonii.pl\/portal\/author\/redakcja\/\" title=\"Wpisy od Redakcja\">Redakcja<\/a>&nbsp;|&nbsp;<time datetime=\"2022-12-21\">21 grudnia 2022<\/time><\/div>\t\t\t\n\t\t\t<p class=\"wpucv-excerpt\">POBIERZ PDF(Ur. w 1860 r., w Chylinie, w Wielkopolsce, zm. w 1928 r., w Pary\u017cu), lekarz bakteriolog, biolog, mikrobiolog. Kierownik&hellip;<\/p>\t\t<\/article>\n\t\t\t\t\t\t\t\t\n\t\t\t\t<article id=\"post-3649\" class=\"cell small-12 medium-6 large-4\" itemscope itemtype=\"http:\/\/schema.org\/Article\">\n\t\t\t<a class=\"wpucv-image-link-wrapper\" href=\"https:\/\/dziedzictwopolonii.pl\/portal\/dmochowski-wlodzimierz\/\" title=\"Dmochowski W\u0142odzimierz\">\n\t\t\t\t\t\t\t<img decoding=\"async\" class=\"wpucv-image-responsive\" src=\"https:\/\/dziedzictwopolonii.pl\/portal\/wp-content\/uploads\/2022\/12\/Kopia-001_NOPIC-360x240.jpg\" srcset=\"https:\/\/dziedzictwopolonii.pl\/portal\/wp-content\/uploads\/2022\/12\/Kopia-001_NOPIC-360x240.jpg 360w, https:\/\/dziedzictwopolonii.pl\/portal\/wp-content\/uploads\/2022\/12\/Kopia-001_NOPIC-600x400.jpg 600w\" sizes=\"(max-width: 639px) 600w, (min-width: 640px) 360w\" title=\"Dmochowski W\u0142odzimierz\" alt=\"Dmochowski W\u0142odzimierz\" itemprop=\"image\">\n\t\t\t\t\t\t\t<\/a>\n\t\t\t<h2 class=\"wpucv-post-title\" itemprop=\"name headline\">\n\t\t\t\t<a href=\"https:\/\/dziedzictwopolonii.pl\/portal\/dmochowski-wlodzimierz\/\">Dmochowski W\u0142odzimierz<\/a>\n\t\t\t<\/h2>\n\t\t\t\n\t\t\t<div class=\"wpucv-post-meta\"><a href=\"https:\/\/dziedzictwopolonii.pl\/portal\/author\/redakcja\/\" title=\"Wpisy od Redakcja\">Redakcja<\/a>&nbsp;|&nbsp;<time datetime=\"2022-12-21\">21 grudnia 2022<\/time><\/div>\t\t\t\n\t\t\t<p class=\"wpucv-excerpt\">POBIERZ PDF(Ur. ok. 1810 r., w miejscowo\u015bci Nahorodowicze, na Litwie, zm. w 1882 r., w Chartres, we Francji), lekarz anatom,&hellip;<\/p>\t\t<\/article>\n\t\t\t\t\t\t\t\t\n\t\t\t\t<article id=\"post-3651\" class=\"cell small-12 medium-6 large-4\" itemscope itemtype=\"http:\/\/schema.org\/Article\">\n\t\t\t<a class=\"wpucv-image-link-wrapper\" href=\"https:\/\/dziedzictwopolonii.pl\/portal\/dobija-front-franciszek\/\" title=\"Dobija-Front Franciszek\">\n\t\t\t\t\t\t\t<img decoding=\"async\" class=\"wpucv-image-responsive\" src=\"https:\/\/dziedzictwopolonii.pl\/portal\/wp-content\/uploads\/2022\/12\/Kopia-001_NOPIC-360x240.jpg\" srcset=\"https:\/\/dziedzictwopolonii.pl\/portal\/wp-content\/uploads\/2022\/12\/Kopia-001_NOPIC-360x240.jpg 360w, https:\/\/dziedzictwopolonii.pl\/portal\/wp-content\/uploads\/2022\/12\/Kopia-001_NOPIC-600x400.jpg 600w\" sizes=\"(max-width: 639px) 600w, (min-width: 640px) 360w\" title=\"Dobija-Front Franciszek\" alt=\"Dobija-Front Franciszek\" itemprop=\"image\">\n\t\t\t\t\t\t\t<\/a>\n\t\t\t<h2 class=\"wpucv-post-title\" itemprop=\"name headline\">\n\t\t\t\t<a href=\"https:\/\/dziedzictwopolonii.pl\/portal\/dobija-front-franciszek\/\">Dobija-Front Franciszek<\/a>\n\t\t\t<\/h2>\n\t\t\t\n\t\t\t<div class=\"wpucv-post-meta\"><a href=\"https:\/\/dziedzictwopolonii.pl\/portal\/author\/redakcja\/\" title=\"Wpisy od Redakcja\">Redakcja<\/a>&nbsp;|&nbsp;<time datetime=\"2022-12-21\">21 grudnia 2022<\/time><\/div>\t\t\t\n\t\t\t<p class=\"wpucv-excerpt\">POBIERZ PDF\u00a0(Ur. w 1867 r., w miejscowo\u015bci Mikuszowice, zm. w 1932 r., na Florydzie, w USA), lekarz og\u00f3lny, filantrop. Wykszta\u0142cenie:&hellip;<\/p>\t\t<\/article>\n\t\t\t\t\t\t\t\t\n\t\t\t\t<article id=\"post-3653\" class=\"cell small-12 medium-6 large-4\" itemscope itemtype=\"http:\/\/schema.org\/Article\">\n\t\t\t<a class=\"wpucv-image-link-wrapper\" href=\"https:\/\/dziedzictwopolonii.pl\/portal\/dobrowolski-kazimierz-boleslaw\/\" title=\"Dobrowolski Kazimierz Boles\u0142aw\">\n\t\t\t\t\t\t\t<img decoding=\"async\" class=\"wpucv-image-responsive\" src=\"https:\/\/dziedzictwopolonii.pl\/portal\/wp-content\/uploads\/2022\/12\/Kopia-001_NOPIC-360x240.jpg\" srcset=\"https:\/\/dziedzictwopolonii.pl\/portal\/wp-content\/uploads\/2022\/12\/Kopia-001_NOPIC-360x240.jpg 360w, https:\/\/dziedzictwopolonii.pl\/portal\/wp-content\/uploads\/2022\/12\/Kopia-001_NOPIC-600x400.jpg 600w\" sizes=\"(max-width: 639px) 600w, (min-width: 640px) 360w\" title=\"Dobrowolski Kazimierz Boles\u0142aw\" alt=\"Dobrowolski Kazimierz Boles\u0142aw\" itemprop=\"image\">\n\t\t\t\t\t\t\t<\/a>\n\t\t\t<h2 class=\"wpucv-post-title\" itemprop=\"name headline\">\n\t\t\t\t<a href=\"https:\/\/dziedzictwopolonii.pl\/portal\/dobrowolski-kazimierz-boleslaw\/\">Dobrowolski Kazimierz Boles\u0142aw<\/a>\n\t\t\t<\/h2>\n\t\t\t\n\t\t\t<div class=\"wpucv-post-meta\"><a href=\"https:\/\/dziedzictwopolonii.pl\/portal\/author\/redakcja\/\" title=\"Wpisy od Redakcja\">Redakcja<\/a>&nbsp;|&nbsp;<time datetime=\"2022-12-21\">21 grudnia 2022<\/time><\/div>\t\t\t\n\t\t\t<p class=\"wpucv-excerpt\">POBIERZ PDF(Ur. ok. 1805 r., na Podolu, zm. w 1843 r., we Francji), lekarz og\u00f3lny, dzia\u0142acz polonijny. Wykszta\u0142cenie: studia medyczne&hellip;<\/p>\t\t<\/article>\n\t\t\t\t\t\t\t\t\n\t\t\t\t<article id=\"post-3656\" class=\"cell small-12 medium-6 large-4\" itemscope itemtype=\"http:\/\/schema.org\/Article\">\n\t\t\t<a class=\"wpucv-image-link-wrapper\" href=\"https:\/\/dziedzictwopolonii.pl\/portal\/drozdowski-stanislaw\/\" title=\"Drozdowski Stanis\u0142aw\">\n\t\t\t\t\t\t\t<img decoding=\"async\" class=\"wpucv-image-responsive\" src=\"https:\/\/dziedzictwopolonii.pl\/portal\/wp-content\/uploads\/2022\/12\/Kopia-001_NOPIC-360x240.jpg\" srcset=\"https:\/\/dziedzictwopolonii.pl\/portal\/wp-content\/uploads\/2022\/12\/Kopia-001_NOPIC-360x240.jpg 360w, https:\/\/dziedzictwopolonii.pl\/portal\/wp-content\/uploads\/2022\/12\/Kopia-001_NOPIC-600x400.jpg 600w\" sizes=\"(max-width: 639px) 600w, (min-width: 640px) 360w\" title=\"Drozdowski Stanis\u0142aw\" alt=\"Drozdowski Stanis\u0142aw\" itemprop=\"image\">\n\t\t\t\t\t\t\t<\/a>\n\t\t\t<h2 class=\"wpucv-post-title\" itemprop=\"name headline\">\n\t\t\t\t<a href=\"https:\/\/dziedzictwopolonii.pl\/portal\/drozdowski-stanislaw\/\">Drozdowski Stanis\u0142aw<\/a>\n\t\t\t<\/h2>\n\t\t\t\n\t\t\t<div class=\"wpucv-post-meta\"><a href=\"https:\/\/dziedzictwopolonii.pl\/portal\/author\/redakcja\/\" title=\"Wpisy od Redakcja\">Redakcja<\/a>&nbsp;|&nbsp;<time datetime=\"2022-12-21\">21 grudnia 2022<\/time><\/div>\t\t\t\n\t\t\t<p class=\"wpucv-excerpt\">POBIERZ PDF(Ur. ok. 1803 w miejscowo\u015bci Drojsk, pow. Bras\u0142awski, zm. w 1885 r., w Adampolu, w Turcji), lekarz og\u00f3lny, dzia\u0142acz&hellip;<\/p>\t\t<\/article>\n\t\t\t\t\t\t\t\t\n\t\t\t\t<article id=\"post-3658\" class=\"cell small-12 medium-6 large-4\" itemscope itemtype=\"http:\/\/schema.org\/Article\">\n\t\t\t<a class=\"wpucv-image-link-wrapper\" href=\"https:\/\/dziedzictwopolonii.pl\/portal\/drzniewicz-kazimierz-julian\/\" title=\"Drzniewicz Kazimierz Julian\">\n\t\t\t\t\t\t\t<img decoding=\"async\" class=\"wpucv-image-responsive\" src=\"https:\/\/dziedzictwopolonii.pl\/portal\/wp-content\/uploads\/2022\/12\/Kopia-001_NOPIC-360x240.jpg\" srcset=\"https:\/\/dziedzictwopolonii.pl\/portal\/wp-content\/uploads\/2022\/12\/Kopia-001_NOPIC-360x240.jpg 360w, https:\/\/dziedzictwopolonii.pl\/portal\/wp-content\/uploads\/2022\/12\/Kopia-001_NOPIC-600x400.jpg 600w\" sizes=\"(max-width: 639px) 600w, (min-width: 640px) 360w\" title=\"Drzniewicz Kazimierz Julian\" alt=\"Drzniewicz Kazimierz Julian\" itemprop=\"image\">\n\t\t\t\t\t\t\t<\/a>\n\t\t\t<h2 class=\"wpucv-post-title\" itemprop=\"name headline\">\n\t\t\t\t<a href=\"https:\/\/dziedzictwopolonii.pl\/portal\/drzniewicz-kazimierz-julian\/\">Drzniewicz Kazimierz Julian<\/a>\n\t\t\t<\/h2>\n\t\t\t\n\t\t\t<div class=\"wpucv-post-meta\"><a href=\"https:\/\/dziedzictwopolonii.pl\/portal\/author\/redakcja\/\" title=\"Wpisy od Redakcja\">Redakcja<\/a>&nbsp;|&nbsp;<time datetime=\"2022-12-21\">21 grudnia 2022<\/time><\/div>\t\t\t\n\t\t\t<p class=\"wpucv-excerpt\">POBIERZ PDF(Ur. w 1851 r., w Rosienie, na Litwie, zm. w 1911 r., w Petersburgu), lekarz rosyjskiej marynarki wojennej. Wykszta\u0142cenie:&hellip;<\/p>\t\t<\/article>\n\t\t\t\t\t\t\t\t\n\t\t\t\t<article id=\"post-3660\" class=\"cell small-12 medium-6 large-4\" itemscope itemtype=\"http:\/\/schema.org\/Article\">\n\t\t\t<a class=\"wpucv-image-link-wrapper\" href=\"https:\/\/dziedzictwopolonii.pl\/portal\/eckelt-jozef-wojciech\/\" title=\"Eckelt J\u00f3zef Wojciech\">\n\t\t\t\t\t\t\t<img decoding=\"async\" class=\"wpucv-image-responsive\" src=\"https:\/\/dziedzictwopolonii.pl\/portal\/wp-content\/uploads\/2022\/12\/Kopia-001_NOPIC-360x240.jpg\" srcset=\"https:\/\/dziedzictwopolonii.pl\/portal\/wp-content\/uploads\/2022\/12\/Kopia-001_NOPIC-360x240.jpg 360w, https:\/\/dziedzictwopolonii.pl\/portal\/wp-content\/uploads\/2022\/12\/Kopia-001_NOPIC-600x400.jpg 600w\" sizes=\"(max-width: 639px) 600w, (min-width: 640px) 360w\" title=\"Eckelt J\u00f3zef Wojciech\" alt=\"Eckelt J\u00f3zef Wojciech\" itemprop=\"image\">\n\t\t\t\t\t\t\t<\/a>\n\t\t\t<h2 class=\"wpucv-post-title\" itemprop=\"name headline\">\n\t\t\t\t<a href=\"https:\/\/dziedzictwopolonii.pl\/portal\/eckelt-jozef-wojciech\/\">Eckelt J\u00f3zef Wojciech<\/a>\n\t\t\t<\/h2>\n\t\t\t\n\t\t\t<div class=\"wpucv-post-meta\"><a href=\"https:\/\/dziedzictwopolonii.pl\/portal\/author\/redakcja\/\" title=\"Wpisy od Redakcja\">Redakcja<\/a>&nbsp;|&nbsp;<time datetime=\"2022-12-21\">21 grudnia 2022<\/time><\/div>\t\t\t\n\t\t\t<p class=\"wpucv-excerpt\">POBIERZ PDF(Ur. w 1808 r., w miejscowo\u015bci Dubno, zm. w 1859 r., w Algierze), lekarz chirurg. Wykszta\u0142cenie: studia medyczne i&hellip;<\/p>\t\t<\/article>\n\t\t\t\t\t\t\t\t\n\t\t\t\t<article id=\"post-3662\" class=\"cell small-12 medium-6 large-4\" itemscope itemtype=\"http:\/\/schema.org\/Article\">\n\t\t\t<a class=\"wpucv-image-link-wrapper\" href=\"https:\/\/dziedzictwopolonii.pl\/portal\/eydrygiewicz-ejdrygiewicz-jozef\/\" title=\"Eydrygiewicz (Ejdrygiewicz) J\u00f3zef\">\n\t\t\t\t\t\t\t<img decoding=\"async\" class=\"wpucv-image-responsive\" src=\"https:\/\/dziedzictwopolonii.pl\/portal\/wp-content\/uploads\/2022\/12\/Kopia-001_NOPIC-360x240.jpg\" srcset=\"https:\/\/dziedzictwopolonii.pl\/portal\/wp-content\/uploads\/2022\/12\/Kopia-001_NOPIC-360x240.jpg 360w, https:\/\/dziedzictwopolonii.pl\/portal\/wp-content\/uploads\/2022\/12\/Kopia-001_NOPIC-600x400.jpg 600w\" sizes=\"(max-width: 639px) 600w, (min-width: 640px) 360w\" title=\"Eydrygiewicz (Ejdrygiewicz) J\u00f3zef\" alt=\"Eydrygiewicz (Ejdrygiewicz) J\u00f3zef\" itemprop=\"image\">\n\t\t\t\t\t\t\t<\/a>\n\t\t\t<h2 class=\"wpucv-post-title\" itemprop=\"name headline\">\n\t\t\t\t<a href=\"https:\/\/dziedzictwopolonii.pl\/portal\/eydrygiewicz-ejdrygiewicz-jozef\/\">Eydrygiewicz (Ejdrygiewicz) J\u00f3zef<\/a>\n\t\t\t<\/h2>\n\t\t\t\n\t\t\t<div class=\"wpucv-post-meta\"><a href=\"https:\/\/dziedzictwopolonii.pl\/portal\/author\/redakcja\/\" title=\"Wpisy od Redakcja\">Redakcja<\/a>&nbsp;|&nbsp;<time datetime=\"2022-12-21\">21 grudnia 2022<\/time><\/div>\t\t\t\n\t\t\t<p class=\"wpucv-excerpt\">POBIERZ PDF(Ur. w 1810 r., w miejscowo\u015bci Upita na \u017bmudzi, zm. w 1868 r., w Montmorency pod Pary\u017cem), lekarz, prawnik.&hellip;<\/p>\t\t<\/article>\n\t\t\t\t\t\t\t\t\n\t\t\t\t<article id=\"post-3664\" class=\"cell small-12 medium-6 large-4\" itemscope itemtype=\"http:\/\/schema.org\/Article\">\n\t\t\t<a class=\"wpucv-image-link-wrapper\" href=\"https:\/\/dziedzictwopolonii.pl\/portal\/falinski-jan-stanislaw\/\" title=\"Fali\u0144ski Jan Stanis\u0142aw\">\n\t\t\t\t\t\t\t<img decoding=\"async\" class=\"wpucv-image-responsive\" src=\"https:\/\/dziedzictwopolonii.pl\/portal\/wp-content\/uploads\/2022\/12\/Kopia-001_NOPIC-360x240.jpg\" srcset=\"https:\/\/dziedzictwopolonii.pl\/portal\/wp-content\/uploads\/2022\/12\/Kopia-001_NOPIC-360x240.jpg 360w, https:\/\/dziedzictwopolonii.pl\/portal\/wp-content\/uploads\/2022\/12\/Kopia-001_NOPIC-600x400.jpg 600w\" sizes=\"(max-width: 639px) 600w, (min-width: 640px) 360w\" title=\"Fali\u0144ski Jan Stanis\u0142aw\" alt=\"Fali\u0144ski Jan Stanis\u0142aw\" itemprop=\"image\">\n\t\t\t\t\t\t\t<\/a>\n\t\t\t<h2 class=\"wpucv-post-title\" itemprop=\"name headline\">\n\t\t\t\t<a href=\"https:\/\/dziedzictwopolonii.pl\/portal\/falinski-jan-stanislaw\/\">Fali\u0144ski Jan Stanis\u0142aw<\/a>\n\t\t\t<\/h2>\n\t\t\t\n\t\t\t<div class=\"wpucv-post-meta\"><a href=\"https:\/\/dziedzictwopolonii.pl\/portal\/author\/redakcja\/\" title=\"Wpisy od Redakcja\">Redakcja<\/a>&nbsp;|&nbsp;<time datetime=\"2022-12-21\">21 grudnia 2022<\/time><\/div>\t\t\t\n\t\t\t<p class=\"wpucv-excerpt\">POBIERZ PDF(Ur. w 1812 r., w Radomie, zm. po 1844), lekarz og\u00f3lny. Wykszta\u0142cenie: studia medyczne i doktorat na uniwersytecie w&hellip;<\/p>\t\t<\/article>\n\t\t\t\t\t\t\t\t\n\t\t\t\t<article id=\"post-2284\" class=\"cell small-12 medium-6 large-4\" itemscope itemtype=\"http:\/\/schema.org\/Article\">\n\t\t\t<a class=\"wpucv-image-link-wrapper\" href=\"https:\/\/dziedzictwopolonii.pl\/portal\/falkowski-wojciech\/\" title=\"Falkowski Wojciech\">\n\t\t\t\t\t\t\t<img decoding=\"async\" class=\"wpucv-image-responsive\" src=\"https:\/\/dziedzictwopolonii.pl\/portal\/wp-content\/uploads\/2022\/12\/Falkowski-i-Kaczorowski-360x240.jpg\" srcset=\"https:\/\/dziedzictwopolonii.pl\/portal\/wp-content\/uploads\/2022\/12\/Falkowski-i-Kaczorowski-360x240.jpg 360w, https:\/\/dziedzictwopolonii.pl\/portal\/wp-content\/uploads\/2022\/12\/Falkowski-i-Kaczorowski-600x400.jpg 600w\" sizes=\"(max-width: 639px) 600w, (min-width: 640px) 360w\" title=\"Falkowski Wojciech\" alt=\"Falkowski Wojciech\" itemprop=\"image\">\n\t\t\t\t\t\t\t<\/a>\n\t\t\t<h2 class=\"wpucv-post-title\" itemprop=\"name headline\">\n\t\t\t\t<a href=\"https:\/\/dziedzictwopolonii.pl\/portal\/falkowski-wojciech\/\">Falkowski Wojciech<\/a>\n\t\t\t<\/h2>\n\t\t\t\n\t\t\t<div class=\"wpucv-post-meta\"><a href=\"https:\/\/dziedzictwopolonii.pl\/portal\/author\/redakcja\/\" title=\"Wpisy od Redakcja\">Redakcja<\/a>&nbsp;|&nbsp;<time datetime=\"2022-12-19\">19 grudnia 2022<\/time><\/div>\t\t\t\n\t\t\t<p class=\"wpucv-excerpt\">POBIERZ PDFFALKOWSKI Wojciech (ur. w 1930 r., w Nowogr\u00f3dku, zm. w 2015 r., w Ewell, pod Londynem), lekarz psychiatra, artysta&hellip;<\/p>\t\t<\/article>\n\t\t\t\t\t\t\t\t\n\t\t\t\t<article id=\"post-3666\" class=\"cell small-12 medium-6 large-4\" itemscope itemtype=\"http:\/\/schema.org\/Article\">\n\t\t\t<a class=\"wpucv-image-link-wrapper\" href=\"https:\/\/dziedzictwopolonii.pl\/portal\/falkowski-wojciech-2\/\" title=\"Falkowski Wojciech\">\n\t\t\t\t\t\t\t<img decoding=\"async\" class=\"wpucv-image-responsive\" src=\"https:\/\/dziedzictwopolonii.pl\/portal\/wp-content\/uploads\/2022\/12\/FALKOWSKI-Wojciech-360x240.jpg\" srcset=\"https:\/\/dziedzictwopolonii.pl\/portal\/wp-content\/uploads\/2022\/12\/FALKOWSKI-Wojciech-360x240.jpg 360w, https:\/\/dziedzictwopolonii.pl\/portal\/wp-content\/uploads\/2022\/12\/FALKOWSKI-Wojciech-600x400.jpg 600w\" sizes=\"(max-width: 639px) 600w, (min-width: 640px) 360w\" title=\"Falkowski Wojciech\" alt=\"Falkowski Wojciech\" itemprop=\"image\">\n\t\t\t\t\t\t\t<\/a>\n\t\t\t<h2 class=\"wpucv-post-title\" itemprop=\"name headline\">\n\t\t\t\t<a href=\"https:\/\/dziedzictwopolonii.pl\/portal\/falkowski-wojciech-2\/\">Falkowski Wojciech<\/a>\n\t\t\t<\/h2>\n\t\t\t\n\t\t\t<div class=\"wpucv-post-meta\"><a href=\"https:\/\/dziedzictwopolonii.pl\/portal\/author\/redakcja\/\" title=\"Wpisy od Redakcja\">Redakcja<\/a>&nbsp;|&nbsp;<time datetime=\"2022-12-21\">21 grudnia 2022<\/time><\/div>\t\t\t\n\t\t\t<p class=\"wpucv-excerpt\">POBIERZ PDF(Ur. w 1930 r., w Nowogr\u00f3dku, zm. w 2015 r., w Ewell, pod Londynem), lekarz psychiatra, artysta malarz, nauczyciel&hellip;<\/p>\t\t<\/article>\n\t\t\t\t\t\t\t\t\n\t\t\t\t<article id=\"post-3668\" class=\"cell small-12 medium-6 large-4\" itemscope itemtype=\"http:\/\/schema.org\/Article\">\n\t\t\t<a class=\"wpucv-image-link-wrapper\" href=\"https:\/\/dziedzictwopolonii.pl\/portal\/filipowicz-polanska-katarzyna-hanna\/\" title=\"Filipowicz-Pola\u0144ska Katarzyna Hanna\">\n\t\t\t\t\t\t\t<img decoding=\"async\" class=\"wpucv-image-responsive\" src=\"https:\/\/dziedzictwopolonii.pl\/portal\/wp-content\/uploads\/2022\/12\/FILIPOWICZ-POLANSKA-katarzyna-360x240.jpg\" srcset=\"https:\/\/dziedzictwopolonii.pl\/portal\/wp-content\/uploads\/2022\/12\/FILIPOWICZ-POLANSKA-katarzyna-360x240.jpg 360w, https:\/\/dziedzictwopolonii.pl\/portal\/wp-content\/uploads\/2022\/12\/FILIPOWICZ-POLANSKA-katarzyna-600x400.jpg 600w\" sizes=\"(max-width: 639px) 600w, (min-width: 640px) 360w\" title=\"Filipowicz-Pola\u0144ska Katarzyna Hanna\" alt=\"Filipowicz-Pola\u0144ska Katarzyna Hanna\" itemprop=\"image\">\n\t\t\t\t\t\t\t<\/a>\n\t\t\t<h2 class=\"wpucv-post-title\" itemprop=\"name headline\">\n\t\t\t\t<a href=\"https:\/\/dziedzictwopolonii.pl\/portal\/filipowicz-polanska-katarzyna-hanna\/\">Filipowicz-Pola\u0144ska Katarzyna Hanna<\/a>\n\t\t\t<\/h2>\n\t\t\t\n\t\t\t<div class=\"wpucv-post-meta\"><a href=\"https:\/\/dziedzictwopolonii.pl\/portal\/author\/redakcja\/\" title=\"Wpisy od Redakcja\">Redakcja<\/a>&nbsp;|&nbsp;<time datetime=\"2022-12-21\">21 grudnia 2022<\/time><\/div>\t\t\t\n\t\t\t<p class=\"wpucv-excerpt\">POBIERZ PDF(Ur. w 1920 r., w Warszawie, zm. w 2002 r., w Kopenhadze), lekarz ginekolog po\u0142o\u017cnik, dzia\u0142aczka spo\u0142eczna. Wykszta\u0142cenie: studia&hellip;<\/p>\t\t<\/article>\n\t\t\t\t\t\t\t\t\n\t\t\t\t<article id=\"post-3670\" class=\"cell small-12 medium-6 large-4\" itemscope itemtype=\"http:\/\/schema.org\/Article\">\n\t\t\t<a class=\"wpucv-image-link-wrapper\" href=\"https:\/\/dziedzictwopolonii.pl\/portal\/fronczak-franciszek-eustachy\/\" title=\"Fronczak Franciszek Eustachy\">\n\t\t\t\t\t\t\t<img decoding=\"async\" class=\"wpucv-image-responsive\" src=\"https:\/\/dziedzictwopolonii.pl\/portal\/wp-content\/uploads\/2022\/12\/Kopia-001_NOPIC-360x240.jpg\" srcset=\"https:\/\/dziedzictwopolonii.pl\/portal\/wp-content\/uploads\/2022\/12\/Kopia-001_NOPIC-360x240.jpg 360w, https:\/\/dziedzictwopolonii.pl\/portal\/wp-content\/uploads\/2022\/12\/Kopia-001_NOPIC-600x400.jpg 600w\" sizes=\"(max-width: 639px) 600w, (min-width: 640px) 360w\" title=\"Fronczak Franciszek Eustachy\" alt=\"Fronczak Franciszek Eustachy\" itemprop=\"image\">\n\t\t\t\t\t\t\t<\/a>\n\t\t\t<h2 class=\"wpucv-post-title\" itemprop=\"name headline\">\n\t\t\t\t<a href=\"https:\/\/dziedzictwopolonii.pl\/portal\/fronczak-franciszek-eustachy\/\">Fronczak Franciszek Eustachy<\/a>\n\t\t\t<\/h2>\n\t\t\t\n\t\t\t<div class=\"wpucv-post-meta\"><a href=\"https:\/\/dziedzictwopolonii.pl\/portal\/author\/redakcja\/\" title=\"Wpisy od Redakcja\">Redakcja<\/a>&nbsp;|&nbsp;<time datetime=\"2022-12-21\">21 grudnia 2022<\/time><\/div>\t\t\t\n\t\t\t<p class=\"wpucv-excerpt\">POBIERZ PDF(1874 Buffalo \u2013 po 1933 USA), lekarz chirurg, dzia\u0142acz polonijny. W 1896 wybrany pos\u0142em do legislatury stanowej w Nowym&hellip;<\/p>\t\t<\/article>\n\t\t\t\t\t\t\t\t\n\t\t\t\t<article id=\"post-3672\" class=\"cell small-12 medium-6 large-4\" itemscope itemtype=\"http:\/\/schema.org\/Article\">\n\t\t\t<a class=\"wpucv-image-link-wrapper\" href=\"https:\/\/dziedzictwopolonii.pl\/portal\/galezowski-jean\/\" title=\"Galezowski Jean\">\n\t\t\t\t\t\t\t<img decoding=\"async\" class=\"wpucv-image-responsive\" src=\"https:\/\/dziedzictwopolonii.pl\/portal\/wp-content\/uploads\/2022\/12\/Kopia-001_NOPIC-360x240.jpg\" srcset=\"https:\/\/dziedzictwopolonii.pl\/portal\/wp-content\/uploads\/2022\/12\/Kopia-001_NOPIC-360x240.jpg 360w, https:\/\/dziedzictwopolonii.pl\/portal\/wp-content\/uploads\/2022\/12\/Kopia-001_NOPIC-600x400.jpg 600w\" sizes=\"(max-width: 639px) 600w, (min-width: 640px) 360w\" title=\"Galezowski Jean\" alt=\"Galezowski Jean\" itemprop=\"image\">\n\t\t\t\t\t\t\t<\/a>\n\t\t\t<h2 class=\"wpucv-post-title\" itemprop=\"name headline\">\n\t\t\t\t<a href=\"https:\/\/dziedzictwopolonii.pl\/portal\/galezowski-jean\/\">Galezowski Jean<\/a>\n\t\t\t<\/h2>\n\t\t\t\n\t\t\t<div class=\"wpucv-post-meta\"><a href=\"https:\/\/dziedzictwopolonii.pl\/portal\/author\/redakcja\/\" title=\"Wpisy od Redakcja\">Redakcja<\/a>&nbsp;|&nbsp;<time datetime=\"2022-12-21\">21 grudnia 2022<\/time><\/div>\t\t\t\n\t\t\t<p class=\"wpucv-excerpt\">POBIERZ PDF(1877 \u2013 1937 Pary\u017c), lekarz okulista. Prowadzi\u0142 praktyk\u0119 lekarsk\u0105 w Pary\u017cu. Prezes zarz\u0105du Szko\u0142y Polskiej na Batignolles. Odznaczenia: Legia&hellip;<\/p>\t\t<\/article>\n\t\t\t\t\t\t\t\t\n\t\t\t\t<article id=\"post-3674\" class=\"cell small-12 medium-6 large-4\" itemscope itemtype=\"http:\/\/schema.org\/Article\">\n\t\t\t<a class=\"wpucv-image-link-wrapper\" href=\"https:\/\/dziedzictwopolonii.pl\/portal\/galezowski-ksawery\/\" title=\"Ga\u0142\u0119zowski Ksawery\">\n\t\t\t\t\t\t\t<img decoding=\"async\" class=\"wpucv-image-responsive\" src=\"https:\/\/dziedzictwopolonii.pl\/portal\/wp-content\/uploads\/2022\/12\/GALEZOWSKI-Ksawery-360x240.jpg\" srcset=\"https:\/\/dziedzictwopolonii.pl\/portal\/wp-content\/uploads\/2022\/12\/GALEZOWSKI-Ksawery-360x240.jpg 360w, https:\/\/dziedzictwopolonii.pl\/portal\/wp-content\/uploads\/2022\/12\/GALEZOWSKI-Ksawery-600x400.jpg 600w\" sizes=\"(max-width: 639px) 600w, (min-width: 640px) 360w\" title=\"Ga\u0142\u0119zowski Ksawery\" alt=\"Ga\u0142\u0119zowski Ksawery\" itemprop=\"image\">\n\t\t\t\t\t\t\t<\/a>\n\t\t\t<h2 class=\"wpucv-post-title\" itemprop=\"name headline\">\n\t\t\t\t<a href=\"https:\/\/dziedzictwopolonii.pl\/portal\/galezowski-ksawery\/\">Ga\u0142\u0119zowski Ksawery<\/a>\n\t\t\t<\/h2>\n\t\t\t\n\t\t\t<div class=\"wpucv-post-meta\"><a href=\"https:\/\/dziedzictwopolonii.pl\/portal\/author\/redakcja\/\" title=\"Wpisy od Redakcja\">Redakcja<\/a>&nbsp;|&nbsp;<time datetime=\"2022-12-21\">21 grudnia 2022<\/time><\/div>\t\t\t\n\t\t\t<p class=\"wpucv-excerpt\">POBIERZ PDF(1832 Lipowiec, Ukraina \u2013 1907 Pary\u017c), lekarz okulista. Wykszta\u0142cenie: studia medyczne w Akademii Medyko-Chirurgicznej w Petersburgu zako\u0144czone doktoratem z&hellip;<\/p>\t\t<\/article>\n\t\t\t\t\t\t\t\t\n\t\t\t\t<article id=\"post-3676\" class=\"cell small-12 medium-6 large-4\" itemscope itemtype=\"http:\/\/schema.org\/Article\">\n\t\t\t<a class=\"wpucv-image-link-wrapper\" href=\"https:\/\/dziedzictwopolonii.pl\/portal\/galezowski-seweryn\/\" title=\"Ga\u0142\u0119zowski Seweryn\">\n\t\t\t\t\t\t\t<img decoding=\"async\" class=\"wpucv-image-responsive\" src=\"https:\/\/dziedzictwopolonii.pl\/portal\/wp-content\/uploads\/2022\/12\/GALEZOWSKI-Seweryn-360x240.jpg\" srcset=\"https:\/\/dziedzictwopolonii.pl\/portal\/wp-content\/uploads\/2022\/12\/GALEZOWSKI-Seweryn-360x240.jpg 360w, https:\/\/dziedzictwopolonii.pl\/portal\/wp-content\/uploads\/2022\/12\/GALEZOWSKI-Seweryn-600x400.jpg 600w\" sizes=\"(max-width: 639px) 600w, (min-width: 640px) 360w\" title=\"Ga\u0142\u0119zowski Seweryn\" alt=\"Ga\u0142\u0119zowski Seweryn\" itemprop=\"image\">\n\t\t\t\t\t\t\t<\/a>\n\t\t\t<h2 class=\"wpucv-post-title\" itemprop=\"name headline\">\n\t\t\t\t<a href=\"https:\/\/dziedzictwopolonii.pl\/portal\/galezowski-seweryn\/\">Ga\u0142\u0119zowski Seweryn<\/a>\n\t\t\t<\/h2>\n\t\t\t\n\t\t\t<div class=\"wpucv-post-meta\"><a href=\"https:\/\/dziedzictwopolonii.pl\/portal\/author\/redakcja\/\" title=\"Wpisy od Redakcja\">Redakcja<\/a>&nbsp;|&nbsp;<time datetime=\"2022-12-21\">21 grudnia 2022<\/time><\/div>\t\t\t\n\t\t\t<p class=\"wpucv-excerpt\">POBIERZ PDF(1801 wie\u015b Knia\u017ca Krynica k. Lipowca, Ukraina \u2013 1878 Pary\u017c), lekarz chirurg. Wykszta\u0142cenie: studia medyczne i doktorat na Uniwersytecie&hellip;<\/p>\t\t<\/article>\n\t\t\t\t\t\t\t\t\n\t\t\t\t<article id=\"post-3678\" class=\"cell small-12 medium-6 large-4\" itemscope itemtype=\"http:\/\/schema.org\/Article\">\n\t\t\t<a class=\"wpucv-image-link-wrapper\" href=\"https:\/\/dziedzictwopolonii.pl\/portal\/giedroyc-juraha-wladyslaw\/\" title=\"Giedroy\u0107-Juraha W\u0142adys\u0142aw\">\n\t\t\t\t\t\t\t<img decoding=\"async\" class=\"wpucv-image-responsive\" src=\"https:\/\/dziedzictwopolonii.pl\/portal\/wp-content\/uploads\/2022\/12\/Kopia-001_NOPIC-360x240.jpg\" srcset=\"https:\/\/dziedzictwopolonii.pl\/portal\/wp-content\/uploads\/2022\/12\/Kopia-001_NOPIC-360x240.jpg 360w, https:\/\/dziedzictwopolonii.pl\/portal\/wp-content\/uploads\/2022\/12\/Kopia-001_NOPIC-600x400.jpg 600w\" sizes=\"(max-width: 639px) 600w, (min-width: 640px) 360w\" title=\"Giedroy\u0107-Juraha W\u0142adys\u0142aw\" alt=\"Giedroy\u0107-Juraha W\u0142adys\u0142aw\" itemprop=\"image\">\n\t\t\t\t\t\t\t<\/a>\n\t\t\t<h2 class=\"wpucv-post-title\" itemprop=\"name headline\">\n\t\t\t\t<a href=\"https:\/\/dziedzictwopolonii.pl\/portal\/giedroyc-juraha-wladyslaw\/\">Giedroy\u0107-Juraha W\u0142adys\u0142aw<\/a>\n\t\t\t<\/h2>\n\t\t\t\n\t\t\t<div class=\"wpucv-post-meta\"><a href=\"https:\/\/dziedzictwopolonii.pl\/portal\/author\/redakcja\/\" title=\"Wpisy od Redakcja\">Redakcja<\/a>&nbsp;|&nbsp;<time datetime=\"2022-12-21\">21 grudnia 2022<\/time><\/div>\t\t\t\n\t\t\t<p class=\"wpucv-excerpt\">POBIERZ PDF(1870 Horodek Niski, gub. mi\u0144ska \u2013 1938 Gdynia), lekarz pediatra. Wykszta\u0142cenie: studia medyczne na Uniwersytecie Moskiewskim. Lekarz pediatra praktykuj\u0105cy&hellip;<\/p>\t\t<\/article>\n\t\t\t\t\t\t\t\t\n\t\t\t\t<article id=\"post-3680\" class=\"cell small-12 medium-6 large-4\" itemscope itemtype=\"http:\/\/schema.org\/Article\">\n\t\t\t<a class=\"wpucv-image-link-wrapper\" href=\"https:\/\/dziedzictwopolonii.pl\/portal\/gierszynski-henryk\/\" title=\"Gierszy\u0144ski Henryk\">\n\t\t\t\t\t\t\t<img decoding=\"async\" class=\"wpucv-image-responsive\" src=\"https:\/\/dziedzictwopolonii.pl\/portal\/wp-content\/uploads\/2022\/12\/GIERSZYNSKI-Henryk-360x240.jpg\" srcset=\"https:\/\/dziedzictwopolonii.pl\/portal\/wp-content\/uploads\/2022\/12\/GIERSZYNSKI-Henryk-360x240.jpg 360w, https:\/\/dziedzictwopolonii.pl\/portal\/wp-content\/uploads\/2022\/12\/GIERSZYNSKI-Henryk-600x400.jpg 600w\" sizes=\"(max-width: 639px) 600w, (min-width: 640px) 360w\" title=\"Gierszy\u0144ski Henryk\" alt=\"Gierszy\u0144ski Henryk\" itemprop=\"image\">\n\t\t\t\t\t\t\t<\/a>\n\t\t\t<h2 class=\"wpucv-post-title\" itemprop=\"name headline\">\n\t\t\t\t<a href=\"https:\/\/dziedzictwopolonii.pl\/portal\/gierszynski-henryk\/\">Gierszy\u0144ski Henryk<\/a>\n\t\t\t<\/h2>\n\t\t\t\n\t\t\t<div class=\"wpucv-post-meta\"><a href=\"https:\/\/dziedzictwopolonii.pl\/portal\/author\/redakcja\/\" title=\"Wpisy od Redakcja\">Redakcja<\/a>&nbsp;|&nbsp;<time datetime=\"2022-12-21\">21 grudnia 2022<\/time><\/div>\t\t\t\n\t\t\t<p class=\"wpucv-excerpt\">POBIERZ PDF(1848 Sandomierz \u2013 1930 Quarville, Francja), lekarz, dzia\u0142acz polityczny. We Francji od ok. 1864. Ochotnik w wojnie francusko-pruskiej 1870-1871.&hellip;<\/p>\t\t<\/article>\n\t\t\t\t\t\t\t\t\n\t\t\t\t<article id=\"post-3682\" class=\"cell small-12 medium-6 large-4\" itemscope itemtype=\"http:\/\/schema.org\/Article\">\n\t\t\t<a class=\"wpucv-image-link-wrapper\" href=\"https:\/\/dziedzictwopolonii.pl\/portal\/golebiowski-adam-kazimierz\/\" title=\"Go\u0142\u0119biowski Adam Kazimierz\">\n\t\t\t\t\t\t\t<img decoding=\"async\" class=\"wpucv-image-responsive\" src=\"https:\/\/dziedzictwopolonii.pl\/portal\/wp-content\/uploads\/2022\/12\/Kopia-001_NOPIC-360x240.jpg\" srcset=\"https:\/\/dziedzictwopolonii.pl\/portal\/wp-content\/uploads\/2022\/12\/Kopia-001_NOPIC-360x240.jpg 360w, https:\/\/dziedzictwopolonii.pl\/portal\/wp-content\/uploads\/2022\/12\/Kopia-001_NOPIC-600x400.jpg 600w\" sizes=\"(max-width: 639px) 600w, (min-width: 640px) 360w\" title=\"Go\u0142\u0119biowski Adam Kazimierz\" alt=\"Go\u0142\u0119biowski Adam Kazimierz\" itemprop=\"image\">\n\t\t\t\t\t\t\t<\/a>\n\t\t\t<h2 class=\"wpucv-post-title\" itemprop=\"name headline\">\n\t\t\t\t<a href=\"https:\/\/dziedzictwopolonii.pl\/portal\/golebiowski-adam-kazimierz\/\">Go\u0142\u0119biowski Adam Kazimierz<\/a>\n\t\t\t<\/h2>\n\t\t\t\n\t\t\t<div class=\"wpucv-post-meta\"><a href=\"https:\/\/dziedzictwopolonii.pl\/portal\/author\/redakcja\/\" title=\"Wpisy od Redakcja\">Redakcja<\/a>&nbsp;|&nbsp;<time datetime=\"2022-12-21\">21 grudnia 2022<\/time><\/div>\t\t\t\n\t\t\t<p class=\"wpucv-excerpt\">POBIERZ PDF(1914 Radziech\u00f3w \u2013 1998 Wielka Brytania), lekarz chirurg. Wykszta\u0142cenie: studia medyczne na Uniwersytecie Jana Kazimierza we Lwowie. W Wielkiej&hellip;<\/p>\t\t<\/article>\n\t\t\t\t\t\t\t\t\n\t\t\t\t<article id=\"post-3684\" class=\"cell small-12 medium-6 large-4\" itemscope itemtype=\"http:\/\/schema.org\/Article\">\n\t\t\t<a class=\"wpucv-image-link-wrapper\" href=\"https:\/\/dziedzictwopolonii.pl\/portal\/gorecki-przemyslaw\/\" title=\"G\u00f3recki Przemys\u0142aw\">\n\t\t\t\t\t\t\t<img decoding=\"async\" class=\"wpucv-image-responsive\" src=\"https:\/\/dziedzictwopolonii.pl\/portal\/wp-content\/uploads\/2022\/12\/GORECKI-Przemyslaw-360x240.jpg\" srcset=\"https:\/\/dziedzictwopolonii.pl\/portal\/wp-content\/uploads\/2022\/12\/GORECKI-Przemyslaw-360x240.jpg 360w, https:\/\/dziedzictwopolonii.pl\/portal\/wp-content\/uploads\/2022\/12\/GORECKI-Przemyslaw-600x400.jpg 600w\" sizes=\"(max-width: 639px) 600w, (min-width: 640px) 360w\" title=\"G\u00f3recki Przemys\u0142aw\" alt=\"G\u00f3recki Przemys\u0142aw\" itemprop=\"image\">\n\t\t\t\t\t\t\t<\/a>\n\t\t\t<h2 class=\"wpucv-post-title\" itemprop=\"name headline\">\n\t\t\t\t<a href=\"https:\/\/dziedzictwopolonii.pl\/portal\/gorecki-przemyslaw\/\">G\u00f3recki Przemys\u0142aw<\/a>\n\t\t\t<\/h2>\n\t\t\t\n\t\t\t<div class=\"wpucv-post-meta\"><a href=\"https:\/\/dziedzictwopolonii.pl\/portal\/author\/redakcja\/\" title=\"Wpisy od Redakcja\">Redakcja<\/a>&nbsp;|&nbsp;<time datetime=\"2022-12-21\">21 grudnia 2022<\/time><\/div>\t\t\t\n\t\t\t<p class=\"wpucv-excerpt\">POBIERZ PDF(1921 Pozna\u0144 \u2013 1997 Bruksela), lekarz chirurg i kardiochirurg. Wykszta\u0142cenie: studia medyczne na uniwersytecie w Louvain (Belgia). Lekarz w&hellip;<\/p>\t\t<\/article>\n\t\t\t\t\t\t\t\t\n\t\t\t\t<article id=\"post-3686\" class=\"cell small-12 medium-6 large-4\" itemscope itemtype=\"http:\/\/schema.org\/Article\">\n\t\t\t<a class=\"wpucv-image-link-wrapper\" href=\"https:\/\/dziedzictwopolonii.pl\/portal\/greuve-karol\/\" title=\"Greuv\u00e9 Karol\">\n\t\t\t\t\t\t\t<img decoding=\"async\" class=\"wpucv-image-responsive\" src=\"https:\/\/dziedzictwopolonii.pl\/portal\/wp-content\/uploads\/2022\/12\/Kopia-001_NOPIC-360x240.jpg\" srcset=\"https:\/\/dziedzictwopolonii.pl\/portal\/wp-content\/uploads\/2022\/12\/Kopia-001_NOPIC-360x240.jpg 360w, https:\/\/dziedzictwopolonii.pl\/portal\/wp-content\/uploads\/2022\/12\/Kopia-001_NOPIC-600x400.jpg 600w\" sizes=\"(max-width: 639px) 600w, (min-width: 640px) 360w\" title=\"Greuv\u00e9 Karol\" alt=\"Greuv\u00e9 Karol\" itemprop=\"image\">\n\t\t\t\t\t\t\t<\/a>\n\t\t\t<h2 class=\"wpucv-post-title\" itemprop=\"name headline\">\n\t\t\t\t<a href=\"https:\/\/dziedzictwopolonii.pl\/portal\/greuve-karol\/\">Greuv\u00e9 Karol<\/a>\n\t\t\t<\/h2>\n\t\t\t\n\t\t\t<div class=\"wpucv-post-meta\"><a href=\"https:\/\/dziedzictwopolonii.pl\/portal\/author\/redakcja\/\" title=\"Wpisy od Redakcja\">Redakcja<\/a>&nbsp;|&nbsp;<time datetime=\"2022-12-21\">21 grudnia 2022<\/time><\/div>\t\t\t\n\t\t\t<p class=\"wpucv-excerpt\">POBIERZ PDF(1809 Warszawa \u2013 1858 Montrouge, Francja), lekarz og\u00f3lny. We Francji od 1832. Wykszta\u0142cenie: studia medyczne i doktorat na uniwersytecie&hellip;<\/p>\t\t<\/article>\n\t\t\t\t\t\t\t\t\n\t\t\t\t<article id=\"post-3688\" class=\"cell small-12 medium-6 large-4\" itemscope itemtype=\"http:\/\/schema.org\/Article\">\n\t\t\t<a class=\"wpucv-image-link-wrapper\" href=\"https:\/\/dziedzictwopolonii.pl\/portal\/haidasz-stanley\/\" title=\"Haidasz Stanley\">\n\t\t\t\t\t\t\t<img decoding=\"async\" class=\"wpucv-image-responsive\" src=\"https:\/\/dziedzictwopolonii.pl\/portal\/wp-content\/uploads\/2022\/12\/HAIDASZ-Stanley-360x240.jpg\" srcset=\"https:\/\/dziedzictwopolonii.pl\/portal\/wp-content\/uploads\/2022\/12\/HAIDASZ-Stanley-360x240.jpg 360w, https:\/\/dziedzictwopolonii.pl\/portal\/wp-content\/uploads\/2022\/12\/HAIDASZ-Stanley-600x400.jpg 600w\" sizes=\"(max-width: 639px) 600w, (min-width: 640px) 360w\" title=\"Haidasz Stanley\" alt=\"Haidasz Stanley\" itemprop=\"image\">\n\t\t\t\t\t\t\t<\/a>\n\t\t\t<h2 class=\"wpucv-post-title\" itemprop=\"name headline\">\n\t\t\t\t<a href=\"https:\/\/dziedzictwopolonii.pl\/portal\/haidasz-stanley\/\">Haidasz Stanley<\/a>\n\t\t\t<\/h2>\n\t\t\t\n\t\t\t<div class=\"wpucv-post-meta\"><a href=\"https:\/\/dziedzictwopolonii.pl\/portal\/author\/redakcja\/\" title=\"Wpisy od Redakcja\">Redakcja<\/a>&nbsp;|&nbsp;<time datetime=\"2022-12-21\">21 grudnia 2022<\/time><\/div>\t\t\t\n\t\t\t<p class=\"wpucv-excerpt\">POBIERZ PDF(1923 Toronto \u2013 2009 Toronto), polityk, senator, lekarz. Wykszta\u0142cenie: studia filozoficzne i podyplomowe z filozofii na uniwersytecie w Ottawie,&hellip;<\/p>\t\t<\/article>\n\t\t\t\t\t\t\t\t\n\t\t\t\t<article id=\"post-3690\" class=\"cell small-12 medium-6 large-4\" itemscope itemtype=\"http:\/\/schema.org\/Article\">\n\t\t\t<a class=\"wpucv-image-link-wrapper\" href=\"https:\/\/dziedzictwopolonii.pl\/portal\/henszel-konstanty\/\" title=\"Henszel Konstanty\">\n\t\t\t\t\t\t\t<img decoding=\"async\" class=\"wpucv-image-responsive\" src=\"https:\/\/dziedzictwopolonii.pl\/portal\/wp-content\/uploads\/2022\/12\/Kopia-001_NOPIC-360x240.jpg\" srcset=\"https:\/\/dziedzictwopolonii.pl\/portal\/wp-content\/uploads\/2022\/12\/Kopia-001_NOPIC-360x240.jpg 360w, https:\/\/dziedzictwopolonii.pl\/portal\/wp-content\/uploads\/2022\/12\/Kopia-001_NOPIC-600x400.jpg 600w\" sizes=\"(max-width: 639px) 600w, (min-width: 640px) 360w\" title=\"Henszel Konstanty\" alt=\"Henszel Konstanty\" itemprop=\"image\">\n\t\t\t\t\t\t\t<\/a>\n\t\t\t<h2 class=\"wpucv-post-title\" itemprop=\"name headline\">\n\t\t\t\t<a href=\"https:\/\/dziedzictwopolonii.pl\/portal\/henszel-konstanty\/\">Henszel Konstanty<\/a>\n\t\t\t<\/h2>\n\t\t\t\n\t\t\t<div class=\"wpucv-post-meta\"><a href=\"https:\/\/dziedzictwopolonii.pl\/portal\/author\/redakcja\/\" title=\"Wpisy od Redakcja\">Redakcja<\/a>&nbsp;|&nbsp;<time datetime=\"2022-12-21\">21 grudnia 2022<\/time><\/div>\t\t\t\n\t\t\t<p class=\"wpucv-excerpt\">POBIERZ PDF(1841 Mi\u0142ki, pow. dzi\u015bnie\u0144ski \u2013 1903 Pary\u017c), lekarz chirurg, dzia\u0142acz narodowy. We Francji od 1863. Wykszta\u0142cenie: studia medyczne i&hellip;<\/p>\t\t<\/article>\n\t\t\t\t\t\t\t\t\n\t\t\t\t<article id=\"post-3692\" class=\"cell small-12 medium-6 large-4\" itemscope itemtype=\"http:\/\/schema.org\/Article\">\n\t\t\t<a class=\"wpucv-image-link-wrapper\" href=\"https:\/\/dziedzictwopolonii.pl\/portal\/hlasek-wladyslaw\/\" title=\"H\u0142asek W\u0142adys\u0142aw\">\n\t\t\t\t\t\t\t<img decoding=\"async\" class=\"wpucv-image-responsive\" src=\"https:\/\/dziedzictwopolonii.pl\/portal\/wp-content\/uploads\/2022\/12\/Kopia-001_NOPIC-360x240.jpg\" srcset=\"https:\/\/dziedzictwopolonii.pl\/portal\/wp-content\/uploads\/2022\/12\/Kopia-001_NOPIC-360x240.jpg 360w, https:\/\/dziedzictwopolonii.pl\/portal\/wp-content\/uploads\/2022\/12\/Kopia-001_NOPIC-600x400.jpg 600w\" sizes=\"(max-width: 639px) 600w, (min-width: 640px) 360w\" title=\"H\u0142asek W\u0142adys\u0142aw\" alt=\"H\u0142asek W\u0142adys\u0142aw\" itemprop=\"image\">\n\t\t\t\t\t\t\t<\/a>\n\t\t\t<h2 class=\"wpucv-post-title\" itemprop=\"name headline\">\n\t\t\t\t<a href=\"https:\/\/dziedzictwopolonii.pl\/portal\/hlasek-wladyslaw\/\">H\u0142asek W\u0142adys\u0142aw<\/a>\n\t\t\t<\/h2>\n\t\t\t\n\t\t\t<div class=\"wpucv-post-meta\"><a href=\"https:\/\/dziedzictwopolonii.pl\/portal\/author\/redakcja\/\" title=\"Wpisy od Redakcja\">Redakcja<\/a>&nbsp;|&nbsp;<time datetime=\"2022-12-21\">21 grudnia 2022<\/time><\/div>\t\t\t\n\t\t\t<p class=\"wpucv-excerpt\">POBIERZ PDF(1869 Kupiel, Wo\u0142y\u0144 \u2013 1923 Lublin), lekarz ginekolog-po\u0142o\u017cnik. Wykszta\u0142cenie: studia medyczne na Uniwersytecie Kijowskim. Za\u0142o\u017cyciel zak\u0142adu ginekologiczno-po\u0142o\u017cniczego w Mohylewie&hellip;<\/p>\t\t<\/article>\n\t\t\t\t\t\t\t\t\n\t\t\t\t<article id=\"post-3694\" class=\"cell small-12 medium-6 large-4\" itemscope itemtype=\"http:\/\/schema.org\/Article\">\n\t\t\t<a class=\"wpucv-image-link-wrapper\" href=\"https:\/\/dziedzictwopolonii.pl\/portal\/hluszniewicz-antoni\/\" title=\"H\u0142uszniewicz Antoni\">\n\t\t\t\t\t\t\t<img decoding=\"async\" class=\"wpucv-image-responsive\" src=\"https:\/\/dziedzictwopolonii.pl\/portal\/wp-content\/uploads\/2022\/12\/Kopia-001_NOPIC-360x240.jpg\" srcset=\"https:\/\/dziedzictwopolonii.pl\/portal\/wp-content\/uploads\/2022\/12\/Kopia-001_NOPIC-360x240.jpg 360w, https:\/\/dziedzictwopolonii.pl\/portal\/wp-content\/uploads\/2022\/12\/Kopia-001_NOPIC-600x400.jpg 600w\" sizes=\"(max-width: 639px) 600w, (min-width: 640px) 360w\" title=\"H\u0142uszniewicz Antoni\" alt=\"H\u0142uszniewicz Antoni\" itemprop=\"image\">\n\t\t\t\t\t\t\t<\/a>\n\t\t\t<h2 class=\"wpucv-post-title\" itemprop=\"name headline\">\n\t\t\t\t<a href=\"https:\/\/dziedzictwopolonii.pl\/portal\/hluszniewicz-antoni\/\">H\u0142uszniewicz Antoni<\/a>\n\t\t\t<\/h2>\n\t\t\t\n\t\t\t<div class=\"wpucv-post-meta\"><a href=\"https:\/\/dziedzictwopolonii.pl\/portal\/author\/redakcja\/\" title=\"Wpisy od Redakcja\">Redakcja<\/a>&nbsp;|&nbsp;<time datetime=\"2022-12-21\">21 grudnia 2022<\/time><\/div>\t\t\t\n\t\t\t<p class=\"wpucv-excerpt\">POBIERZ PDF(1793 Wilno \u2013 1861 Pary\u017c), lekarz og\u00f3lny, dzia\u0142acz emigracyjny. We Francji od 1831. Lekarz Szko\u0142y Polskiej w Pary\u017cu. Dzia\u0142acz:Komitetu&hellip;<\/p>\t\t<\/article>\n\t\t\t\t\t\t\t\t\n\t\t\t\t<article id=\"post-3696\" class=\"cell small-12 medium-6 large-4\" itemscope itemtype=\"http:\/\/schema.org\/Article\">\n\t\t\t<a class=\"wpucv-image-link-wrapper\" href=\"https:\/\/dziedzictwopolonii.pl\/portal\/hoffman-hofman-aleksander-julian\/\" title=\"Hoffman (Hofman) Aleksander Julian\">\n\t\t\t\t\t\t\t<img decoding=\"async\" class=\"wpucv-image-responsive\" src=\"https:\/\/dziedzictwopolonii.pl\/portal\/wp-content\/uploads\/2022\/12\/Kopia-001_NOPIC-360x240.jpg\" srcset=\"https:\/\/dziedzictwopolonii.pl\/portal\/wp-content\/uploads\/2022\/12\/Kopia-001_NOPIC-360x240.jpg 360w, https:\/\/dziedzictwopolonii.pl\/portal\/wp-content\/uploads\/2022\/12\/Kopia-001_NOPIC-600x400.jpg 600w\" sizes=\"(max-width: 639px) 600w, (min-width: 640px) 360w\" title=\"Hoffman (Hofman) Aleksander Julian\" alt=\"Hoffman (Hofman) Aleksander Julian\" itemprop=\"image\">\n\t\t\t\t\t\t\t<\/a>\n\t\t\t<h2 class=\"wpucv-post-title\" itemprop=\"name headline\">\n\t\t\t\t<a href=\"https:\/\/dziedzictwopolonii.pl\/portal\/hoffman-hofman-aleksander-julian\/\">Hoffman (Hofman) Aleksander Julian<\/a>\n\t\t\t<\/h2>\n\t\t\t\n\t\t\t<div class=\"wpucv-post-meta\"><a href=\"https:\/\/dziedzictwopolonii.pl\/portal\/author\/redakcja\/\" title=\"Wpisy od Redakcja\">Redakcja<\/a>&nbsp;|&nbsp;<time datetime=\"2022-12-21\">21 grudnia 2022<\/time><\/div>\t\t\t\n\t\t\t<p class=\"wpucv-excerpt\">POBIERZ PDF(1805 Nowy Dw\u00f3r k. Warszawy \u2013 1867 \u015arem), lekarz internista. Wykszta\u0142cenie: studia medyczne na Uniwersytecie Warszawskim oraz doktorat na&hellip;<\/p>\t\t<\/article>\n\t\t\t\t\t\t\t\t\n\t\t\t\t<article id=\"post-3698\" class=\"cell small-12 medium-6 large-4\" itemscope itemtype=\"http:\/\/schema.org\/Article\">\n\t\t\t<a class=\"wpucv-image-link-wrapper\" href=\"https:\/\/dziedzictwopolonii.pl\/portal\/horoszewicz-juliusz-stanislaw\/\" title=\"Horoszewicz Juliusz Stanis\u0142aw\">\n\t\t\t\t\t\t\t<img decoding=\"async\" class=\"wpucv-image-responsive\" src=\"https:\/\/dziedzictwopolonii.pl\/portal\/wp-content\/uploads\/2022\/12\/HOROSZEWICZ-Juliusz-360x240.jpg\" srcset=\"https:\/\/dziedzictwopolonii.pl\/portal\/wp-content\/uploads\/2022\/12\/HOROSZEWICZ-Juliusz-360x240.jpg 360w, https:\/\/dziedzictwopolonii.pl\/portal\/wp-content\/uploads\/2022\/12\/HOROSZEWICZ-Juliusz-600x400.jpg 600w\" sizes=\"(max-width: 639px) 600w, (min-width: 640px) 360w\" title=\"Horoszewicz Juliusz Stanis\u0142aw\" alt=\"Horoszewicz Juliusz Stanis\u0142aw\" itemprop=\"image\">\n\t\t\t\t\t\t\t<\/a>\n\t\t\t<h2 class=\"wpucv-post-title\" itemprop=\"name headline\">\n\t\t\t\t<a href=\"https:\/\/dziedzictwopolonii.pl\/portal\/horoszewicz-juliusz-stanislaw\/\">Horoszewicz Juliusz Stanis\u0142aw<\/a>\n\t\t\t<\/h2>\n\t\t\t\n\t\t\t<div class=\"wpucv-post-meta\"><a href=\"https:\/\/dziedzictwopolonii.pl\/portal\/author\/redakcja\/\" title=\"Wpisy od Redakcja\">Redakcja<\/a>&nbsp;|&nbsp;<time datetime=\"2022-12-21\">21 grudnia 2022<\/time><\/div>\t\t\t\n\t\t\t<p class=\"wpucv-excerpt\">POBIERZ PDF(1931 Warszawa &#8211; 2015 Barry\u2019s Bay, Kanada), lekarz onkolog. W USA od 1961. Wykszta\u0142cenie: studia medyczne na Uniwersytecie \u0141\u00f3dzkim&hellip;<\/p>\t\t<\/article>\n\t\t\t\t\t\t\t\t\n\t\t\t\t<article id=\"post-3700\" class=\"cell small-12 medium-6 large-4\" itemscope itemtype=\"http:\/\/schema.org\/Article\">\n\t\t\t<a class=\"wpucv-image-link-wrapper\" href=\"https:\/\/dziedzictwopolonii.pl\/portal\/jablonski-jozef-aleksander\/\" title=\"Jab\u0142o\u0144ski J\u00f3zef Aleksander\">\n\t\t\t\t\t\t\t<img decoding=\"async\" class=\"wpucv-image-responsive\" src=\"https:\/\/dziedzictwopolonii.pl\/portal\/wp-content\/uploads\/2022\/12\/Kopia-001_NOPIC-360x240.jpg\" srcset=\"https:\/\/dziedzictwopolonii.pl\/portal\/wp-content\/uploads\/2022\/12\/Kopia-001_NOPIC-360x240.jpg 360w, https:\/\/dziedzictwopolonii.pl\/portal\/wp-content\/uploads\/2022\/12\/Kopia-001_NOPIC-600x400.jpg 600w\" sizes=\"(max-width: 639px) 600w, (min-width: 640px) 360w\" title=\"Jab\u0142o\u0144ski J\u00f3zef Aleksander\" alt=\"Jab\u0142o\u0144ski J\u00f3zef Aleksander\" itemprop=\"image\">\n\t\t\t\t\t\t\t<\/a>\n\t\t\t<h2 class=\"wpucv-post-title\" itemprop=\"name headline\">\n\t\t\t\t<a href=\"https:\/\/dziedzictwopolonii.pl\/portal\/jablonski-jozef-aleksander\/\">Jab\u0142o\u0144ski J\u00f3zef Aleksander<\/a>\n\t\t\t<\/h2>\n\t\t\t\n\t\t\t<div class=\"wpucv-post-meta\"><a href=\"https:\/\/dziedzictwopolonii.pl\/portal\/author\/redakcja\/\" title=\"Wpisy od Redakcja\">Redakcja<\/a>&nbsp;|&nbsp;<time datetime=\"2022-12-21\">21 grudnia 2022<\/time><\/div>\t\t\t\n\t\t\t<p class=\"wpucv-excerpt\">POBIERZ PDF(1814 Warszawa \u2013 1893 Ligug\u00e9, Francja), lekarz, dzia\u0142acz polityczny. Wykszta\u0142cenie: studia medyczne na Uniwersytecie Paryskim. Cz\u0142onek Towarzystwa Demokratycznego Polskiego&hellip;<\/p>\t\t<\/article>\n\t\t\t\t\t\t\t\t\n\t\t\t\t<article id=\"post-3702\" class=\"cell small-12 medium-6 large-4\" itemscope itemtype=\"http:\/\/schema.org\/Article\">\n\t\t\t<a class=\"wpucv-image-link-wrapper\" href=\"https:\/\/dziedzictwopolonii.pl\/portal\/jaholkowski-piotr-stanislaw\/\" title=\"Jaho\u0142kowski Piotr Stanis\u0142aw\">\n\t\t\t\t\t\t\t<img decoding=\"async\" class=\"wpucv-image-responsive\" src=\"https:\/\/dziedzictwopolonii.pl\/portal\/wp-content\/uploads\/2022\/12\/Kopia-001_NOPIC-360x240.jpg\" srcset=\"https:\/\/dziedzictwopolonii.pl\/portal\/wp-content\/uploads\/2022\/12\/Kopia-001_NOPIC-360x240.jpg 360w, https:\/\/dziedzictwopolonii.pl\/portal\/wp-content\/uploads\/2022\/12\/Kopia-001_NOPIC-600x400.jpg 600w\" sizes=\"(max-width: 639px) 600w, (min-width: 640px) 360w\" title=\"Jaho\u0142kowski Piotr Stanis\u0142aw\" alt=\"Jaho\u0142kowski Piotr Stanis\u0142aw\" itemprop=\"image\">\n\t\t\t\t\t\t\t<\/a>\n\t\t\t<h2 class=\"wpucv-post-title\" itemprop=\"name headline\">\n\t\t\t\t<a href=\"https:\/\/dziedzictwopolonii.pl\/portal\/jaholkowski-piotr-stanislaw\/\">Jaho\u0142kowski Piotr Stanis\u0142aw<\/a>\n\t\t\t<\/h2>\n\t\t\t\n\t\t\t<div class=\"wpucv-post-meta\"><a href=\"https:\/\/dziedzictwopolonii.pl\/portal\/author\/redakcja\/\" title=\"Wpisy od Redakcja\">Redakcja<\/a>&nbsp;|&nbsp;<time datetime=\"2022-12-21\">21 grudnia 2022<\/time><\/div>\t\t\t\n\t\t\t<p class=\"wpucv-excerpt\">POBIERZ PDF(1812 wie\u015b Pe\u0142ch k. Ciechanowa \u2013 1876 Garwolin), lekarz og\u00f3lny. We Francji 1831-1859. Wykszta\u0142cenie: studia medyczne i doktorat w&hellip;<\/p>\t\t<\/article>\n\t\t\t\t\t\t\t\t\n\t\t\t\t<article id=\"post-3704\" class=\"cell small-12 medium-6 large-4\" itemscope itemtype=\"http:\/\/schema.org\/Article\">\n\t\t\t<a class=\"wpucv-image-link-wrapper\" href=\"https:\/\/dziedzictwopolonii.pl\/portal\/jakubowski-jozef\/\" title=\"Jakubowski J\u00f3zef\">\n\t\t\t\t\t\t\t<img decoding=\"async\" class=\"wpucv-image-responsive\" src=\"https:\/\/dziedzictwopolonii.pl\/portal\/wp-content\/uploads\/2022\/12\/Kopia-001_NOPIC-360x240.jpg\" srcset=\"https:\/\/dziedzictwopolonii.pl\/portal\/wp-content\/uploads\/2022\/12\/Kopia-001_NOPIC-360x240.jpg 360w, https:\/\/dziedzictwopolonii.pl\/portal\/wp-content\/uploads\/2022\/12\/Kopia-001_NOPIC-600x400.jpg 600w\" sizes=\"(max-width: 639px) 600w, (min-width: 640px) 360w\" title=\"Jakubowski J\u00f3zef\" alt=\"Jakubowski J\u00f3zef\" itemprop=\"image\">\n\t\t\t\t\t\t\t<\/a>\n\t\t\t<h2 class=\"wpucv-post-title\" itemprop=\"name headline\">\n\t\t\t\t<a href=\"https:\/\/dziedzictwopolonii.pl\/portal\/jakubowski-jozef\/\">Jakubowski J\u00f3zef<\/a>\n\t\t\t<\/h2>\n\t\t\t\n\t\t\t<div class=\"wpucv-post-meta\"><a href=\"https:\/\/dziedzictwopolonii.pl\/portal\/author\/redakcja\/\" title=\"Wpisy od Redakcja\">Redakcja<\/a>&nbsp;|&nbsp;<time datetime=\"2022-12-21\">21 grudnia 2022<\/time><\/div>\t\t\t\n\t\t\t<p class=\"wpucv-excerpt\">POBIERZ PDF(1810 Bar na Podolu \u2013 1850 Chatellerault, Francja), lekarz og\u00f3lny. We Francji od 1832. Wykszta\u0142cenie: studia medyczne na uniwersytecie&hellip;<\/p>\t\t<\/article>\n\t\t\t\t\t\t\t\t\n\t\t\t\t<article id=\"post-3706\" class=\"cell small-12 medium-6 large-4\" itemscope itemtype=\"http:\/\/schema.org\/Article\">\n\t\t\t<a class=\"wpucv-image-link-wrapper\" href=\"https:\/\/dziedzictwopolonii.pl\/portal\/jansen-janson-franciszek-stanislaw\/\" title=\"Jansen (Janson) Franciszek Stanis\u0142aw\">\n\t\t\t\t\t\t\t<img decoding=\"async\" class=\"wpucv-image-responsive\" src=\"https:\/\/dziedzictwopolonii.pl\/portal\/wp-content\/uploads\/2022\/12\/Kopia-001_NOPIC-360x240.jpg\" srcset=\"https:\/\/dziedzictwopolonii.pl\/portal\/wp-content\/uploads\/2022\/12\/Kopia-001_NOPIC-360x240.jpg 360w, https:\/\/dziedzictwopolonii.pl\/portal\/wp-content\/uploads\/2022\/12\/Kopia-001_NOPIC-600x400.jpg 600w\" sizes=\"(max-width: 639px) 600w, (min-width: 640px) 360w\" title=\"Jansen (Janson) Franciszek Stanis\u0142aw\" alt=\"Jansen (Janson) Franciszek Stanis\u0142aw\" itemprop=\"image\">\n\t\t\t\t\t\t\t<\/a>\n\t\t\t<h2 class=\"wpucv-post-title\" itemprop=\"name headline\">\n\t\t\t\t<a href=\"https:\/\/dziedzictwopolonii.pl\/portal\/jansen-janson-franciszek-stanislaw\/\">Jansen (Janson) Franciszek Stanis\u0142aw<\/a>\n\t\t\t<\/h2>\n\t\t\t\n\t\t\t<div class=\"wpucv-post-meta\"><a href=\"https:\/\/dziedzictwopolonii.pl\/portal\/author\/redakcja\/\" title=\"Wpisy od Redakcja\">Redakcja<\/a>&nbsp;|&nbsp;<time datetime=\"2022-12-21\">21 grudnia 2022<\/time><\/div>\t\t\t\n\t\t\t<p class=\"wpucv-excerpt\">POBIERZ PDF(1811 Warszawa \u2013 po 1860 Francja), lekarz og\u00f3lny, dzia\u0142acz polonijny. We Francji od 1832. Wykszta\u0142cenie: studia medyczne i doktorat&hellip;<\/p>\t\t<\/article>\n\t\t\t\t\t\t\t\t\n\t\t\t\t<article id=\"post-3708\" class=\"cell small-12 medium-6 large-4\" itemscope itemtype=\"http:\/\/schema.org\/Article\">\n\t\t\t<a class=\"wpucv-image-link-wrapper\" href=\"https:\/\/dziedzictwopolonii.pl\/portal\/jasinski-gustaw-wincenty\/\" title=\"Jasi\u0144ski Gustaw Wincenty\">\n\t\t\t\t\t\t\t<img decoding=\"async\" class=\"wpucv-image-responsive\" src=\"https:\/\/dziedzictwopolonii.pl\/portal\/wp-content\/uploads\/2022\/12\/Kopia-001_NOPIC-360x240.jpg\" srcset=\"https:\/\/dziedzictwopolonii.pl\/portal\/wp-content\/uploads\/2022\/12\/Kopia-001_NOPIC-360x240.jpg 360w, https:\/\/dziedzictwopolonii.pl\/portal\/wp-content\/uploads\/2022\/12\/Kopia-001_NOPIC-600x400.jpg 600w\" sizes=\"(max-width: 639px) 600w, (min-width: 640px) 360w\" title=\"Jasi\u0144ski Gustaw Wincenty\" alt=\"Jasi\u0144ski Gustaw Wincenty\" itemprop=\"image\">\n\t\t\t\t\t\t\t<\/a>\n\t\t\t<h2 class=\"wpucv-post-title\" itemprop=\"name headline\">\n\t\t\t\t<a href=\"https:\/\/dziedzictwopolonii.pl\/portal\/jasinski-gustaw-wincenty\/\">Jasi\u0144ski Gustaw Wincenty<\/a>\n\t\t\t<\/h2>\n\t\t\t\n\t\t\t<div class=\"wpucv-post-meta\"><a href=\"https:\/\/dziedzictwopolonii.pl\/portal\/author\/redakcja\/\" title=\"Wpisy od Redakcja\">Redakcja<\/a>&nbsp;|&nbsp;<time datetime=\"2022-12-21\">21 grudnia 2022<\/time><\/div>\t\t\t\n\t\t\t<p class=\"wpucv-excerpt\">POBIERZ PDF(1863 Z\u0105bk\u00f3w k. Soko\u0142owa Podlaskiego \u2013 1940 Buenos Aires), lekarz og\u00f3lny, dzia\u0142acz polonijny. Wykszta\u0142cenie: studia medyczne w Brukseli i&hellip;<\/p>\t\t<\/article>\n\t\t\t\t\t\t\t\t\n\t\t\t\t<article id=\"post-3712\" class=\"cell small-12 medium-6 large-4\" itemscope itemtype=\"http:\/\/schema.org\/Article\">\n\t\t\t<a class=\"wpucv-image-link-wrapper\" href=\"https:\/\/dziedzictwopolonii.pl\/portal\/jaslikowski-aleksander-konstanty\/\" title=\"Ja\u015blikowski Aleksander Konstanty\">\n\t\t\t\t\t\t\t<img decoding=\"async\" class=\"wpucv-image-responsive\" src=\"https:\/\/dziedzictwopolonii.pl\/portal\/wp-content\/uploads\/2022\/12\/Kopia-001_NOPIC-360x240.jpg\" srcset=\"https:\/\/dziedzictwopolonii.pl\/portal\/wp-content\/uploads\/2022\/12\/Kopia-001_NOPIC-360x240.jpg 360w, https:\/\/dziedzictwopolonii.pl\/portal\/wp-content\/uploads\/2022\/12\/Kopia-001_NOPIC-600x400.jpg 600w\" sizes=\"(max-width: 639px) 600w, (min-width: 640px) 360w\" title=\"Ja\u015blikowski Aleksander Konstanty\" alt=\"Ja\u015blikowski Aleksander Konstanty\" itemprop=\"image\">\n\t\t\t\t\t\t\t<\/a>\n\t\t\t<h2 class=\"wpucv-post-title\" itemprop=\"name headline\">\n\t\t\t\t<a href=\"https:\/\/dziedzictwopolonii.pl\/portal\/jaslikowski-aleksander-konstanty\/\">Ja\u015blikowski Aleksander Konstanty<\/a>\n\t\t\t<\/h2>\n\t\t\t\n\t\t\t<div class=\"wpucv-post-meta\"><a href=\"https:\/\/dziedzictwopolonii.pl\/portal\/author\/redakcja\/\" title=\"Wpisy od Redakcja\">Redakcja<\/a>&nbsp;|&nbsp;<time datetime=\"2022-12-21\">21 grudnia 2022<\/time><\/div>\t\t\t\n\t\t\t<p class=\"wpucv-excerpt\">POBIERZ PDF(1808 \u0141\u0119czyca \u2013 1860 Pary\u017c), lekarz okulista. We Francji od 1832. Wykszta\u0142cenie: studia medyczne na Uniwersytecie Warszawskim oraz zako\u0144czone&hellip;<\/p>\t\t<\/article>\n\t\t\t\t\t\t\t\t\n\t\t\t\t<article id=\"post-3710\" class=\"cell small-12 medium-6 large-4\" itemscope itemtype=\"http:\/\/schema.org\/Article\">\n\t\t\t<a class=\"wpucv-image-link-wrapper\" href=\"https:\/\/dziedzictwopolonii.pl\/portal\/jastrzebski-jastrzembski-wincenty-florian\/\" title=\"Jastrz\u0119bski (Jastrzembski) Wincenty Florian\">\n\t\t\t\t\t\t\t<img decoding=\"async\" class=\"wpucv-image-responsive\" src=\"https:\/\/dziedzictwopolonii.pl\/portal\/wp-content\/uploads\/2022\/12\/Kopia-001_NOPIC-360x240.jpg\" srcset=\"https:\/\/dziedzictwopolonii.pl\/portal\/wp-content\/uploads\/2022\/12\/Kopia-001_NOPIC-360x240.jpg 360w, https:\/\/dziedzictwopolonii.pl\/portal\/wp-content\/uploads\/2022\/12\/Kopia-001_NOPIC-600x400.jpg 600w\" sizes=\"(max-width: 639px) 600w, (min-width: 640px) 360w\" title=\"Jastrz\u0119bski (Jastrzembski) Wincenty Florian\" alt=\"Jastrz\u0119bski (Jastrzembski) Wincenty Florian\" itemprop=\"image\">\n\t\t\t\t\t\t\t<\/a>\n\t\t\t<h2 class=\"wpucv-post-title\" itemprop=\"name headline\">\n\t\t\t\t<a href=\"https:\/\/dziedzictwopolonii.pl\/portal\/jastrzebski-jastrzembski-wincenty-florian\/\">Jastrz\u0119bski (Jastrzembski) Wincenty Florian<\/a>\n\t\t\t<\/h2>\n\t\t\t\n\t\t\t<div class=\"wpucv-post-meta\"><a href=\"https:\/\/dziedzictwopolonii.pl\/portal\/author\/redakcja\/\" title=\"Wpisy od Redakcja\">Redakcja<\/a>&nbsp;|&nbsp;<time datetime=\"2022-12-21\">21 grudnia 2022<\/time><\/div>\t\t\t\n\t\t\t<p class=\"wpucv-excerpt\">POBIERZ PDF(1804 Siekierzy\u0144ce na Wo\u0142yniu \u2013 po 1891 Francja), lekarz og\u00f3lny. We Francji od 1832. Wykszta\u0142cenie: studia medyczne i doktorat&hellip;<\/p>\t\t<\/article>\n\t\t\t\t\t\t\t\t\n\t\t\t\t<article id=\"post-3714\" class=\"cell small-12 medium-6 large-4\" itemscope itemtype=\"http:\/\/schema.org\/Article\">\n\t\t\t<a class=\"wpucv-image-link-wrapper\" href=\"https:\/\/dziedzictwopolonii.pl\/portal\/jaworski-jan\/\" title=\"Jaworski Jan\">\n\t\t\t\t\t\t\t<img decoding=\"async\" class=\"wpucv-image-responsive\" src=\"https:\/\/dziedzictwopolonii.pl\/portal\/wp-content\/uploads\/2022\/12\/JAWORSKI-Jan-360x240.jpg\" srcset=\"https:\/\/dziedzictwopolonii.pl\/portal\/wp-content\/uploads\/2022\/12\/JAWORSKI-Jan-360x240.jpg 360w, https:\/\/dziedzictwopolonii.pl\/portal\/wp-content\/uploads\/2022\/12\/JAWORSKI-Jan-600x400.jpg 600w\" sizes=\"(max-width: 639px) 600w, (min-width: 640px) 360w\" title=\"Jaworski Jan\" alt=\"Jaworski Jan\" itemprop=\"image\">\n\t\t\t\t\t\t\t<\/a>\n\t\t\t<h2 class=\"wpucv-post-title\" itemprop=\"name headline\">\n\t\t\t\t<a href=\"https:\/\/dziedzictwopolonii.pl\/portal\/jaworski-jan\/\">Jaworski Jan<\/a>\n\t\t\t<\/h2>\n\t\t\t\n\t\t\t<div class=\"wpucv-post-meta\"><a href=\"https:\/\/dziedzictwopolonii.pl\/portal\/author\/redakcja\/\" title=\"Wpisy od Redakcja\">Redakcja<\/a>&nbsp;|&nbsp;<time datetime=\"2022-12-21\">21 grudnia 2022<\/time><\/div>\t\t\t\n\t\t\t<p class=\"wpucv-excerpt\">POBIERZ PDF(1898 Jab\u0142on\u00f3w \u2013 1981 Londyn), lekarz og\u00f3lny, dzia\u0142acz ludowy. W Wielkiej Brytanii od 1940. Organizator Przychodni Lekarskiej w londy\u0144skiej&hellip;<\/p>\t\t<\/article>\n\t\t\t\t\t\t\t\t\n\t\t\t\t<article id=\"post-3716\" class=\"cell small-12 medium-6 large-4\" itemscope itemtype=\"http:\/\/schema.org\/Article\">\n\t\t\t<a class=\"wpucv-image-link-wrapper\" href=\"https:\/\/dziedzictwopolonii.pl\/portal\/jezierski-jan-kazimierz\/\" title=\"Jezierski Jan Kazimierz\">\n\t\t\t\t\t\t\t<img decoding=\"async\" class=\"wpucv-image-responsive\" src=\"https:\/\/dziedzictwopolonii.pl\/portal\/wp-content\/uploads\/2022\/12\/Kopia-001_NOPIC-360x240.jpg\" srcset=\"https:\/\/dziedzictwopolonii.pl\/portal\/wp-content\/uploads\/2022\/12\/Kopia-001_NOPIC-360x240.jpg 360w, https:\/\/dziedzictwopolonii.pl\/portal\/wp-content\/uploads\/2022\/12\/Kopia-001_NOPIC-600x400.jpg 600w\" sizes=\"(max-width: 639px) 600w, (min-width: 640px) 360w\" title=\"Jezierski Jan Kazimierz\" alt=\"Jezierski Jan Kazimierz\" itemprop=\"image\">\n\t\t\t\t\t\t\t<\/a>\n\t\t\t<h2 class=\"wpucv-post-title\" itemprop=\"name headline\">\n\t\t\t\t<a href=\"https:\/\/dziedzictwopolonii.pl\/portal\/jezierski-jan-kazimierz\/\">Jezierski Jan Kazimierz<\/a>\n\t\t\t<\/h2>\n\t\t\t\n\t\t\t<div class=\"wpucv-post-meta\"><a href=\"https:\/\/dziedzictwopolonii.pl\/portal\/author\/redakcja\/\" title=\"Wpisy od Redakcja\">Redakcja<\/a>&nbsp;|&nbsp;<time datetime=\"2022-12-21\">21 grudnia 2022<\/time><\/div>\t\t\t\n\t\t\t<p class=\"wpucv-excerpt\">POBIERZ PDF(1807 Karczewo na Mazowszu \u2013 po 1849 Francja), lekarz internista. We Francji od 1832. Wykszta\u0142cenie: studia medyczne na uniwersytecie&hellip;<\/p>\t\t<\/article>\n\t\t\t\t\t\t\t\t\n\t\t\t\t<article id=\"post-2465\" class=\"cell small-12 medium-6 large-4\" itemscope itemtype=\"http:\/\/schema.org\/Article\">\n\t\t\t<a class=\"wpucv-image-link-wrapper\" href=\"https:\/\/dziedzictwopolonii.pl\/portal\/jurasz-antoni-stanislaw\/\" title=\"Jurasz Antoni Stanis\u0142aw\">\n\t\t\t\t\t\t\t<img decoding=\"async\" class=\"wpucv-image-responsive\" src=\"https:\/\/dziedzictwopolonii.pl\/portal\/wp-content\/uploads\/2022\/12\/Jurasz-A.S._foto-ze-wstepu-do-ksiazki-A.-Laczkowskiego1-306x240.jpg\" srcset=\"https:\/\/dziedzictwopolonii.pl\/portal\/wp-content\/uploads\/2022\/12\/Jurasz-A.S._foto-ze-wstepu-do-ksiazki-A.-Laczkowskiego1-306x240.jpg 360w, https:\/\/dziedzictwopolonii.pl\/portal\/wp-content\/uploads\/2022\/12\/Jurasz-A.S._foto-ze-wstepu-do-ksiazki-A.-Laczkowskiego1.jpg 600w\" sizes=\"(max-width: 639px) 600w, (min-width: 640px) 360w\" title=\"Jurasz Antoni Stanis\u0142aw\" alt=\"Jurasz Antoni Stanis\u0142aw\" itemprop=\"image\">\n\t\t\t\t\t\t\t<\/a>\n\t\t\t<h2 class=\"wpucv-post-title\" itemprop=\"name headline\">\n\t\t\t\t<a href=\"https:\/\/dziedzictwopolonii.pl\/portal\/jurasz-antoni-stanislaw\/\">Jurasz Antoni Stanis\u0142aw<\/a>\n\t\t\t<\/h2>\n\t\t\t\n\t\t\t<div class=\"wpucv-post-meta\"><a href=\"https:\/\/dziedzictwopolonii.pl\/portal\/author\/redakcja\/\" title=\"Wpisy od Redakcja\">Redakcja<\/a>&nbsp;|&nbsp;<time datetime=\"2022-12-20\">20 grudnia 2022<\/time><\/div>\t\t\t\n\t\t\t<p class=\"wpucv-excerpt\">POBIERZ PDFdr hab. Teresa Maresz, prof. UKW Uniwersytet Kazimierza Wielkiego Bydgoszcz &nbsp; ANTONI STANIS\u0141AW JURASZ Polak pionierem \u015bwiatowej otolaryngologii LOSY&hellip;<\/p>\t\t<\/article>\n\t\t\t\t\t\t\t\t\n\t\t\t\t<article id=\"post-3718\" class=\"cell small-12 medium-6 large-4\" itemscope itemtype=\"http:\/\/schema.org\/Article\">\n\t\t\t<a class=\"wpucv-image-link-wrapper\" href=\"https:\/\/dziedzictwopolonii.pl\/portal\/jurasz-antoni-tomasz\/\" title=\"Jurasz Antoni Tomasz\">\n\t\t\t\t\t\t\t<img decoding=\"async\" class=\"wpucv-image-responsive\" src=\"https:\/\/dziedzictwopolonii.pl\/portal\/wp-content\/uploads\/2022\/12\/Kopia-001_NOPIC-360x240.jpg\" srcset=\"https:\/\/dziedzictwopolonii.pl\/portal\/wp-content\/uploads\/2022\/12\/Kopia-001_NOPIC-360x240.jpg 360w, https:\/\/dziedzictwopolonii.pl\/portal\/wp-content\/uploads\/2022\/12\/Kopia-001_NOPIC-600x400.jpg 600w\" sizes=\"(max-width: 639px) 600w, (min-width: 640px) 360w\" title=\"Jurasz Antoni Tomasz\" alt=\"Jurasz Antoni Tomasz\" itemprop=\"image\">\n\t\t\t\t\t\t\t<\/a>\n\t\t\t<h2 class=\"wpucv-post-title\" itemprop=\"name headline\">\n\t\t\t\t<a href=\"https:\/\/dziedzictwopolonii.pl\/portal\/jurasz-antoni-tomasz\/\">Jurasz Antoni Tomasz<\/a>\n\t\t\t<\/h2>\n\t\t\t\n\t\t\t<div class=\"wpucv-post-meta\"><a href=\"https:\/\/dziedzictwopolonii.pl\/portal\/author\/redakcja\/\" title=\"Wpisy od Redakcja\">Redakcja<\/a>&nbsp;|&nbsp;<time datetime=\"2022-12-21\">21 grudnia 2022<\/time><\/div>\t\t\t\n\t\t\t<p class=\"wpucv-excerpt\">POBIERZ PDF(1882- Heidelberg, Niemcy \u2013 1961 Nowy Jork, USA), lekarz chirurg. Wykszta\u0142cenie: studia medyczne i doktorat na uniwersytecie w Heidelbergu.&hellip;<\/p>\t\t<\/article>\n\t\t\t\t\t\t\t\t\n\t\t\t\t<article id=\"post-3720\" class=\"cell small-12 medium-6 large-4\" itemscope itemtype=\"http:\/\/schema.org\/Article\">\n\t\t\t<a class=\"wpucv-image-link-wrapper\" href=\"https:\/\/dziedzictwopolonii.pl\/portal\/kalussowski-korwin-henryk\/\" title=\"Ka\u0142ussowski Korwin Henryk\">\n\t\t\t\t\t\t\t<img decoding=\"async\" class=\"wpucv-image-responsive\" src=\"https:\/\/dziedzictwopolonii.pl\/portal\/wp-content\/uploads\/2022\/12\/Kopia-001_NOPIC-360x240.jpg\" srcset=\"https:\/\/dziedzictwopolonii.pl\/portal\/wp-content\/uploads\/2022\/12\/Kopia-001_NOPIC-360x240.jpg 360w, https:\/\/dziedzictwopolonii.pl\/portal\/wp-content\/uploads\/2022\/12\/Kopia-001_NOPIC-600x400.jpg 600w\" sizes=\"(max-width: 639px) 600w, (min-width: 640px) 360w\" title=\"Ka\u0142ussowski Korwin Henryk\" alt=\"Ka\u0142ussowski Korwin Henryk\" itemprop=\"image\">\n\t\t\t\t\t\t\t<\/a>\n\t\t\t<h2 class=\"wpucv-post-title\" itemprop=\"name headline\">\n\t\t\t\t<a href=\"https:\/\/dziedzictwopolonii.pl\/portal\/kalussowski-korwin-henryk\/\">Ka\u0142ussowski Korwin Henryk<\/a>\n\t\t\t<\/h2>\n\t\t\t\n\t\t\t<div class=\"wpucv-post-meta\"><a href=\"https:\/\/dziedzictwopolonii.pl\/portal\/author\/redakcja\/\" title=\"Wpisy od Redakcja\">Redakcja<\/a>&nbsp;|&nbsp;<time datetime=\"2022-12-21\">21 grudnia 2022<\/time><\/div>\t\t\t\n\t\t\t<p class=\"wpucv-excerpt\">POBIERZ PDF(1806 Kazimierz\u00f3w, pow. bras\u0142awski \u2013 1894 Waszyngton), lekarz og\u00f3lny, drukarz, dzia\u0142acz emigracyjny. Wykszta\u0142cenie: studia medyczne na Uniwersytecie Wile\u0144skim; doktorat&hellip;<\/p>\t\t<\/article>\n\t\t\t\t\t\t\t\t\n\t\t\t\t<article id=\"post-3722\" class=\"cell small-12 medium-6 large-4\" itemscope itemtype=\"http:\/\/schema.org\/Article\">\n\t\t\t<a class=\"wpucv-image-link-wrapper\" href=\"https:\/\/dziedzictwopolonii.pl\/portal\/kanski-jacek-jerzy\/\" title=\"Ka\u0144ski Jacek Jerzy\">\n\t\t\t\t\t\t\t<img decoding=\"async\" class=\"wpucv-image-responsive\" src=\"https:\/\/dziedzictwopolonii.pl\/portal\/wp-content\/uploads\/2022\/12\/KANSKI-Jacek-360x240.jpg\" srcset=\"https:\/\/dziedzictwopolonii.pl\/portal\/wp-content\/uploads\/2022\/12\/KANSKI-Jacek-360x240.jpg 360w, https:\/\/dziedzictwopolonii.pl\/portal\/wp-content\/uploads\/2022\/12\/KANSKI-Jacek-600x400.jpg 600w\" sizes=\"(max-width: 639px) 600w, (min-width: 640px) 360w\" title=\"Ka\u0144ski Jacek Jerzy\" alt=\"Ka\u0144ski Jacek Jerzy\" itemprop=\"image\">\n\t\t\t\t\t\t\t<\/a>\n\t\t\t<h2 class=\"wpucv-post-title\" itemprop=\"name headline\">\n\t\t\t\t<a href=\"https:\/\/dziedzictwopolonii.pl\/portal\/kanski-jacek-jerzy\/\">Ka\u0144ski Jacek Jerzy<\/a>\n\t\t\t<\/h2>\n\t\t\t\n\t\t\t<div class=\"wpucv-post-meta\"><a href=\"https:\/\/dziedzictwopolonii.pl\/portal\/author\/redakcja\/\" title=\"Wpisy od Redakcja\">Redakcja<\/a>&nbsp;|&nbsp;<time datetime=\"2022-12-21\">21 grudnia 2022<\/time><\/div>\t\t\t\n\t\t\t<p class=\"wpucv-excerpt\">POBIERZ PDF(1939 Warszawa \u2013 2019 Wielka Brytania), lekarz okulista. W Wielkiej Brytanii od 1946. Wykszta\u0142cenie: studia medyczne i doktorat z&hellip;<\/p>\t\t<\/article>\n\t\t\t\t\t\t\t\t\n\t\t\t\t<article id=\"post-3724\" class=\"cell small-12 medium-6 large-4\" itemscope itemtype=\"http:\/\/schema.org\/Article\">\n\t\t\t<a class=\"wpucv-image-link-wrapper\" href=\"https:\/\/dziedzictwopolonii.pl\/portal\/karbowski-kazimierz\/\" title=\"Karbowski Kazimierz\">\n\t\t\t\t\t\t\t<img decoding=\"async\" class=\"wpucv-image-responsive\" src=\"https:\/\/dziedzictwopolonii.pl\/portal\/wp-content\/uploads\/2022\/12\/Kopia-001_NOPIC-360x240.jpg\" srcset=\"https:\/\/dziedzictwopolonii.pl\/portal\/wp-content\/uploads\/2022\/12\/Kopia-001_NOPIC-360x240.jpg 360w, https:\/\/dziedzictwopolonii.pl\/portal\/wp-content\/uploads\/2022\/12\/Kopia-001_NOPIC-600x400.jpg 600w\" sizes=\"(max-width: 639px) 600w, (min-width: 640px) 360w\" title=\"Karbowski Kazimierz\" alt=\"Karbowski Kazimierz\" itemprop=\"image\">\n\t\t\t\t\t\t\t<\/a>\n\t\t\t<h2 class=\"wpucv-post-title\" itemprop=\"name headline\">\n\t\t\t\t<a href=\"https:\/\/dziedzictwopolonii.pl\/portal\/karbowski-kazimierz\/\">Karbowski Kazimierz<\/a>\n\t\t\t<\/h2>\n\t\t\t\n\t\t\t<div class=\"wpucv-post-meta\"><a href=\"https:\/\/dziedzictwopolonii.pl\/portal\/author\/redakcja\/\" title=\"Wpisy od Redakcja\">Redakcja<\/a>&nbsp;|&nbsp;<time datetime=\"2022-12-21\">21 grudnia 2022<\/time><\/div>\t\t\t\n\t\t\t<p class=\"wpucv-excerpt\">POBIERZ PDF\u00a0(1925 Warszawa \u2013 2012 Berno), lekarz neurolog. Wykszta\u0142cenie: studia medyczne w Krakowie. W Szwajcarii od 1960. Od 1967 profesor&hellip;<\/p>\t\t<\/article>\n\t\t\t\t\t\t\t\t\n\t\t\t\t<article id=\"post-3726\" class=\"cell small-12 medium-6 large-4\" itemscope itemtype=\"http:\/\/schema.org\/Article\">\n\t\t\t<a class=\"wpucv-image-link-wrapper\" href=\"https:\/\/dziedzictwopolonii.pl\/portal\/karnicki-edward\/\" title=\"Karnicki Edward\">\n\t\t\t\t\t\t\t<img decoding=\"async\" class=\"wpucv-image-responsive\" src=\"https:\/\/dziedzictwopolonii.pl\/portal\/wp-content\/uploads\/2022\/12\/Kopia-001_NOPIC-360x240.jpg\" srcset=\"https:\/\/dziedzictwopolonii.pl\/portal\/wp-content\/uploads\/2022\/12\/Kopia-001_NOPIC-360x240.jpg 360w, https:\/\/dziedzictwopolonii.pl\/portal\/wp-content\/uploads\/2022\/12\/Kopia-001_NOPIC-600x400.jpg 600w\" sizes=\"(max-width: 639px) 600w, (min-width: 640px) 360w\" title=\"Karnicki Edward\" alt=\"Karnicki Edward\" itemprop=\"image\">\n\t\t\t\t\t\t\t<\/a>\n\t\t\t<h2 class=\"wpucv-post-title\" itemprop=\"name headline\">\n\t\t\t\t<a href=\"https:\/\/dziedzictwopolonii.pl\/portal\/karnicki-edward\/\">Karnicki Edward<\/a>\n\t\t\t<\/h2>\n\t\t\t\n\t\t\t<div class=\"wpucv-post-meta\"><a href=\"https:\/\/dziedzictwopolonii.pl\/portal\/author\/redakcja\/\" title=\"Wpisy od Redakcja\">Redakcja<\/a>&nbsp;|&nbsp;<time datetime=\"2022-12-21\">21 grudnia 2022<\/time><\/div>\t\t\t\n\t\t\t<p class=\"wpucv-excerpt\">POBIERZ PDF(1837 maj. Karnic, gub. mi\u0144ska \u2013 1913 Petersburg), lekarz chirurg. Wykszta\u0142cenie: studia medyczne oraz doktorat w Akademii Medyko-Chirurgicznej w&hellip;<\/p>\t\t<\/article>\n\t\t\t\t\t\t\t\t\n\t\t\t\t<article id=\"post-3728\" class=\"cell small-12 medium-6 large-4\" itemscope itemtype=\"http:\/\/schema.org\/Article\">\n\t\t\t<a class=\"wpucv-image-link-wrapper\" href=\"https:\/\/dziedzictwopolonii.pl\/portal\/koprowska-irena\/\" title=\"Koprowska Irena\">\n\t\t\t\t\t\t\t<img decoding=\"async\" class=\"wpucv-image-responsive\" src=\"https:\/\/dziedzictwopolonii.pl\/portal\/wp-content\/uploads\/2022\/12\/KOPROWSKA-Irena-360x240.jpg\" srcset=\"https:\/\/dziedzictwopolonii.pl\/portal\/wp-content\/uploads\/2022\/12\/KOPROWSKA-Irena-360x240.jpg 360w, https:\/\/dziedzictwopolonii.pl\/portal\/wp-content\/uploads\/2022\/12\/KOPROWSKA-Irena-600x400.jpg 600w\" sizes=\"(max-width: 639px) 600w, (min-width: 640px) 360w\" title=\"Koprowska Irena\" alt=\"Koprowska Irena\" itemprop=\"image\">\n\t\t\t\t\t\t\t<\/a>\n\t\t\t<h2 class=\"wpucv-post-title\" itemprop=\"name headline\">\n\t\t\t\t<a href=\"https:\/\/dziedzictwopolonii.pl\/portal\/koprowska-irena\/\">Koprowska Irena<\/a>\n\t\t\t<\/h2>\n\t\t\t\n\t\t\t<div class=\"wpucv-post-meta\"><a href=\"https:\/\/dziedzictwopolonii.pl\/portal\/author\/redakcja\/\" title=\"Wpisy od Redakcja\">Redakcja<\/a>&nbsp;|&nbsp;<time datetime=\"2022-12-21\">21 grudnia 2022<\/time><\/div>\t\t\t\n\t\t\t<p class=\"wpucv-excerpt\">POBIERZ PDF(1917 Warszawa \u2013 2012 Filadelfia), lekarz patolog, nauczyciel akademicki. Wykszta\u0142cenie: studia medyczne na Uniwersytecie Warszawskim i Cornell University Medical&hellip;<\/p>\t\t<\/article>\n\t\t\t\t\t\t\t\t\n\t\t\t\t<article id=\"post-3730\" class=\"cell small-12 medium-6 large-4\" itemscope itemtype=\"http:\/\/schema.org\/Article\">\n\t\t\t<a class=\"wpucv-image-link-wrapper\" href=\"https:\/\/dziedzictwopolonii.pl\/portal\/koprowski-hilary\/\" title=\"Koprowski Hilary\">\n\t\t\t\t\t\t\t<img decoding=\"async\" class=\"wpucv-image-responsive\" src=\"https:\/\/dziedzictwopolonii.pl\/portal\/wp-content\/uploads\/2022\/12\/KOPROWSKI-Hilary-360x240.jpg\" srcset=\"https:\/\/dziedzictwopolonii.pl\/portal\/wp-content\/uploads\/2022\/12\/KOPROWSKI-Hilary-360x240.jpg 360w, https:\/\/dziedzictwopolonii.pl\/portal\/wp-content\/uploads\/2022\/12\/KOPROWSKI-Hilary-600x400.jpg 600w\" sizes=\"(max-width: 639px) 600w, (min-width: 640px) 360w\" title=\"Koprowski Hilary\" alt=\"Koprowski Hilary\" itemprop=\"image\">\n\t\t\t\t\t\t\t<\/a>\n\t\t\t<h2 class=\"wpucv-post-title\" itemprop=\"name headline\">\n\t\t\t\t<a href=\"https:\/\/dziedzictwopolonii.pl\/portal\/koprowski-hilary\/\">Koprowski Hilary<\/a>\n\t\t\t<\/h2>\n\t\t\t\n\t\t\t<div class=\"wpucv-post-meta\"><a href=\"https:\/\/dziedzictwopolonii.pl\/portal\/author\/redakcja\/\" title=\"Wpisy od Redakcja\">Redakcja<\/a>&nbsp;|&nbsp;<time datetime=\"2022-12-21\">21 grudnia 2022<\/time><\/div>\t\t\t\n\t\t\t<p class=\"wpucv-excerpt\">POBIERZ PDF(1916 Warszawa \u2013 2013 Filadelfia), lekarz, nauczyciel akademicki. Wykszta\u0142cenie: studia na Wydziale Medycyny Uniwersytetu Warszawskiego; licencje na wykonywanie zawodu&hellip;<\/p>\t\t<\/article>\n\t\t\t\t\t\t\t\t\n\t\t\t\t<article id=\"post-3732\" class=\"cell small-12 medium-6 large-4\" itemscope itemtype=\"http:\/\/schema.org\/Article\">\n\t\t\t<a class=\"wpucv-image-link-wrapper\" href=\"https:\/\/dziedzictwopolonii.pl\/portal\/korabiewicz-edmund\/\" title=\"Korabiewicz Edmund\">\n\t\t\t\t\t\t\t<img decoding=\"async\" class=\"wpucv-image-responsive\" src=\"https:\/\/dziedzictwopolonii.pl\/portal\/wp-content\/uploads\/2022\/12\/Kopia-001_NOPIC-360x240.jpg\" srcset=\"https:\/\/dziedzictwopolonii.pl\/portal\/wp-content\/uploads\/2022\/12\/Kopia-001_NOPIC-360x240.jpg 360w, https:\/\/dziedzictwopolonii.pl\/portal\/wp-content\/uploads\/2022\/12\/Kopia-001_NOPIC-600x400.jpg 600w\" sizes=\"(max-width: 639px) 600w, (min-width: 640px) 360w\" title=\"Korabiewicz Edmund\" alt=\"Korabiewicz Edmund\" itemprop=\"image\">\n\t\t\t\t\t\t\t<\/a>\n\t\t\t<h2 class=\"wpucv-post-title\" itemprop=\"name headline\">\n\t\t\t\t<a href=\"https:\/\/dziedzictwopolonii.pl\/portal\/korabiewicz-edmund\/\">Korabiewicz Edmund<\/a>\n\t\t\t<\/h2>\n\t\t\t\n\t\t\t<div class=\"wpucv-post-meta\"><a href=\"https:\/\/dziedzictwopolonii.pl\/portal\/author\/redakcja\/\" title=\"Wpisy od Redakcja\">Redakcja<\/a>&nbsp;|&nbsp;<time datetime=\"2022-12-21\">21 grudnia 2022<\/time><\/div>\t\t\t\n\t\t\t<p class=\"wpucv-excerpt\">POBIERZ PDF(1804 Mitruzy, pow. grodzie\u0144ski \u2013 1875 Pary\u017c), lekarz, dzia\u0142acz polonijny. We Francji od 1831, gdzie utrzymywa\u0142 si\u0119 z pracy&hellip;<\/p>\t\t<\/article>\n\t\t\t\t\t\t\t\t\n\t\t\t\t<article id=\"post-3740\" class=\"cell small-12 medium-6 large-4\" itemscope itemtype=\"http:\/\/schema.org\/Article\">\n\t\t\t<a class=\"wpucv-image-link-wrapper\" href=\"https:\/\/dziedzictwopolonii.pl\/portal\/kosciakiewicz-antoni-napoleon\/\" title=\"Ko\u015bciakiewicz Antoni Napoleon\">\n\t\t\t\t\t\t\t<img decoding=\"async\" class=\"wpucv-image-responsive\" src=\"https:\/\/dziedzictwopolonii.pl\/portal\/wp-content\/uploads\/2022\/12\/Kopia-001_NOPIC-360x240.jpg\" srcset=\"https:\/\/dziedzictwopolonii.pl\/portal\/wp-content\/uploads\/2022\/12\/Kopia-001_NOPIC-360x240.jpg 360w, https:\/\/dziedzictwopolonii.pl\/portal\/wp-content\/uploads\/2022\/12\/Kopia-001_NOPIC-600x400.jpg 600w\" sizes=\"(max-width: 639px) 600w, (min-width: 640px) 360w\" title=\"Ko\u015bciakiewicz Antoni Napoleon\" alt=\"Ko\u015bciakiewicz Antoni Napoleon\" itemprop=\"image\">\n\t\t\t\t\t\t\t<\/a>\n\t\t\t<h2 class=\"wpucv-post-title\" itemprop=\"name headline\">\n\t\t\t\t<a href=\"https:\/\/dziedzictwopolonii.pl\/portal\/kosciakiewicz-antoni-napoleon\/\">Ko\u015bciakiewicz Antoni Napoleon<\/a>\n\t\t\t<\/h2>\n\t\t\t\n\t\t\t<div class=\"wpucv-post-meta\"><a href=\"https:\/\/dziedzictwopolonii.pl\/portal\/author\/redakcja\/\" title=\"Wpisy od Redakcja\">Redakcja<\/a>&nbsp;|&nbsp;<time datetime=\"2022-12-21\">21 grudnia 2022<\/time><\/div>\t\t\t\n\t\t\t<p class=\"wpucv-excerpt\">POBIERZ PDF(1809 Sycyn, pow. bielski \u2013 1887 Rive-de-Gier (maj\u0105tek Rabary), Francja), lekarz chirurg, naukowiec. Wykszta\u0142cenie: studia medyczne w Warszawie i&hellip;<\/p>\t\t<\/article>\n\t\t\t\t\t\t\t\t\n\t\t\t\t<article id=\"post-3734\" class=\"cell small-12 medium-6 large-4\" itemscope itemtype=\"http:\/\/schema.org\/Article\">\n\t\t\t<a class=\"wpucv-image-link-wrapper\" href=\"https:\/\/dziedzictwopolonii.pl\/portal\/koskowski-wlodzimierz\/\" title=\"Koskowski W\u0142odzimierz\">\n\t\t\t\t\t\t\t<img decoding=\"async\" class=\"wpucv-image-responsive\" src=\"https:\/\/dziedzictwopolonii.pl\/portal\/wp-content\/uploads\/2022\/12\/KOSKOWSKI-Wlodzimierz-360x240.jpg\" srcset=\"https:\/\/dziedzictwopolonii.pl\/portal\/wp-content\/uploads\/2022\/12\/KOSKOWSKI-Wlodzimierz-360x240.jpg 360w, https:\/\/dziedzictwopolonii.pl\/portal\/wp-content\/uploads\/2022\/12\/KOSKOWSKI-Wlodzimierz-600x400.jpg 600w\" sizes=\"(max-width: 639px) 600w, (min-width: 640px) 360w\" title=\"Koskowski W\u0142odzimierz\" alt=\"Koskowski W\u0142odzimierz\" itemprop=\"image\">\n\t\t\t\t\t\t\t<\/a>\n\t\t\t<h2 class=\"wpucv-post-title\" itemprop=\"name headline\">\n\t\t\t\t<a href=\"https:\/\/dziedzictwopolonii.pl\/portal\/koskowski-wlodzimierz\/\">Koskowski W\u0142odzimierz<\/a>\n\t\t\t<\/h2>\n\t\t\t\n\t\t\t<div class=\"wpucv-post-meta\"><a href=\"https:\/\/dziedzictwopolonii.pl\/portal\/author\/redakcja\/\" title=\"Wpisy od Redakcja\">Redakcja<\/a>&nbsp;|&nbsp;<time datetime=\"2022-12-21\">21 grudnia 2022<\/time><\/div>\t\t\t\n\t\t\t<p class=\"wpucv-excerpt\">POBIERZ PDF(1893 \u0141aszcz\u00f3w k. Tomaszowa Lubelskiego \u2013 1965 Swindom, Wielka Brytania), lekarz neurolog, nauczyciel akademicki. Wykszta\u0142cenie: studia medyczne i doktorat&hellip;<\/p>\t\t<\/article>\n\t\t\t\t\t\t\t\t\n\t\t\t\t<article id=\"post-3736\" class=\"cell small-12 medium-6 large-4\" itemscope itemtype=\"http:\/\/schema.org\/Article\">\n\t\t\t<a class=\"wpucv-image-link-wrapper\" href=\"https:\/\/dziedzictwopolonii.pl\/portal\/kossobudzki-szymon\/\" title=\"Kossobudzki Szymon\">\n\t\t\t\t\t\t\t<img decoding=\"async\" class=\"wpucv-image-responsive\" src=\"https:\/\/dziedzictwopolonii.pl\/portal\/wp-content\/uploads\/2022\/12\/KOSSOBUDZKI-Szymon-360x240.jpg\" srcset=\"https:\/\/dziedzictwopolonii.pl\/portal\/wp-content\/uploads\/2022\/12\/KOSSOBUDZKI-Szymon-360x240.jpg 360w, https:\/\/dziedzictwopolonii.pl\/portal\/wp-content\/uploads\/2022\/12\/KOSSOBUDZKI-Szymon-600x400.jpg 600w\" sizes=\"(max-width: 639px) 600w, (min-width: 640px) 360w\" title=\"Kossobudzki Szymon\" alt=\"Kossobudzki Szymon\" itemprop=\"image\">\n\t\t\t\t\t\t\t<\/a>\n\t\t\t<h2 class=\"wpucv-post-title\" itemprop=\"name headline\">\n\t\t\t\t<a href=\"https:\/\/dziedzictwopolonii.pl\/portal\/kossobudzki-szymon\/\">Kossobudzki Szymon<\/a>\n\t\t\t<\/h2>\n\t\t\t\n\t\t\t<div class=\"wpucv-post-meta\"><a href=\"https:\/\/dziedzictwopolonii.pl\/portal\/author\/redakcja\/\" title=\"Wpisy od Redakcja\">Redakcja<\/a>&nbsp;|&nbsp;<time datetime=\"2022-12-21\">21 grudnia 2022<\/time><\/div>\t\t\t\n\t\t\t<p class=\"wpucv-excerpt\">POBIERZ PDF(1869 P\u0142ock \u2013 1934 Kurytyba, Brazylia), lekarz chirurg, nauczyciel akademicki. Wykszta\u0142cenie: studia medyczne w Warszawie i w\u00a0 Kazaniu. Wsp\u00f3\u0142za\u0142o\u017cyciel&hellip;<\/p>\t\t<\/article>\n\t\t\t\t\t\t\t\t\n\t\t\t\t<article id=\"post-3738\" class=\"cell small-12 medium-6 large-4\" itemscope itemtype=\"http:\/\/schema.org\/Article\">\n\t\t\t<a class=\"wpucv-image-link-wrapper\" href=\"https:\/\/dziedzictwopolonii.pl\/portal\/kostrzewski-ignacy\/\" title=\"Kostrzewski Ignacy\">\n\t\t\t\t\t\t\t<img decoding=\"async\" class=\"wpucv-image-responsive\" src=\"https:\/\/dziedzictwopolonii.pl\/portal\/wp-content\/uploads\/2022\/12\/Kopia-001_NOPIC-360x240.jpg\" srcset=\"https:\/\/dziedzictwopolonii.pl\/portal\/wp-content\/uploads\/2022\/12\/Kopia-001_NOPIC-360x240.jpg 360w, https:\/\/dziedzictwopolonii.pl\/portal\/wp-content\/uploads\/2022\/12\/Kopia-001_NOPIC-600x400.jpg 600w\" sizes=\"(max-width: 639px) 600w, (min-width: 640px) 360w\" title=\"Kostrzewski Ignacy\" alt=\"Kostrzewski Ignacy\" itemprop=\"image\">\n\t\t\t\t\t\t\t<\/a>\n\t\t\t<h2 class=\"wpucv-post-title\" itemprop=\"name headline\">\n\t\t\t\t<a href=\"https:\/\/dziedzictwopolonii.pl\/portal\/kostrzewski-ignacy\/\">Kostrzewski Ignacy<\/a>\n\t\t\t<\/h2>\n\t\t\t\n\t\t\t<div class=\"wpucv-post-meta\"><a href=\"https:\/\/dziedzictwopolonii.pl\/portal\/author\/redakcja\/\" title=\"Wpisy od Redakcja\">Redakcja<\/a>&nbsp;|&nbsp;<time datetime=\"2022-12-21\">21 grudnia 2022<\/time><\/div>\t\t\t\n\t\t\t<p class=\"wpucv-excerpt\">POBIERZ PDF(1809 Wieliszewo k. Legionowa \u2013 1896 Nancy, Francja), lekarz og\u00f3lny. We Francji od 1832. Wykszta\u0142cenie: \u015brednia szko\u0142a medyczna w&hellip;<\/p>\t\t<\/article>\n\t\t\t\t\t\t\t\t\n\t\t\t\t<article id=\"post-3742\" class=\"cell small-12 medium-6 large-4\" itemscope itemtype=\"http:\/\/schema.org\/Article\">\n\t\t\t<a class=\"wpucv-image-link-wrapper\" href=\"https:\/\/dziedzictwopolonii.pl\/portal\/kozanecki-stanislaw-marian\/\" title=\"Kozanecki Stanis\u0142aw Marian\">\n\t\t\t\t\t\t\t<img decoding=\"async\" class=\"wpucv-image-responsive\" src=\"https:\/\/dziedzictwopolonii.pl\/portal\/wp-content\/uploads\/2022\/12\/KOZANECKI-Stanislaw-360x240.jpg\" srcset=\"https:\/\/dziedzictwopolonii.pl\/portal\/wp-content\/uploads\/2022\/12\/KOZANECKI-Stanislaw-360x240.jpg 360w, https:\/\/dziedzictwopolonii.pl\/portal\/wp-content\/uploads\/2022\/12\/KOZANECKI-Stanislaw-600x400.jpg 600w\" sizes=\"(max-width: 639px) 600w, (min-width: 640px) 360w\" title=\"Kozanecki Stanis\u0142aw Marian\" alt=\"Kozanecki Stanis\u0142aw Marian\" itemprop=\"image\">\n\t\t\t\t\t\t\t<\/a>\n\t\t\t<h2 class=\"wpucv-post-title\" itemprop=\"name headline\">\n\t\t\t\t<a href=\"https:\/\/dziedzictwopolonii.pl\/portal\/kozanecki-stanislaw-marian\/\">Kozanecki Stanis\u0142aw Marian<\/a>\n\t\t\t<\/h2>\n\t\t\t\n\t\t\t<div class=\"wpucv-post-meta\"><a href=\"https:\/\/dziedzictwopolonii.pl\/portal\/author\/redakcja\/\" title=\"Wpisy od Redakcja\">Redakcja<\/a>&nbsp;|&nbsp;<time datetime=\"2022-12-21\">21 grudnia 2022<\/time><\/div>\t\t\t\n\t\t\t<p class=\"wpucv-excerpt\">POBIERZ PDF(1917 Ruda Pabianicka k. \u0141odzi \u2013 2014 Bruksela), lekarz, dzia\u0142acz polonijny. W czasie II wojny \u015bwiatowej wi\u0119zie\u0144 oboz\u00f3w koncentracyjnych&hellip;<\/p>\t\t<\/article>\n\t\t\t\t\t\t\t\t\n\t\t\t\t<article id=\"post-3744\" class=\"cell small-12 medium-6 large-4\" itemscope itemtype=\"http:\/\/schema.org\/Article\">\n\t\t\t<a class=\"wpucv-image-link-wrapper\" href=\"https:\/\/dziedzictwopolonii.pl\/portal\/kruszynski-jan\/\" title=\"Kruszy\u0144ski Jan\">\n\t\t\t\t\t\t\t<img decoding=\"async\" class=\"wpucv-image-responsive\" src=\"https:\/\/dziedzictwopolonii.pl\/portal\/wp-content\/uploads\/2022\/12\/Kopia-001_NOPIC-360x240.jpg\" srcset=\"https:\/\/dziedzictwopolonii.pl\/portal\/wp-content\/uploads\/2022\/12\/Kopia-001_NOPIC-360x240.jpg 360w, https:\/\/dziedzictwopolonii.pl\/portal\/wp-content\/uploads\/2022\/12\/Kopia-001_NOPIC-600x400.jpg 600w\" sizes=\"(max-width: 639px) 600w, (min-width: 640px) 360w\" title=\"Kruszy\u0144ski Jan\" alt=\"Kruszy\u0144ski Jan\" itemprop=\"image\">\n\t\t\t\t\t\t\t<\/a>\n\t\t\t<h2 class=\"wpucv-post-title\" itemprop=\"name headline\">\n\t\t\t\t<a href=\"https:\/\/dziedzictwopolonii.pl\/portal\/kruszynski-jan\/\">Kruszy\u0144ski Jan<\/a>\n\t\t\t<\/h2>\n\t\t\t\n\t\t\t<div class=\"wpucv-post-meta\"><a href=\"https:\/\/dziedzictwopolonii.pl\/portal\/author\/redakcja\/\" title=\"Wpisy od Redakcja\">Redakcja<\/a>&nbsp;|&nbsp;<time datetime=\"2022-12-21\">21 grudnia 2022<\/time><\/div>\t\t\t\n\t\t\t<p class=\"wpucv-excerpt\">POBIERZ PDF\u00a0(1903 \u2013 1967 Liverpool), lekarz og\u00f3lny, nauczyciel akademicki. Lekarz w Polskim Szpitalu w Elkantarze (Egipt) 1942-1948. Wyk\u0142adowca histologii na&hellip;<\/p>\t\t<\/article>\n\t\t\t\t\t\t\t\t\n\t\t\t\t<article id=\"post-3746\" class=\"cell small-12 medium-6 large-4\" itemscope itemtype=\"http:\/\/schema.org\/Article\">\n\t\t\t<a class=\"wpucv-image-link-wrapper\" href=\"https:\/\/dziedzictwopolonii.pl\/portal\/kuflewski-wladyslaw-augustyn\/\" title=\"Kuflewski W\u0142adys\u0142aw Augustyn\">\n\t\t\t\t\t\t\t<img decoding=\"async\" class=\"wpucv-image-responsive\" src=\"https:\/\/dziedzictwopolonii.pl\/portal\/wp-content\/uploads\/2022\/12\/Kopia-001_NOPIC-360x240.jpg\" srcset=\"https:\/\/dziedzictwopolonii.pl\/portal\/wp-content\/uploads\/2022\/12\/Kopia-001_NOPIC-360x240.jpg 360w, https:\/\/dziedzictwopolonii.pl\/portal\/wp-content\/uploads\/2022\/12\/Kopia-001_NOPIC-600x400.jpg 600w\" sizes=\"(max-width: 639px) 600w, (min-width: 640px) 360w\" title=\"Kuflewski W\u0142adys\u0142aw Augustyn\" alt=\"Kuflewski W\u0142adys\u0142aw Augustyn\" itemprop=\"image\">\n\t\t\t\t\t\t\t<\/a>\n\t\t\t<h2 class=\"wpucv-post-title\" itemprop=\"name headline\">\n\t\t\t\t<a href=\"https:\/\/dziedzictwopolonii.pl\/portal\/kuflewski-wladyslaw-augustyn\/\">Kuflewski W\u0142adys\u0142aw Augustyn<\/a>\n\t\t\t<\/h2>\n\t\t\t\n\t\t\t<div class=\"wpucv-post-meta\"><a href=\"https:\/\/dziedzictwopolonii.pl\/portal\/author\/redakcja\/\" title=\"Wpisy od Redakcja\">Redakcja<\/a>&nbsp;|&nbsp;<time datetime=\"2022-12-21\">21 grudnia 2022<\/time><\/div>\t\t\t\n\t\t\t<p class=\"wpucv-excerpt\">POBIERZ PDF(1870 Jaroszewo, rejencja pozna\u0144ska \u2013 1945 Chicago), lekarz chirurg, dzia\u0142acz polonijny. Od 1886 w USA. Wykszta\u0142cenie: studia farmaceutyczne w&hellip;<\/p>\t\t<\/article>\n\t\t\t\t\t\t\t\t\n\t\t\t\t<article id=\"post-3748\" class=\"cell small-12 medium-6 large-4\" itemscope itemtype=\"http:\/\/schema.org\/Article\">\n\t\t\t<a class=\"wpucv-image-link-wrapper\" href=\"https:\/\/dziedzictwopolonii.pl\/portal\/kulczycki-lukasz\/\" title=\"Kulczycki \u0141ukasz\">\n\t\t\t\t\t\t\t<img decoding=\"async\" class=\"wpucv-image-responsive\" src=\"https:\/\/dziedzictwopolonii.pl\/portal\/wp-content\/uploads\/2022\/12\/Kopia-001_NOPIC-360x240.jpg\" srcset=\"https:\/\/dziedzictwopolonii.pl\/portal\/wp-content\/uploads\/2022\/12\/Kopia-001_NOPIC-360x240.jpg 360w, https:\/\/dziedzictwopolonii.pl\/portal\/wp-content\/uploads\/2022\/12\/Kopia-001_NOPIC-600x400.jpg 600w\" sizes=\"(max-width: 639px) 600w, (min-width: 640px) 360w\" title=\"Kulczycki \u0141ukasz\" alt=\"Kulczycki \u0141ukasz\" itemprop=\"image\">\n\t\t\t\t\t\t\t<\/a>\n\t\t\t<h2 class=\"wpucv-post-title\" itemprop=\"name headline\">\n\t\t\t\t<a href=\"https:\/\/dziedzictwopolonii.pl\/portal\/kulczycki-lukasz\/\">Kulczycki \u0141ukasz<\/a>\n\t\t\t<\/h2>\n\t\t\t\n\t\t\t<div class=\"wpucv-post-meta\"><a href=\"https:\/\/dziedzictwopolonii.pl\/portal\/author\/redakcja\/\" title=\"Wpisy od Redakcja\">Redakcja<\/a>&nbsp;|&nbsp;<time datetime=\"2022-12-21\">21 grudnia 2022<\/time><\/div>\t\t\t\n\t\t\t<p class=\"wpucv-excerpt\">POBIERZ PDF(1911 Jurjampol, woj. tarnopolskie \u2013 2018 Waszyngton), lekarz pediatra, nauczyciel akademicki. W czasie II wojny \u015bwiatowej \u017co\u0142nierz Polskich Si\u0142&hellip;<\/p>\t\t<\/article>\n\t\t\t\t\t\t\t\t\n\t\t\t\t<article id=\"post-3750\" class=\"cell small-12 medium-6 large-4\" itemscope itemtype=\"http:\/\/schema.org\/Article\">\n\t\t\t<a class=\"wpucv-image-link-wrapper\" href=\"https:\/\/dziedzictwopolonii.pl\/portal\/kulwiec-daniel\/\" title=\"Kulwie\u0107 Daniel\">\n\t\t\t\t\t\t\t<img decoding=\"async\" class=\"wpucv-image-responsive\" src=\"https:\/\/dziedzictwopolonii.pl\/portal\/wp-content\/uploads\/2022\/12\/Kopia-001_NOPIC-360x240.jpg\" srcset=\"https:\/\/dziedzictwopolonii.pl\/portal\/wp-content\/uploads\/2022\/12\/Kopia-001_NOPIC-360x240.jpg 360w, https:\/\/dziedzictwopolonii.pl\/portal\/wp-content\/uploads\/2022\/12\/Kopia-001_NOPIC-600x400.jpg 600w\" sizes=\"(max-width: 639px) 600w, (min-width: 640px) 360w\" title=\"Kulwie\u0107 Daniel\" alt=\"Kulwie\u0107 Daniel\" itemprop=\"image\">\n\t\t\t\t\t\t\t<\/a>\n\t\t\t<h2 class=\"wpucv-post-title\" itemprop=\"name headline\">\n\t\t\t\t<a href=\"https:\/\/dziedzictwopolonii.pl\/portal\/kulwiec-daniel\/\">Kulwie\u0107 Daniel<\/a>\n\t\t\t<\/h2>\n\t\t\t\n\t\t\t<div class=\"wpucv-post-meta\"><a href=\"https:\/\/dziedzictwopolonii.pl\/portal\/author\/redakcja\/\" title=\"Wpisy od Redakcja\">Redakcja<\/a>&nbsp;|&nbsp;<time datetime=\"2022-12-21\">21 grudnia 2022<\/time><\/div>\t\t\t\n\t\t\t<p class=\"wpucv-excerpt\">POBIERZ PDF(1803 Wilno \u2013 1844 Poitiers, Francja). lekarz og\u00f3lny. Wykszta\u0142cenie: studia medyczne i doktorat na uniwersytecie w Montpellier. Prowadzi\u0142 prywatn\u0105&hellip;<\/p>\t\t<\/article>\n\t\t\t\t\t\t\t\t\n\t\t\t\t<article id=\"post-3752\" class=\"cell small-12 medium-6 large-4\" itemscope itemtype=\"http:\/\/schema.org\/Article\">\n\t\t\t<a class=\"wpucv-image-link-wrapper\" href=\"https:\/\/dziedzictwopolonii.pl\/portal\/kurcjusz-aleksander-karol\/\" title=\"Kurcjusz Aleksander Karol\">\n\t\t\t\t\t\t\t<img decoding=\"async\" class=\"wpucv-image-responsive\" src=\"https:\/\/dziedzictwopolonii.pl\/portal\/wp-content\/uploads\/2022\/12\/Kopia-001_NOPIC-360x240.jpg\" srcset=\"https:\/\/dziedzictwopolonii.pl\/portal\/wp-content\/uploads\/2022\/12\/Kopia-001_NOPIC-360x240.jpg 360w, https:\/\/dziedzictwopolonii.pl\/portal\/wp-content\/uploads\/2022\/12\/Kopia-001_NOPIC-600x400.jpg 600w\" sizes=\"(max-width: 639px) 600w, (min-width: 640px) 360w\" title=\"Kurcjusz Aleksander Karol\" alt=\"Kurcjusz Aleksander Karol\" itemprop=\"image\">\n\t\t\t\t\t\t\t<\/a>\n\t\t\t<h2 class=\"wpucv-post-title\" itemprop=\"name headline\">\n\t\t\t\t<a href=\"https:\/\/dziedzictwopolonii.pl\/portal\/kurcjusz-aleksander-karol\/\">Kurcjusz Aleksander Karol<\/a>\n\t\t\t<\/h2>\n\t\t\t\n\t\t\t<div class=\"wpucv-post-meta\"><a href=\"https:\/\/dziedzictwopolonii.pl\/portal\/author\/redakcja\/\" title=\"Wpisy od Redakcja\">Redakcja<\/a>&nbsp;|&nbsp;<time datetime=\"2022-12-21\">21 grudnia 2022<\/time><\/div>\t\t\t\n\t\t\t<p class=\"wpucv-excerpt\">POBIERZ PDF(XVII w.), lekarz og\u00f3lny. Pierwszy polski lekarz w Nowym Amsterdamie (dzisiejszy Nowy Jork) 1658.<\/p>\t\t<\/article>\n\t\t\t\t\t\t\t\t\n\t\t\t\t<article id=\"post-3754\" class=\"cell small-12 medium-6 large-4\" itemscope itemtype=\"http:\/\/schema.org\/Article\">\n\t\t\t<a class=\"wpucv-image-link-wrapper\" href=\"https:\/\/dziedzictwopolonii.pl\/portal\/kwiatkowski-pawel\/\" title=\"Kwiatkowski Pawe\u0142\">\n\t\t\t\t\t\t\t<img decoding=\"async\" class=\"wpucv-image-responsive\" src=\"https:\/\/dziedzictwopolonii.pl\/portal\/wp-content\/uploads\/2022\/12\/Kopia-001_NOPIC-360x240.jpg\" srcset=\"https:\/\/dziedzictwopolonii.pl\/portal\/wp-content\/uploads\/2022\/12\/Kopia-001_NOPIC-360x240.jpg 360w, https:\/\/dziedzictwopolonii.pl\/portal\/wp-content\/uploads\/2022\/12\/Kopia-001_NOPIC-600x400.jpg 600w\" sizes=\"(max-width: 639px) 600w, (min-width: 640px) 360w\" title=\"Kwiatkowski Pawe\u0142\" alt=\"Kwiatkowski Pawe\u0142\" itemprop=\"image\">\n\t\t\t\t\t\t\t<\/a>\n\t\t\t<h2 class=\"wpucv-post-title\" itemprop=\"name headline\">\n\t\t\t\t<a href=\"https:\/\/dziedzictwopolonii.pl\/portal\/kwiatkowski-pawel\/\">Kwiatkowski Pawe\u0142<\/a>\n\t\t\t<\/h2>\n\t\t\t\n\t\t\t<div class=\"wpucv-post-meta\"><a href=\"https:\/\/dziedzictwopolonii.pl\/portal\/author\/redakcja\/\" title=\"Wpisy od Redakcja\">Redakcja<\/a>&nbsp;|&nbsp;<time datetime=\"2022-12-21\">21 grudnia 2022<\/time><\/div>\t\t\t\n\t\t\t<p class=\"wpucv-excerpt\">POBIERZ PDF(1806 Karczew \u2013 po 1874 Francja), lekarz og\u00f3lny. Wykszta\u0142cenie: studia medyczne i doktorat na uniwersytecie w Montpellier. W latach&hellip;<\/p>\t\t<\/article>\n\t\t\t\t\t\t\t\t\n\t\t\t\t<article id=\"post-3756\" class=\"cell small-12 medium-6 large-4\" itemscope itemtype=\"http:\/\/schema.org\/Article\">\n\t\t\t<a class=\"wpucv-image-link-wrapper\" href=\"https:\/\/dziedzictwopolonii.pl\/portal\/laskiewicz-alfred\/\" title=\"Laskiewicz Alfred\">\n\t\t\t\t\t\t\t<img decoding=\"async\" class=\"wpucv-image-responsive\" src=\"https:\/\/dziedzictwopolonii.pl\/portal\/wp-content\/uploads\/2022\/12\/LASKIEWICZ-Alfred-360x240.jpg\" srcset=\"https:\/\/dziedzictwopolonii.pl\/portal\/wp-content\/uploads\/2022\/12\/LASKIEWICZ-Alfred-360x240.jpg 360w, https:\/\/dziedzictwopolonii.pl\/portal\/wp-content\/uploads\/2022\/12\/LASKIEWICZ-Alfred-600x400.jpg 600w\" sizes=\"(max-width: 639px) 600w, (min-width: 640px) 360w\" title=\"Laskiewicz Alfred\" alt=\"Laskiewicz Alfred\" itemprop=\"image\">\n\t\t\t\t\t\t\t<\/a>\n\t\t\t<h2 class=\"wpucv-post-title\" itemprop=\"name headline\">\n\t\t\t\t<a href=\"https:\/\/dziedzictwopolonii.pl\/portal\/laskiewicz-alfred\/\">Laskiewicz Alfred<\/a>\n\t\t\t<\/h2>\n\t\t\t\n\t\t\t<div class=\"wpucv-post-meta\"><a href=\"https:\/\/dziedzictwopolonii.pl\/portal\/author\/redakcja\/\" title=\"Wpisy od Redakcja\">Redakcja<\/a>&nbsp;|&nbsp;<time datetime=\"2022-12-21\">21 grudnia 2022<\/time><\/div>\t\t\t\n\t\t\t<p class=\"wpucv-excerpt\">POBIERZ PDF(1888 Nizankowice k. Przemy\u015bla \u2013 1969 Londyn), lekarz laryngolog. Wykszta\u0142cenie: studia medyczne we Lwowie oraz specjalistyczne otolaryngologiczne w Wiedniu.&hellip;<\/p>\t\t<\/article>\n\t\t\t\t\t\t\t\t\n\t\t\t\t<article id=\"post-3758\" class=\"cell small-12 medium-6 large-4\" itemscope itemtype=\"http:\/\/schema.org\/Article\">\n\t\t\t<a class=\"wpucv-image-link-wrapper\" href=\"https:\/\/dziedzictwopolonii.pl\/portal\/laskowski-zygmunt-wladyslaw\/\" title=\"Laskowski Zygmunt W\u0142adys\u0142aw\">\n\t\t\t\t\t\t\t<img decoding=\"async\" class=\"wpucv-image-responsive\" src=\"https:\/\/dziedzictwopolonii.pl\/portal\/wp-content\/uploads\/2022\/12\/LASKOWSKI-Zygmunt-360x240.jpg\" srcset=\"https:\/\/dziedzictwopolonii.pl\/portal\/wp-content\/uploads\/2022\/12\/LASKOWSKI-Zygmunt-360x240.jpg 360w, https:\/\/dziedzictwopolonii.pl\/portal\/wp-content\/uploads\/2022\/12\/LASKOWSKI-Zygmunt-600x400.jpg 600w\" sizes=\"(max-width: 639px) 600w, (min-width: 640px) 360w\" title=\"Laskowski Zygmunt W\u0142adys\u0142aw\" alt=\"Laskowski Zygmunt W\u0142adys\u0142aw\" itemprop=\"image\">\n\t\t\t\t\t\t\t<\/a>\n\t\t\t<h2 class=\"wpucv-post-title\" itemprop=\"name headline\">\n\t\t\t\t<a href=\"https:\/\/dziedzictwopolonii.pl\/portal\/laskowski-zygmunt-wladyslaw\/\">Laskowski Zygmunt W\u0142adys\u0142aw<\/a>\n\t\t\t<\/h2>\n\t\t\t\n\t\t\t<div class=\"wpucv-post-meta\"><a href=\"https:\/\/dziedzictwopolonii.pl\/portal\/author\/redakcja\/\" title=\"Wpisy od Redakcja\">Redakcja<\/a>&nbsp;|&nbsp;<time datetime=\"2022-12-21\">21 grudnia 2022<\/time><\/div>\t\t\t\n\t\t\t<p class=\"wpucv-excerpt\">POBIERZ PDF(1841 Warszawa \u2013 1928 Genewa), lekarz anatom. Wykszta\u0142cenie: studia medyczne w Akademii Medyko-Chirurgicznej w Warszawie oraz uzupe\u0142niaj\u0105ce w Pary\u017cu,&hellip;<\/p>\t\t<\/article>\n\t\t\t\t\t\t\t\t\n\t\t\t\t<article id=\"post-3760\" class=\"cell small-12 medium-6 large-4\" itemscope itemtype=\"http:\/\/schema.org\/Article\">\n\t\t\t<a class=\"wpucv-image-link-wrapper\" href=\"https:\/\/dziedzictwopolonii.pl\/portal\/lemanski-jozef-stefan\/\" title=\"Lema\u0144ski J\u00f3zef Stefan\">\n\t\t\t\t\t\t\t<img decoding=\"async\" class=\"wpucv-image-responsive\" src=\"https:\/\/dziedzictwopolonii.pl\/portal\/wp-content\/uploads\/2022\/12\/Kopia-001_NOPIC-360x240.jpg\" srcset=\"https:\/\/dziedzictwopolonii.pl\/portal\/wp-content\/uploads\/2022\/12\/Kopia-001_NOPIC-360x240.jpg 360w, https:\/\/dziedzictwopolonii.pl\/portal\/wp-content\/uploads\/2022\/12\/Kopia-001_NOPIC-600x400.jpg 600w\" sizes=\"(max-width: 639px) 600w, (min-width: 640px) 360w\" title=\"Lema\u0144ski J\u00f3zef Stefan\" alt=\"Lema\u0144ski J\u00f3zef Stefan\" itemprop=\"image\">\n\t\t\t\t\t\t\t<\/a>\n\t\t\t<h2 class=\"wpucv-post-title\" itemprop=\"name headline\">\n\t\t\t\t<a href=\"https:\/\/dziedzictwopolonii.pl\/portal\/lemanski-jozef-stefan\/\">Lema\u0144ski J\u00f3zef Stefan<\/a>\n\t\t\t<\/h2>\n\t\t\t\n\t\t\t<div class=\"wpucv-post-meta\"><a href=\"https:\/\/dziedzictwopolonii.pl\/portal\/author\/redakcja\/\" title=\"Wpisy od Redakcja\">Redakcja<\/a>&nbsp;|&nbsp;<time datetime=\"2022-12-21\">21 grudnia 2022<\/time><\/div>\t\t\t\n\t\t\t<p class=\"wpucv-excerpt\">POBIERZ PDF(1816 Brzezinki, woj. kaliskie \u2013 po 1874 Francja), lekarz og\u00f3lny. We Francji od 1836. Wykszta\u0142cenie: studia medyczne i doktorat&hellip;<\/p>\t\t<\/article>\n\t\t\t\t\t\t\t\t\n\t\t\t\t<article id=\"post-3762\" class=\"cell small-12 medium-6 large-4\" itemscope itemtype=\"http:\/\/schema.org\/Article\">\n\t\t\t<a class=\"wpucv-image-link-wrapper\" href=\"https:\/\/dziedzictwopolonii.pl\/portal\/loewenhardt-stanislaw-henryk\/\" title=\"Loewenhardt Stanis\u0142aw Henryk\">\n\t\t\t\t\t\t\t<img decoding=\"async\" class=\"wpucv-image-responsive\" src=\"https:\/\/dziedzictwopolonii.pl\/portal\/wp-content\/uploads\/2022\/12\/Kopia-001_NOPIC-360x240.jpg\" srcset=\"https:\/\/dziedzictwopolonii.pl\/portal\/wp-content\/uploads\/2022\/12\/Kopia-001_NOPIC-360x240.jpg 360w, https:\/\/dziedzictwopolonii.pl\/portal\/wp-content\/uploads\/2022\/12\/Kopia-001_NOPIC-600x400.jpg 600w\" sizes=\"(max-width: 639px) 600w, (min-width: 640px) 360w\" title=\"Loewenhardt Stanis\u0142aw Henryk\" alt=\"Loewenhardt Stanis\u0142aw Henryk\" itemprop=\"image\">\n\t\t\t\t\t\t\t<\/a>\n\t\t\t<h2 class=\"wpucv-post-title\" itemprop=\"name headline\">\n\t\t\t\t<a href=\"https:\/\/dziedzictwopolonii.pl\/portal\/loewenhardt-stanislaw-henryk\/\">Loewenhardt Stanis\u0142aw Henryk<\/a>\n\t\t\t<\/h2>\n\t\t\t\n\t\t\t<div class=\"wpucv-post-meta\"><a href=\"https:\/\/dziedzictwopolonii.pl\/portal\/author\/redakcja\/\" title=\"Wpisy od Redakcja\">Redakcja<\/a>&nbsp;|&nbsp;<time datetime=\"2022-12-21\">21 grudnia 2022<\/time><\/div>\t\t\t\n\t\t\t<p class=\"wpucv-excerpt\">POBIERZ PDF\u00a0(1838 Korytnica \u2013 1915 Chatillon sous Bagneux, Francja), lekarz, dzia\u0142acz spo\u0142eczny. Wykszta\u0142cenie: studia medyczne na Uniwersytecie Jagiello\u0144skim w Krakowie&hellip;<\/p>\t\t<\/article>\n\t\t\t\t\t\t\t\t\n\t\t\t\t<article id=\"post-3764\" class=\"cell small-12 medium-6 large-4\" itemscope itemtype=\"http:\/\/schema.org\/Article\">\n\t\t\t<a class=\"wpucv-image-link-wrapper\" href=\"https:\/\/dziedzictwopolonii.pl\/portal\/lagowski-jozef\/\" title=\"\u0141agowski J\u00f3zef\">\n\t\t\t\t\t\t\t<img decoding=\"async\" class=\"wpucv-image-responsive\" src=\"https:\/\/dziedzictwopolonii.pl\/portal\/wp-content\/uploads\/2022\/12\/Kopia-001_NOPIC-360x240.jpg\" srcset=\"https:\/\/dziedzictwopolonii.pl\/portal\/wp-content\/uploads\/2022\/12\/Kopia-001_NOPIC-360x240.jpg 360w, https:\/\/dziedzictwopolonii.pl\/portal\/wp-content\/uploads\/2022\/12\/Kopia-001_NOPIC-600x400.jpg 600w\" sizes=\"(max-width: 639px) 600w, (min-width: 640px) 360w\" title=\"\u0141agowski J\u00f3zef\" alt=\"\u0141agowski J\u00f3zef\" itemprop=\"image\">\n\t\t\t\t\t\t\t<\/a>\n\t\t\t<h2 class=\"wpucv-post-title\" itemprop=\"name headline\">\n\t\t\t\t<a href=\"https:\/\/dziedzictwopolonii.pl\/portal\/lagowski-jozef\/\">\u0141agowski J\u00f3zef<\/a>\n\t\t\t<\/h2>\n\t\t\t\n\t\t\t<div class=\"wpucv-post-meta\"><a href=\"https:\/\/dziedzictwopolonii.pl\/portal\/author\/redakcja\/\" title=\"Wpisy od Redakcja\">Redakcja<\/a>&nbsp;|&nbsp;<time datetime=\"2022-12-21\">21 grudnia 2022<\/time><\/div>\t\t\t\n\t\t\t<p class=\"wpucv-excerpt\">POBIERZ PDF(1820 Stepa\u0144, Wo\u0142y\u0144 \u2013 1870 Irkuck, Syberia), lekarz chirurg, zes\u0142aniec syberyjski, florysta. Wykszta\u0142cenie: studia medyczne na Uniwersytecie \u015awi\u0119tego W\u0142odzimierza&hellip;<\/p>\t\t<\/article>\n\t\t\t\t\t\t\t\t\n\t\t\t\t<article id=\"post-3766\" class=\"cell small-12 medium-6 large-4\" itemscope itemtype=\"http:\/\/schema.org\/Article\">\n\t\t\t<a class=\"wpucv-image-link-wrapper\" href=\"https:\/\/dziedzictwopolonii.pl\/portal\/lazowski-eugeniusz-slawomir\/\" title=\"\u0141azowski Eugeniusz S\u0142awomir\">\n\t\t\t\t\t\t\t<img decoding=\"async\" class=\"wpucv-image-responsive\" src=\"https:\/\/dziedzictwopolonii.pl\/portal\/wp-content\/uploads\/2022\/12\/LAZOWSKI-Eugeniusz-360x240.jpg\" srcset=\"https:\/\/dziedzictwopolonii.pl\/portal\/wp-content\/uploads\/2022\/12\/LAZOWSKI-Eugeniusz-360x240.jpg 360w, https:\/\/dziedzictwopolonii.pl\/portal\/wp-content\/uploads\/2022\/12\/LAZOWSKI-Eugeniusz-600x400.jpg 600w\" sizes=\"(max-width: 639px) 600w, (min-width: 640px) 360w\" title=\"\u0141azowski Eugeniusz S\u0142awomir\" alt=\"\u0141azowski Eugeniusz S\u0142awomir\" itemprop=\"image\">\n\t\t\t\t\t\t\t<\/a>\n\t\t\t<h2 class=\"wpucv-post-title\" itemprop=\"name headline\">\n\t\t\t\t<a href=\"https:\/\/dziedzictwopolonii.pl\/portal\/lazowski-eugeniusz-slawomir\/\">\u0141azowski Eugeniusz S\u0142awomir<\/a>\n\t\t\t<\/h2>\n\t\t\t\n\t\t\t<div class=\"wpucv-post-meta\"><a href=\"https:\/\/dziedzictwopolonii.pl\/portal\/author\/redakcja\/\" title=\"Wpisy od Redakcja\">Redakcja<\/a>&nbsp;|&nbsp;<time datetime=\"2022-12-21\">21 grudnia 2022<\/time><\/div>\t\t\t\n\t\t\t<p class=\"wpucv-excerpt\">POBIERZ PDF\u00a0(Ur. 23 grudnia w 1913 roku, w Cz\u0119stochowie \u2013 zm. 16 grudnia 2006 roku, w Eugene, w Stanach Zjednoczonych),&hellip;<\/p>\t\t<\/article>\n\t\t\t\t\t\t\t\t\n\t\t\t\t<article id=\"post-3768\" class=\"cell small-12 medium-6 large-4\" itemscope itemtype=\"http:\/\/schema.org\/Article\">\n\t\t\t<a class=\"wpucv-image-link-wrapper\" href=\"https:\/\/dziedzictwopolonii.pl\/portal\/lazowski-waclaw\/\" title=\"\u0141azowski Wac\u0142aw\">\n\t\t\t\t\t\t\t<img decoding=\"async\" class=\"wpucv-image-responsive\" src=\"https:\/\/dziedzictwopolonii.pl\/portal\/wp-content\/uploads\/2022\/12\/Kopia-001_NOPIC-360x240.jpg\" srcset=\"https:\/\/dziedzictwopolonii.pl\/portal\/wp-content\/uploads\/2022\/12\/Kopia-001_NOPIC-360x240.jpg 360w, https:\/\/dziedzictwopolonii.pl\/portal\/wp-content\/uploads\/2022\/12\/Kopia-001_NOPIC-600x400.jpg 600w\" sizes=\"(max-width: 639px) 600w, (min-width: 640px) 360w\" title=\"\u0141azowski Wac\u0142aw\" alt=\"\u0141azowski Wac\u0142aw\" itemprop=\"image\">\n\t\t\t\t\t\t\t<\/a>\n\t\t\t<h2 class=\"wpucv-post-title\" itemprop=\"name headline\">\n\t\t\t\t<a href=\"https:\/\/dziedzictwopolonii.pl\/portal\/lazowski-waclaw\/\">\u0141azowski Wac\u0142aw<\/a>\n\t\t\t<\/h2>\n\t\t\t\n\t\t\t<div class=\"wpucv-post-meta\"><a href=\"https:\/\/dziedzictwopolonii.pl\/portal\/author\/redakcja\/\" title=\"Wpisy od Redakcja\">Redakcja<\/a>&nbsp;|&nbsp;<time datetime=\"2022-12-21\">21 grudnia 2022<\/time><\/div>\t\t\t\n\t\t\t<p class=\"wpucv-excerpt\">POBIERZ PDF(1862 \u2013 1919 Harbin, Chiny), lekarz og\u00f3lny, dzia\u0142acz spo\u0142eczny. Wykszta\u0142cenie: studia medyczne na Uniwersytecie Moskiewskim. Lekarz miejski w Rakowie&hellip;<\/p>\t\t<\/article>\n\t\t\t\t\t\t\t\t\n\t\t\t\t<article id=\"post-3770\" class=\"cell small-12 medium-6 large-4\" itemscope itemtype=\"http:\/\/schema.org\/Article\">\n\t\t\t<a class=\"wpucv-image-link-wrapper\" href=\"https:\/\/dziedzictwopolonii.pl\/portal\/lyszczynski-adam\/\" title=\"\u0141yszczy\u0144ski Adam\">\n\t\t\t\t\t\t\t<img decoding=\"async\" class=\"wpucv-image-responsive\" src=\"https:\/\/dziedzictwopolonii.pl\/portal\/wp-content\/uploads\/2022\/12\/Kopia-001_NOPIC-360x240.jpg\" srcset=\"https:\/\/dziedzictwopolonii.pl\/portal\/wp-content\/uploads\/2022\/12\/Kopia-001_NOPIC-360x240.jpg 360w, https:\/\/dziedzictwopolonii.pl\/portal\/wp-content\/uploads\/2022\/12\/Kopia-001_NOPIC-600x400.jpg 600w\" sizes=\"(max-width: 639px) 600w, (min-width: 640px) 360w\" title=\"\u0141yszczy\u0144ski Adam\" alt=\"\u0141yszczy\u0144ski Adam\" itemprop=\"image\">\n\t\t\t\t\t\t\t<\/a>\n\t\t\t<h2 class=\"wpucv-post-title\" itemprop=\"name headline\">\n\t\t\t\t<a href=\"https:\/\/dziedzictwopolonii.pl\/portal\/lyszczynski-adam\/\">\u0141yszczy\u0144ski Adam<\/a>\n\t\t\t<\/h2>\n\t\t\t\n\t\t\t<div class=\"wpucv-post-meta\"><a href=\"https:\/\/dziedzictwopolonii.pl\/portal\/author\/redakcja\/\" title=\"Wpisy od Redakcja\">Redakcja<\/a>&nbsp;|&nbsp;<time datetime=\"2022-12-21\">21 grudnia 2022<\/time><\/div>\t\t\t\n\t\t\t<p class=\"wpucv-excerpt\">POBIERZ PDF(1805 Markowszczyzna, pow. brzesko-litewski \u2013 1879 Edynburg), lekarz og\u00f3lny. Od 1833 w Wielkiej Brytanii. Wykszta\u0142cenie: studia medyczne w Edynburgu&hellip;<\/p>\t\t<\/article>\n\t\t\t\t\t\t\t\t\n\t\t\t\t<article id=\"post-3772\" class=\"cell small-12 medium-6 large-4\" itemscope itemtype=\"http:\/\/schema.org\/Article\">\n\t\t\t<a class=\"wpucv-image-link-wrapper\" href=\"https:\/\/dziedzictwopolonii.pl\/portal\/maciesza-aleksander-boleslaw\/\" title=\"Maciesza Aleksander Boles\u0142aw\">\n\t\t\t\t\t\t\t<img decoding=\"async\" class=\"wpucv-image-responsive\" src=\"https:\/\/dziedzictwopolonii.pl\/portal\/wp-content\/uploads\/2022\/12\/MACIESZA-Aleksander-360x240.jpg\" srcset=\"https:\/\/dziedzictwopolonii.pl\/portal\/wp-content\/uploads\/2022\/12\/MACIESZA-Aleksander-360x240.jpg 360w, https:\/\/dziedzictwopolonii.pl\/portal\/wp-content\/uploads\/2022\/12\/MACIESZA-Aleksander-600x400.jpg 600w\" sizes=\"(max-width: 639px) 600w, (min-width: 640px) 360w\" title=\"Maciesza Aleksander Boles\u0142aw\" alt=\"Maciesza Aleksander Boles\u0142aw\" itemprop=\"image\">\n\t\t\t\t\t\t\t<\/a>\n\t\t\t<h2 class=\"wpucv-post-title\" itemprop=\"name headline\">\n\t\t\t\t<a href=\"https:\/\/dziedzictwopolonii.pl\/portal\/maciesza-aleksander-boleslaw\/\">Maciesza Aleksander Boles\u0142aw<\/a>\n\t\t\t<\/h2>\n\t\t\t\n\t\t\t<div class=\"wpucv-post-meta\"><a href=\"https:\/\/dziedzictwopolonii.pl\/portal\/author\/redakcja\/\" title=\"Wpisy od Redakcja\">Redakcja<\/a>&nbsp;|&nbsp;<time datetime=\"2022-12-21\">21 grudnia 2022<\/time><\/div>\t\t\t\n\t\t\t<p class=\"wpucv-excerpt\">POBIERZ PDF(1875 Tomsk \u2013 1945 P\u0142ock), lekarz okulista. Wykszta\u0142cenie: studia medyczne na uniwersytecie w Tobolsku 1893-1898. Lekarz obwodowy na A\u0142taju&hellip;<\/p>\t\t<\/article>\n\t\t\t\t\t\t\t\t\n\t\t\t\t<article id=\"post-3774\" class=\"cell small-12 medium-6 large-4\" itemscope itemtype=\"http:\/\/schema.org\/Article\">\n\t\t\t<a class=\"wpucv-image-link-wrapper\" href=\"https:\/\/dziedzictwopolonii.pl\/portal\/madecki-oswald\/\" title=\"Madecki Oswald\">\n\t\t\t\t\t\t\t<img decoding=\"async\" class=\"wpucv-image-responsive\" src=\"https:\/\/dziedzictwopolonii.pl\/portal\/wp-content\/uploads\/2022\/12\/Kopia-001_NOPIC-360x240.jpg\" srcset=\"https:\/\/dziedzictwopolonii.pl\/portal\/wp-content\/uploads\/2022\/12\/Kopia-001_NOPIC-360x240.jpg 360w, https:\/\/dziedzictwopolonii.pl\/portal\/wp-content\/uploads\/2022\/12\/Kopia-001_NOPIC-600x400.jpg 600w\" sizes=\"(max-width: 639px) 600w, (min-width: 640px) 360w\" title=\"Madecki Oswald\" alt=\"Madecki Oswald\" itemprop=\"image\">\n\t\t\t\t\t\t\t<\/a>\n\t\t\t<h2 class=\"wpucv-post-title\" itemprop=\"name headline\">\n\t\t\t\t<a href=\"https:\/\/dziedzictwopolonii.pl\/portal\/madecki-oswald\/\">Madecki Oswald<\/a>\n\t\t\t<\/h2>\n\t\t\t\n\t\t\t<div class=\"wpucv-post-meta\"><a href=\"https:\/\/dziedzictwopolonii.pl\/portal\/author\/redakcja\/\" title=\"Wpisy od Redakcja\">Redakcja<\/a>&nbsp;|&nbsp;<time datetime=\"2022-12-21\">21 grudnia 2022<\/time><\/div>\t\t\t\n\t\t\t<p class=\"wpucv-excerpt\">POBIERZ PDF(1920 Cieszyn \u2013 1985 Abeokuta, Nigeria), lekarz og\u00f3lny, \u015bwiecki misjonarz. Inicjator i realizator budowy nowoczesnego szpitala Sacred Heart Hospital&hellip;<\/p>\t\t<\/article>\n\t\t\t\t\t\t\t\t\n\t\t\t\t<article id=\"post-3776\" class=\"cell small-12 medium-6 large-4\" itemscope itemtype=\"http:\/\/schema.org\/Article\">\n\t\t\t<a class=\"wpucv-image-link-wrapper\" href=\"https:\/\/dziedzictwopolonii.pl\/portal\/marek-zdzislaw\/\" title=\"Marek Zdzis\u0142aw\">\n\t\t\t\t\t\t\t<img decoding=\"async\" class=\"wpucv-image-responsive\" src=\"https:\/\/dziedzictwopolonii.pl\/portal\/wp-content\/uploads\/2022\/12\/Kopia-001_NOPIC-360x240.jpg\" srcset=\"https:\/\/dziedzictwopolonii.pl\/portal\/wp-content\/uploads\/2022\/12\/Kopia-001_NOPIC-360x240.jpg 360w, https:\/\/dziedzictwopolonii.pl\/portal\/wp-content\/uploads\/2022\/12\/Kopia-001_NOPIC-600x400.jpg 600w\" sizes=\"(max-width: 639px) 600w, (min-width: 640px) 360w\" title=\"Marek Zdzis\u0142aw\" alt=\"Marek Zdzis\u0142aw\" itemprop=\"image\">\n\t\t\t\t\t\t\t<\/a>\n\t\t\t<h2 class=\"wpucv-post-title\" itemprop=\"name headline\">\n\t\t\t\t<a href=\"https:\/\/dziedzictwopolonii.pl\/portal\/marek-zdzislaw\/\">Marek Zdzis\u0142aw<\/a>\n\t\t\t<\/h2>\n\t\t\t\n\t\t\t<div class=\"wpucv-post-meta\"><a href=\"https:\/\/dziedzictwopolonii.pl\/portal\/author\/redakcja\/\" title=\"Wpisy od Redakcja\">Redakcja<\/a>&nbsp;|&nbsp;<time datetime=\"2022-12-21\">21 grudnia 2022<\/time><\/div>\t\t\t\n\t\t\t<p class=\"wpucv-excerpt\">POBIERZ PDF(1923 Radzymno k. Jaros\u0142awia \u2013 1996 Sydney), lekarz og\u00f3lny, poeta, eseista. Wykszta\u0142cenie: studia medyczne w Monachium i w Sydney.&hellip;<\/p>\t\t<\/article>\n\t\t\t\t\t\t\t\t\n\t\t\t\t<article id=\"post-3778\" class=\"cell small-12 medium-6 large-4\" itemscope itemtype=\"http:\/\/schema.org\/Article\">\n\t\t\t<a class=\"wpucv-image-link-wrapper\" href=\"https:\/\/dziedzictwopolonii.pl\/portal\/markowski-boleslaw\/\" title=\"Markowski Boles\u0142aw\">\n\t\t\t\t\t\t\t<img decoding=\"async\" class=\"wpucv-image-responsive\" src=\"https:\/\/dziedzictwopolonii.pl\/portal\/wp-content\/uploads\/2022\/12\/Kopia-001_NOPIC-360x240.jpg\" srcset=\"https:\/\/dziedzictwopolonii.pl\/portal\/wp-content\/uploads\/2022\/12\/Kopia-001_NOPIC-360x240.jpg 360w, https:\/\/dziedzictwopolonii.pl\/portal\/wp-content\/uploads\/2022\/12\/Kopia-001_NOPIC-600x400.jpg 600w\" sizes=\"(max-width: 639px) 600w, (min-width: 640px) 360w\" title=\"Markowski Boles\u0142aw\" alt=\"Markowski Boles\u0142aw\" itemprop=\"image\">\n\t\t\t\t\t\t\t<\/a>\n\t\t\t<h2 class=\"wpucv-post-title\" itemprop=\"name headline\">\n\t\t\t\t<a href=\"https:\/\/dziedzictwopolonii.pl\/portal\/markowski-boleslaw\/\">Markowski Boles\u0142aw<\/a>\n\t\t\t<\/h2>\n\t\t\t\n\t\t\t<div class=\"wpucv-post-meta\"><a href=\"https:\/\/dziedzictwopolonii.pl\/portal\/author\/redakcja\/\" title=\"Wpisy od Redakcja\">Redakcja<\/a>&nbsp;|&nbsp;<time datetime=\"2022-12-21\">21 grudnia 2022<\/time><\/div>\t\t\t\n\t\t\t<p class=\"wpucv-excerpt\">POBIERZ PDF(1908 Jachnowce \u2013 1990 Londyn), lekarz og\u00f3lny. Naczelny lekarz szpitala w Belize (Brytyjski Honduras). Prezes Zarz\u0105du Stowarzyszenia Marynarki Wojennej&hellip;<\/p>\t\t<\/article>\n\t\t\t\t\t\t\t\t\n\t\t\t\t<article id=\"post-3780\" class=\"cell small-12 medium-6 large-4\" itemscope itemtype=\"http:\/\/schema.org\/Article\">\n\t\t\t<a class=\"wpucv-image-link-wrapper\" href=\"https:\/\/dziedzictwopolonii.pl\/portal\/matuszynski-jan\/\" title=\"Matuszy\u0144ski Jan\">\n\t\t\t\t\t\t\t<img decoding=\"async\" class=\"wpucv-image-responsive\" src=\"https:\/\/dziedzictwopolonii.pl\/portal\/wp-content\/uploads\/2022\/12\/Kopia-001_NOPIC-360x240.jpg\" srcset=\"https:\/\/dziedzictwopolonii.pl\/portal\/wp-content\/uploads\/2022\/12\/Kopia-001_NOPIC-360x240.jpg 360w, https:\/\/dziedzictwopolonii.pl\/portal\/wp-content\/uploads\/2022\/12\/Kopia-001_NOPIC-600x400.jpg 600w\" sizes=\"(max-width: 639px) 600w, (min-width: 640px) 360w\" title=\"Matuszy\u0144ski Jan\" alt=\"Matuszy\u0144ski Jan\" itemprop=\"image\">\n\t\t\t\t\t\t\t<\/a>\n\t\t\t<h2 class=\"wpucv-post-title\" itemprop=\"name headline\">\n\t\t\t\t<a href=\"https:\/\/dziedzictwopolonii.pl\/portal\/matuszynski-jan\/\">Matuszy\u0144ski Jan<\/a>\n\t\t\t<\/h2>\n\t\t\t\n\t\t\t<div class=\"wpucv-post-meta\"><a href=\"https:\/\/dziedzictwopolonii.pl\/portal\/author\/redakcja\/\" title=\"Wpisy od Redakcja\">Redakcja<\/a>&nbsp;|&nbsp;<time datetime=\"2022-12-21\">21 grudnia 2022<\/time><\/div>\t\t\t\n\t\t\t<p class=\"wpucv-excerpt\">POBIERZ PDF(1809 Warszawa \u2013 1842 Pary\u017c), lekarz og\u00f3lny, przyjaciel Fryderyka Chopina. Wykszta\u0142cenie: studia medyczne rozpocz\u0119te w Warszawie, a uko\u0144czone (doktorat)&hellip;<\/p>\t\t<\/article>\n\t\t\t\t\t\t\t\t\n\t\t\t\t<article id=\"post-3782\" class=\"cell small-12 medium-6 large-4\" itemscope itemtype=\"http:\/\/schema.org\/Article\">\n\t\t\t<a class=\"wpucv-image-link-wrapper\" href=\"https:\/\/dziedzictwopolonii.pl\/portal\/medynski-wladyslaw-napoleon\/\" title=\"Medy\u0144ski W\u0142adys\u0142aw Napoleon\">\n\t\t\t\t\t\t\t<img decoding=\"async\" class=\"wpucv-image-responsive\" src=\"https:\/\/dziedzictwopolonii.pl\/portal\/wp-content\/uploads\/2022\/12\/Kopia-001_NOPIC-360x240.jpg\" srcset=\"https:\/\/dziedzictwopolonii.pl\/portal\/wp-content\/uploads\/2022\/12\/Kopia-001_NOPIC-360x240.jpg 360w, https:\/\/dziedzictwopolonii.pl\/portal\/wp-content\/uploads\/2022\/12\/Kopia-001_NOPIC-600x400.jpg 600w\" sizes=\"(max-width: 639px) 600w, (min-width: 640px) 360w\" title=\"Medy\u0144ski W\u0142adys\u0142aw Napoleon\" alt=\"Medy\u0144ski W\u0142adys\u0142aw Napoleon\" itemprop=\"image\">\n\t\t\t\t\t\t\t<\/a>\n\t\t\t<h2 class=\"wpucv-post-title\" itemprop=\"name headline\">\n\t\t\t\t<a href=\"https:\/\/dziedzictwopolonii.pl\/portal\/medynski-wladyslaw-napoleon\/\">Medy\u0144ski W\u0142adys\u0142aw Napoleon<\/a>\n\t\t\t<\/h2>\n\t\t\t\n\t\t\t<div class=\"wpucv-post-meta\"><a href=\"https:\/\/dziedzictwopolonii.pl\/portal\/author\/redakcja\/\" title=\"Wpisy od Redakcja\">Redakcja<\/a>&nbsp;|&nbsp;<time datetime=\"2022-12-21\">21 grudnia 2022<\/time><\/div>\t\t\t\n\t\t\t<p class=\"wpucv-excerpt\">POBIERZ PDF(1808 S\u0142upia Nadbrze\u017cna \u2013 1854 Cassis, dep. Bouches-du-Rh\u00f4ne Francja), lekarz chirurg. We Francji od ok. 1836. Wykszta\u0142cenie: studia medyczne&hellip;<\/p>\t\t<\/article>\n\t\t\t\t\t\t\t\t\n\t\t\t\t<article id=\"post-3785\" class=\"cell small-12 medium-6 large-4\" itemscope itemtype=\"http:\/\/schema.org\/Article\">\n\t\t\t<a class=\"wpucv-image-link-wrapper\" href=\"https:\/\/dziedzictwopolonii.pl\/portal\/michalowski-feliks-wladyslaw\/\" title=\"Micha\u0142owski Feliks W\u0142adys\u0142aw\">\n\t\t\t\t\t\t\t<img decoding=\"async\" class=\"wpucv-image-responsive\" src=\"https:\/\/dziedzictwopolonii.pl\/portal\/wp-content\/uploads\/2022\/12\/Kopia-001_NOPIC-360x240.jpg\" srcset=\"https:\/\/dziedzictwopolonii.pl\/portal\/wp-content\/uploads\/2022\/12\/Kopia-001_NOPIC-360x240.jpg 360w, https:\/\/dziedzictwopolonii.pl\/portal\/wp-content\/uploads\/2022\/12\/Kopia-001_NOPIC-600x400.jpg 600w\" sizes=\"(max-width: 639px) 600w, (min-width: 640px) 360w\" title=\"Micha\u0142owski Feliks W\u0142adys\u0142aw\" alt=\"Micha\u0142owski Feliks W\u0142adys\u0142aw\" itemprop=\"image\">\n\t\t\t\t\t\t\t<\/a>\n\t\t\t<h2 class=\"wpucv-post-title\" itemprop=\"name headline\">\n\t\t\t\t<a href=\"https:\/\/dziedzictwopolonii.pl\/portal\/michalowski-feliks-wladyslaw\/\">Micha\u0142owski Feliks W\u0142adys\u0142aw<\/a>\n\t\t\t<\/h2>\n\t\t\t\n\t\t\t<div class=\"wpucv-post-meta\"><a href=\"https:\/\/dziedzictwopolonii.pl\/portal\/author\/redakcja\/\" title=\"Wpisy od Redakcja\">Redakcja<\/a>&nbsp;|&nbsp;<time datetime=\"2022-12-21\">21 grudnia 2022<\/time><\/div>\t\t\t\n\t\t\t<p class=\"wpucv-excerpt\">POBIERZ PDF(1813 Potok, woj. lubelskie \u2013 1893 Pary\u017c), lekarz internista, dzia\u0142acz polonijny. We Francji od 1832. Wykszta\u0142cenie: studia medyczne na&hellip;<\/p>\t\t<\/article>\n\t\t\t\t\t\t\t\t\n\t\t\t\t<article id=\"post-3788\" class=\"cell small-12 medium-6 large-4\" itemscope itemtype=\"http:\/\/schema.org\/Article\">\n\t\t\t<a class=\"wpucv-image-link-wrapper\" href=\"https:\/\/dziedzictwopolonii.pl\/portal\/midowicz-kazimierz-wincenty\/\" title=\"Midowicz Kazimierz Wincenty\">\n\t\t\t\t\t\t\t<img decoding=\"async\" class=\"wpucv-image-responsive\" src=\"https:\/\/dziedzictwopolonii.pl\/portal\/wp-content\/uploads\/2022\/12\/Kopia-001_NOPIC-360x240.jpg\" srcset=\"https:\/\/dziedzictwopolonii.pl\/portal\/wp-content\/uploads\/2022\/12\/Kopia-001_NOPIC-360x240.jpg 360w, https:\/\/dziedzictwopolonii.pl\/portal\/wp-content\/uploads\/2022\/12\/Kopia-001_NOPIC-600x400.jpg 600w\" sizes=\"(max-width: 639px) 600w, (min-width: 640px) 360w\" title=\"Midowicz Kazimierz Wincenty\" alt=\"Midowicz Kazimierz Wincenty\" itemprop=\"image\">\n\t\t\t\t\t\t\t<\/a>\n\t\t\t<h2 class=\"wpucv-post-title\" itemprop=\"name headline\">\n\t\t\t\t<a href=\"https:\/\/dziedzictwopolonii.pl\/portal\/midowicz-kazimierz-wincenty\/\">Midowicz Kazimierz Wincenty<\/a>\n\t\t\t<\/h2>\n\t\t\t\n\t\t\t<div class=\"wpucv-post-meta\"><a href=\"https:\/\/dziedzictwopolonii.pl\/portal\/author\/redakcja\/\" title=\"Wpisy od Redakcja\">Redakcja<\/a>&nbsp;|&nbsp;<time datetime=\"2022-12-21\">21 grudnia 2022<\/time><\/div>\t\t\t\n\t\t\t<p class=\"wpucv-excerpt\">POBIERZ PDF(1855 wie\u015b Uszew, pow. brzeski \u2013 1902 State Line, stan Missisipi, USA), lekarz chirurg, dzia\u0142acz polonijny. Wykszta\u0142cenie: studia medyczne&hellip;<\/p>\t\t<\/article>\n\t\t\t\t\t\t\t\t\n\t\t\t\t<article id=\"post-3790\" class=\"cell small-12 medium-6 large-4\" itemscope itemtype=\"http:\/\/schema.org\/Article\">\n\t\t\t<a class=\"wpucv-image-link-wrapper\" href=\"https:\/\/dziedzictwopolonii.pl\/portal\/milgrom-felix\/\" title=\"Milgrom Felix\">\n\t\t\t\t\t\t\t<img decoding=\"async\" class=\"wpucv-image-responsive\" src=\"https:\/\/dziedzictwopolonii.pl\/portal\/wp-content\/uploads\/2022\/12\/MILGROM-Feliks-360x240.jpg\" srcset=\"https:\/\/dziedzictwopolonii.pl\/portal\/wp-content\/uploads\/2022\/12\/MILGROM-Feliks-360x240.jpg 360w, https:\/\/dziedzictwopolonii.pl\/portal\/wp-content\/uploads\/2022\/12\/MILGROM-Feliks-600x400.jpg 600w\" sizes=\"(max-width: 639px) 600w, (min-width: 640px) 360w\" title=\"Milgrom Felix\" alt=\"Milgrom Felix\" itemprop=\"image\">\n\t\t\t\t\t\t\t<\/a>\n\t\t\t<h2 class=\"wpucv-post-title\" itemprop=\"name headline\">\n\t\t\t\t<a href=\"https:\/\/dziedzictwopolonii.pl\/portal\/milgrom-felix\/\">Milgrom Felix<\/a>\n\t\t\t<\/h2>\n\t\t\t\n\t\t\t<div class=\"wpucv-post-meta\"><a href=\"https:\/\/dziedzictwopolonii.pl\/portal\/author\/redakcja\/\" title=\"Wpisy od Redakcja\">Redakcja<\/a>&nbsp;|&nbsp;<time datetime=\"2022-12-21\">21 grudnia 2022<\/time><\/div>\t\t\t\n\t\t\t<p class=\"wpucv-excerpt\">POBIERZ PDF(1919 Rohaty\u0144, woj. stanis\u0142awowskie \u2013 2007 Buffalo, USA), lekarz immunolog, nauczyciel akademicki. Uczestnik powstania warszawskiego 1944. Studia medyczne: Uniwersytet&hellip;<\/p>\t\t<\/article>\n\t\t\t<\/div>\n\t<\/div>\t\t\t\t<\/div>\n\t\t\t\t\n\t\t\t\t\t\t\t\t<div class=\"wpucv-pagination-wrapper clearfix\">\n\t\t\t\t\t\t\t<nav aria-label=\"Pagination\">\n\n\t\t\t<ul class=\"wpucv-pagination\">\n\t\t\t\t\t\t\t\t\n\t\t\t\t\t\t\t\t\n\t\t\t\t\t\t\t\t\t\n\t\t\t\t\t\t\t\t\t\t<li class=\"current\"><span>1<\/span><\/li>\n\t\t\t\t\t\t\t\t\t\t\n\t\t\t\t\t\t\t\t\t\n\t\t\t\t\t\t\t\t\t\t<li><a href=\"javascript:void(0);\" onclick=\"wpucv_change_page('2293', 'list_69f1f8bac72b1', 2)\">2<\/a><\/li>\n\t\t\t\t\t\t\t\t\t\t\n\t\t\t\t\t\t\t\t\n\t\t\t\t\t\t\t\t<li><a href=\"javascript:void(0);\" onclick=\"wpucv_change_page('2293', 'list_69f1f8bac72b1', 2)\"><\/a><\/li>\n\t\t\t\t\t\t\t\t\n\t\t\t\t\t\t\t<\/ul>\n\t\t<\/nav>\n\t\t\t\t\t\t<\/div>\n\t\t\t\t\t\t\t\t\t<\/div>\n\t\t\n","protected":false},"excerpt":{"rendered":"<p>(1919 Rohaty\u0144, woj. stanis\u0142awowskie \u2013 2007 Buffalo, USA), lekarz immunolog, nauczyciel akademicki. Uczestnik powstania warszawskiego 1944. Studia medyczne: Uniwersytet&hellip;<\/p>\n","protected":false},"author":4,"featured_media":0,"comment_status":"closed","ping_status":"closed","sticky":false,"template":"","format":"standard","meta":{"_mi_skip_tracking":false,"footnotes":""},"categories":[103],"tags":[],"class_list":["post-2191","post","type-post","status-publish","format-standard","hentry","category-lista-biogramow"],"_links":{"self":[{"href":"https:\/\/dziedzictwopolonii.pl\/portal\/wp-json\/wp\/v2\/posts\/2191","targetHints":{"allow":["GET"]}}],"collection":[{"href":"https:\/\/dziedzictwopolonii.pl\/portal\/wp-json\/wp\/v2\/posts"}],"about":[{"href":"https:\/\/dziedzictwopolonii.pl\/portal\/wp-json\/wp\/v2\/types\/post"}],"author":[{"embeddable":true,"href":"https:\/\/dziedzictwopolonii.pl\/portal\/wp-json\/wp\/v2\/users\/4"}],"replies":[{"embeddable":true,"href":"https:\/\/dziedzictwopolonii.pl\/portal\/wp-json\/wp\/v2\/comments?post=2191"}],"version-history":[{"count":4,"href":"https:\/\/dziedzictwopolonii.pl\/portal\/wp-json\/wp\/v2\/posts\/2191\/revisions"}],"predecessor-version":[{"id":2295,"href":"https:\/\/dziedzictwopolonii.pl\/portal\/wp-json\/wp\/v2\/posts\/2191\/revisions\/2295"}],"wp:attachment":[{"href":"https:\/\/dziedzictwopolonii.pl\/portal\/wp-json\/wp\/v2\/media?parent=2191"}],"wp:term":[{"taxonomy":"category","embeddable":true,"href":"https:\/\/dziedzictwopolonii.pl\/portal\/wp-json\/wp\/v2\/categories?post=2191"},{"taxonomy":"post_tag","embeddable":true,"href":"https:\/\/dziedzictwopolonii.pl\/portal\/wp-json\/wp\/v2\/tags?post=2191"}],"curies":[{"name":"wp","href":"https:\/\/api.w.org\/{rel}","templated":true}]}}