{"id":2181,"date":"2022-12-19T17:10:54","date_gmt":"2022-12-19T16:10:54","guid":{"rendered":"http:\/\/yanh.pl\/dev\/srbnp\/?p=2181"},"modified":"2023-01-27T10:02:05","modified_gmt":"2023-01-27T09:02:05","slug":"naukowcy","status":"publish","type":"post","link":"https:\/\/dziedzictwopolonii.pl\/portal\/naukowcy\/","title":{"rendered":"Naukowcy"},"content":{"rendered":"<div class=\"pdfprnt-buttons pdfprnt-buttons-post pdfprnt-top-right\"><a href=\"https:\/\/dziedzictwopolonii.pl\/portal\/wp-json\/wp\/v2\/posts\/2181?print=pdf\" class=\"pdfprnt-button pdfprnt-button-pdf\" target=\"_blank\"><img decoding=\"async\" src=\"http:\/\/dziedzictwopolonii.pl\/portal\/wp-content\/plugins\/pdf-print\/images\/pdf.png\" alt=\"image_pdf\" title=\"Download PDF\" \/><span class=\"pdfprnt-button-title pdfprnt-button-pdf-title\">POBIERZ PDF<\/span><\/a><a href=\"https:\/\/dziedzictwopolonii.pl\/portal\/wp-json\/wp\/v2\/posts\/2181?print=print\" class=\"pdfprnt-button pdfprnt-button-print\" target=\"_blank\"><img decoding=\"async\" src=\"http:\/\/dziedzictwopolonii.pl\/portal\/wp-content\/plugins\/pdf-print\/images\/print.png\" alt=\"image_print\" title=\"Print Content\" \/><\/a><\/div><p style=\"text-align: justify;\">Wspominaj\u0105c o polskim wychod\u017astwie i emigracji, zazwyczaj skupiamy si\u0119 na losach powsta\u0144c\u00f3w, skaza\u0144c\u00f3w, etc. \u2013 tj. na emigracji politycznej b\u0105d\u017a te\u017c zarobkowej. Zapominaj\u0105c cz\u0119sto o przedstawicielach \u015bwiata nauki i kultury. Tym samym kwestia ich dorobku naukowego i kulturowego <em>\u201eginie w \u015bwiadomo\u015bci zbiorowej, a przecie\u017c ju\u017c od Wiek\u00f3w \u015arednich, Polacy byli cz\u0119\u015bci\u0105 intelektualnego \u015bwiata i n<\/em><em>iew\u0105tpliwie du\u017cym zaszczytem dla polskiej nauki\u201d<a href=\"#_ftn1\" name=\"_ftnref1\"><strong>[1]<\/strong><\/a> <\/em>stanowi fakt, \u017ce jej przedstawiciele dokonywali prze\u0142omowych odkry\u0107, piastowali zaszczytne stanowiska profesor\u00f3w, rektor\u00f3w, prorektor\u00f3w czy dziekan\u00f3w na wielu znanych i presti\u017cowych uczelniach \u015bwiata &#8211; m.in. we: Francji, Belgii, Hiszpanii, Holandii, Szwajcarii, Wielkiej Brytanii, W\u0142oszech, Niemczech, Rosji, Szwecji, Norwegii, Kanadzie, Peru, Japonii, Australii, Stanach Zjednoczonych i innych pa\u0144stwach.<\/p>\n<p style=\"text-align: justify;\">Zach\u0119camy do zapoznania si\u0119 z wybranymi przedstawicielami nauki polskiej.<\/p>\n<p style=\"text-align: justify;\"><a href=\"#_ftnref1\" name=\"_ftn1\">[1]<\/a> T. Skoczek, <em>Przedmowa<\/em>, [w]: <em>Polacy Profesorami zagranicznych uczelni. S\u0142ownik Biograficzny<\/em>, Warszawa 2022.<\/p>\n<p style=\"text-align: justify;\">\t\t\n\t\t\n\t\t<style>\n\t\t\n\t\t#list_69f20e17c51b5 .wpucv-list article.wpucv-featured-post h2.wpucv-post-title {\n\t\t\t\t\t\tfont-size: 20px !important;\n\t\t\t\t\t\t\n\t\t\t\t\t\tline-height: 26px !important;\n\t\t\t\t\t\t\n\t\t\t\t\t\tfont-weight: 700 !important;\n\t\t\t\t\t}\n\t\t\n\t\t\t\t#list_69f20e17c51b5 .wpucv-list article.wpucv-featured-post .wpucv-post-title,\n\t\t#list_69f20e17c51b5 .wpucv-list article.wpucv-featured-post .wpucv-post-title a,\n\t\t#list_69f20e17c51b5 .wpucv-list article.wpucv-featured-post .wpucv-post-title a:visited{\n\t\t\tcolor: #232323 !important;\n\t\t}\n\t\t\t\t\n\t\t\t\t#list_69f20e17c51b5 .wpucv-list article.wpucv-featured-post .wpucv-post-title a:hover,\n\t\t#list_69f20e17c51b5 .wpucv-list article.wpucv-featured-post .wpucv-post-title a:active {\n\t\t\tcolor: #232323 !important;\n\t\t}\n\t\t\t\t\n\t\t#list_69f20e17c51b5 .wpucv-list article.wpucv-featured-post .wpucv-post-meta,\n\t\t#list_69f20e17c51b5 .wpucv-list article.wpucv-featured-post .wpucv-post-meta a{\n\t\t\t\t\t\tfont-size: 12px !important;\n\t\t\t\t\t\t\n\t\t\t\t\t\tline-height: 16px !important;\n\t\t\t\t\t\t\n\t\t\t\t\t\tfont-weight: 400 !important;\n\t\t\t\t\t\t\n\t\t\t\t\t\tcolor: #888888 !important;\n\t\t\t\t\t}\n\t\t\n\t\t#list_69f20e17c51b5 .wpucv-list article.wpucv-featured-post p.wpucv-excerpt{\n\t\t\t\t\t\tfont-size: 13px !important;\n\t\t\t\t\t\t\n\t\t\t\t\t\tline-height: 17px !important;\n\t\t\t\t\t\t\n\t\t\t\t\t\tfont-weight: 400 !important;\n\t\t\t\t\t\t\n\t\t\t\t\t\tcolor: #333333 !important;\n\t\t\t\t\t}\n\t\t\n\t\t#list_69f20e17c51b5 .wpucv-list article.wpucv-featured-post a.wpucv-read-more,\n\t\t#list_69f20e17c51b5 .wpucv-list article.wpucv-featured-post a.wpucv-read-more.wpucv-button{\n\t\t\t\t\t\tcolor: #FFFFFF !important;\n\t\t\t\t\t\t\n\t\t\t\t\t\tfont-size: 14px !important;\n\t\t\t\t\t\t\n\t\t\t\t\t\tline-height: 14px !important;\n\t\t\t\t\t\t\n\t\t\t\t\t\tfont-weight: 400 !important;\n\t\t\t\t\t\t\n\t\t\t-webkit-transition: all 0.7s !important;\n\t\t\t-moz-transition: all 0.7s !important;\n\t\t\t-o-transition: all 0.7s !important;\n\t\t\ttransition: all 0.7s !important;\n\t\t}\n\t\t\n\t\t\t\t#list_69f20e17c51b5 .wpucv-list article.wpucv-featured-post a.wpucv-read-more,\n\t\t#list_69f20e17c51b5 .wpucv-list article.wpucv-featured-post a.wpucv-read-more.wpucv-button{\n\t\t\tbackground-color: #5e5e5e !important;\n\t\t}\n\t\t\t\t\n\t\t\t\t#list_69f20e17c51b5 .wpucv-list article.wpucv-featured-post a.wpucv-read-more:hover,\n\t\t#list_69f20e17c51b5 .wpucv-list article.wpucv-featured-post a.wpucv-read-more:active,\n\t\t#list_69f20e17c51b5 .wpucv-list article.wpucv-featured-post a.wpucv-read-more.wpucv-button:hover,\n\t\t#list_69f20e17c51b5 .wpucv-list article.wpucv-featured-post a.wpucv-read-more.wpucv-button:active{\n\t\t\tcolor: #FFFFFF !important;\n\t\t}\n\t\t\t\t\n\t\t\t\t#list_69f20e17c51b5 .wpucv-list article.wpucv-featured-post a.wpucv-read-more.wpucv-button:hover,\n\t\t#list_69f20e17c51b5 .wpucv-list article.wpucv-featured-post a.wpucv-read-more.wpucv-button:active{\n\t\t\tbackground-color: #5e5e5e !important;\n\t\t}\n\t\t\t\t\n\t\t#list_69f20e17c51b5 .wpucv-list article h2.wpucv-post-title{\n\t\t\t\t\t\tfont-size: 20px !important;\n\t\t\t\t\t\t\n\t\t\t\t\t\tline-height: 26px !important;\n\t\t\t\t\t\t\n\t\t\t\t\t\tfont-weight: 700 !important;\n\t\t\t\t\t}\n\t\t\n\t\t\t\t#list_69f20e17c51b5 .wpucv-list article .wpucv-post-title,\n\t\t#list_69f20e17c51b5 .wpucv-list article .wpucv-post-title a,\n\t\t#list_69f20e17c51b5 .wpucv-list article .wpucv-post-title a:visited{\n\t\t\tcolor: #232323 !important;\n\t\t}\n\t\t\t\t\n\t\t\t\t#list_69f20e17c51b5 .wpucv-list article .wpucv-post-title a:hover,\n\t\t#list_69f20e17c51b5 .wpucv-list article .wpucv-post-title a:active {\n\t\t\tcolor: #232323 !important;\n\t\t}\n\t\t\t\t\n\t\t#list_69f20e17c51b5 .wpucv-list article .wpucv-post-meta{\n\t\t\t\t\t\tfont-size: 12px !important;\n\t\t\t\t\t\t\n\t\t\t\t\t\tline-height: 16px !important;\n\t\t\t\t\t\t\n\t\t\t\t\t\tfont-weight: 400 !important;\n\t\t\t\t\t}\n\t\t\n\t\t\t\t#list_69f20e17c51b5 .wpucv-list article .wpucv-post-meta,\n\t\t#list_69f20e17c51b5 .wpucv-list article .wpucv-post-meta a,\n\t\t#list_69f20e17c51b5 .wpucv-list article .wpucv-post-meta a:visited,\n\t\t#list_69f20e17c51b5 .wpucv-list article .wpucv-post-meta a:hover,\n\t\t#list_69f20e17c51b5 .wpucv-list article .wpucv-post-meta a:active{\n\t\t\tcolor: #888888 !important;\n\t\t}\n\t\t\t\t\n\t\t#list_69f20e17c51b5 .wpucv-list article p.wpucv-excerpt{\n\t\t\t\t\t\tfont-size: 13px !important;\n\t\t\t\t\t\t\n\t\t\t\t\t\tline-height: 17px !important;\n\t\t\t\t\t\t\n\t\t\t\t\t\tfont-weight: 400 !important;\n\t\t\t\n\t\t\t\t\t\tcolor: #333333 !important;\n\t\t\t\t\t}\n\t\t\n\t\t#list_69f20e17c51b5 .wpucv-list article a.wpucv-read-more,\n\t\t#list_69f20e17c51b5 .wpucv-list article a.wpucv-read-more.wpucv-button{\n\t\t\t\t\t\tcolor: #FFFFFF !important;\n\t\t\t\t\t\t\n\t\t\t\t\t\tfont-size: 14px !important;\n\t\t\t\t\t\t\n\t\t\t\t\t\tline-height: 14px !important;\n\t\t\t\t\t\t\n\t\t\t\t\t\tfont-weight: 400 !important;\n\t\t\t\n\t\t\t-webkit-transition: all 0.7s !important;\n\t\t\t-moz-transition: all 0.7s !important;\n\t\t\t-o-transition: all 0.7s !important;\n\t\t\ttransition: all 0.7s !important;\n\t\t}\n\t\t\n\t\t\t\t#list_69f20e17c51b5 .wpucv-list article a.wpucv-read-more.wpucv-button{\n\t\t\tbackground-color: #5e5e5e !important;\n\t\t}\n\t\t\t\t\n\t\t\t\t#list_69f20e17c51b5 .wpucv-list article a.wpucv-read-more:hover,\n\t\t#list_69f20e17c51b5 .wpucv-list article a.wpucv-read-more:active,\n\t\t#list_69f20e17c51b5 .wpucv-list article a.wpucv-read-more.wpucv-button:hover,\n\t\t#list_69f20e17c51b5 .wpucv-list article a.wpucv-read-more.wpucv-button:active{\n\t\t\tcolor: #FFFFFF !important;\n\t\t}\n\t\t\t\t\n\t\t\t\t#list_69f20e17c51b5 .wpucv-list article a.wpucv-read-more.wpucv-button:hover,\n\t\t#list_69f20e17c51b5 .wpucv-list article a.wpucv-read-more.wpucv-button:active{\n\t\t\tbackground-color: #ff0000 !important;\n\t\t}\n\t\t\t\t\n\t\t\t\t\n\t\t#list_69f20e17c51b5 .wpucv-pagination-wrapper .wpucv-pagination li a{\n\t\t\t\t\t\tcolor: #FFFFFF !important;\n\t\t\t\t\t\t\n\t\t\t\t\t\tbackground-color: #4584ED !important;\n\t\t\t\t\t}\n\t\t\n\t\t#list_69f20e17c51b5 .wpucv-pagination-wrapper .wpucv-pagination li a:hover,\n\t\t#list_69f20e17c51b5 .wpucv-pagination-wrapper .wpucv-pagination li span{\n\t\t\t\t\t\tcolor: #FFFFFF !important;\n\t\t\t\t\t\t\n\t\t\t\t\t\tbackground-color: #adadad !important;\n\t\t\t\t\t}\n\t\t\n\t\t\t\t\n\t\t\t\t\n\t\t\t\t#list_69f20e17c51b5 .wpucv-list.wpucv-style06 article {\n\t\t\t text-align: center;\n\t\t}\n\t\t\t\t\n\t\t\t\t\n\t\t\t\t\n\t\t\t\t#list_69f20e17c51b5 .wpucv-list.wpucv-style02 article {\n\t\t\tpadding-left: 10px !important;\n\t\t\tpadding-right: 10px !important;\n\t\t}\n\t\t\t\t\n\t\t\t\t#list_69f20e17c51b5 .wpucv-list.wpucv-style02 article {\n\t\t\tpadding-top: 10px !important;\n\t\t\tpadding-bottom: 10px !important;\n\t\t}\n\t\t\t\t\n\t\t\t\t#list_69f20e17c51b5 .wpucv-list.wpucv-style05 .cell {\n\t\t\tpadding: 5px !important;\n\t\t}\n\t\t\t\t\n\t\t\t\t<\/style>\n\t\t\t\t<div class=\"wpucv\" id=\"list_69f20e17c51b5\">\n\t\t\t\t\t\t\t\t\t\t\t\n\t\t\t\t<div class=\"wpucv-list-wrapper\">\n\t\t\t\t\t\n<div class=\"wpucv-list wpucv-style02\">\n\t\t<div class=\"grid-x\">\n\t\t\t\t\t\t\t\t\n\t\t\t\t<article id=\"post-2496\" class=\"cell small-12 medium-6 large-4\" itemscope itemtype=\"http:\/\/schema.org\/Article\">\n\t\t\t<a class=\"wpucv-image-link-wrapper\" href=\"https:\/\/dziedzictwopolonii.pl\/portal\/woroniecki-jacek\/\" title=\"Woroniecki Jacek\">\n\t\t\t\t\t\t\t<img decoding=\"async\" class=\"wpucv-image-responsive\" src=\"https:\/\/dziedzictwopolonii.pl\/portal\/wp-content\/uploads\/2022\/12\/herald_default-360x240.jpg\" srcset=\"https:\/\/dziedzictwopolonii.pl\/portal\/wp-content\/uploads\/2022\/12\/herald_default-360x240.jpg 360w, https:\/\/dziedzictwopolonii.pl\/portal\/wp-content\/uploads\/2022\/12\/herald_default-600x400.jpg 600w\" sizes=\"(max-width: 639px) 600w, (min-width: 640px) 360w\" title=\"Woroniecki Jacek\" alt=\"Woroniecki Jacek\" itemprop=\"image\">\n\t\t\t\t\t\t\t<\/a>\n\t\t\t<h2 class=\"wpucv-post-title\" itemprop=\"name headline\">\n\t\t\t\t<a href=\"https:\/\/dziedzictwopolonii.pl\/portal\/woroniecki-jacek\/\">Woroniecki Jacek<\/a>\n\t\t\t<\/h2>\n\t\t\t\n\t\t\t<div class=\"wpucv-post-meta\"><a href=\"https:\/\/dziedzictwopolonii.pl\/portal\/author\/redakcja\/\" title=\"Wpisy od Redakcja\">Redakcja<\/a>&nbsp;|&nbsp;<time datetime=\"2022-12-20\">20 grudnia 2022<\/time><\/div>\t\t\t\n\t\t\t<p class=\"wpucv-excerpt\">POBIERZ PDFJacek Adam Woroniecki urodzi\u0142 si\u0119 21 grudnia 1878 roku w Lublinie. Matur\u0119 zda\u0142 w 1898, w IV Gimnazjum M\u0119skim&hellip;<\/p>\t\t<\/article>\n\t\t\t\t\t\t\t\t\n\t\t\t\t<article id=\"post-4699\" class=\"cell small-12 medium-6 large-4\" itemscope itemtype=\"http:\/\/schema.org\/Article\">\n\t\t\t<a class=\"wpucv-image-link-wrapper\" href=\"https:\/\/dziedzictwopolonii.pl\/portal\/wladyslaw-jan-skiba-prof-dr-hab-w-zakresie-geologii-i-geografii\/\" title=\"W\u0142adys\u0142aw Jan Skiba, prof. dr hab. w zakresie geologii i geografii\">\n\t\t\t\t\t\t\t<img decoding=\"async\" class=\"wpucv-image-responsive\" src=\"https:\/\/dziedzictwopolonii.pl\/portal\/wp-content\/uploads\/2023\/12\/Kopia-001_NOPIC-600x400-1-360x240.jpg\" srcset=\"https:\/\/dziedzictwopolonii.pl\/portal\/wp-content\/uploads\/2023\/12\/Kopia-001_NOPIC-600x400-1-360x240.jpg 360w, https:\/\/dziedzictwopolonii.pl\/portal\/wp-content\/uploads\/2023\/12\/Kopia-001_NOPIC-600x400-1.jpg 600w\" sizes=\"(max-width: 639px) 600w, (min-width: 640px) 360w\" title=\"W\u0142adys\u0142aw Jan Skiba, prof. dr hab. w zakresie geologii i geografii\" alt=\"W\u0142adys\u0142aw Jan Skiba, prof. dr hab. w zakresie geologii i geografii\" itemprop=\"image\">\n\t\t\t\t\t\t\t<\/a>\n\t\t\t<h2 class=\"wpucv-post-title\" itemprop=\"name headline\">\n\t\t\t\t<a href=\"https:\/\/dziedzictwopolonii.pl\/portal\/wladyslaw-jan-skiba-prof-dr-hab-w-zakresie-geologii-i-geografii\/\">W\u0142adys\u0142aw Jan Skiba, prof. dr hab. w zakresie geologii i geografii<\/a>\n\t\t\t<\/h2>\n\t\t\t\n\t\t\t<div class=\"wpucv-post-meta\"><a href=\"https:\/\/dziedzictwopolonii.pl\/portal\/author\/admin\/\" title=\"Wpisy od admin\">admin<\/a>&nbsp;|&nbsp;<time datetime=\"2023-12-19\">19 grudnia 2023<\/time><\/div>\t\t\t\n\t\t\t<p class=\"wpucv-excerpt\">POBIERZ PDFW\u0142adys\u0142aw Jan Skiba, prof. dr hab. w zakresie geologii i geografii Urodzony 13 lipca 1912 roku w Podg\u00f3rzu k.&hellip;<\/p>\t\t<\/article>\n\t\t\t\t\t\t\t\t\n\t\t\t\t<article id=\"post-2275\" class=\"cell small-12 medium-6 large-4\" itemscope itemtype=\"http:\/\/schema.org\/Article\">\n\t\t\t<a class=\"wpucv-image-link-wrapper\" href=\"https:\/\/dziedzictwopolonii.pl\/portal\/venulet-jan\/\" title=\"Venulet Jan\">\n\t\t\t\t\t\t\t<img decoding=\"async\" class=\"wpucv-image-responsive\" src=\"https:\/\/dziedzictwopolonii.pl\/portal\/wp-content\/uploads\/2022\/12\/VENULET-Jan-portret-scaled-360x240.jpg\" srcset=\"https:\/\/dziedzictwopolonii.pl\/portal\/wp-content\/uploads\/2022\/12\/VENULET-Jan-portret-scaled-360x240.jpg 360w, https:\/\/dziedzictwopolonii.pl\/portal\/wp-content\/uploads\/2022\/12\/VENULET-Jan-portret-scaled-600x400.jpg 600w\" sizes=\"(max-width: 639px) 600w, (min-width: 640px) 360w\" title=\"Venulet Jan\" alt=\"Venulet Jan\" itemprop=\"image\">\n\t\t\t\t\t\t\t<\/a>\n\t\t\t<h2 class=\"wpucv-post-title\" itemprop=\"name headline\">\n\t\t\t\t<a href=\"https:\/\/dziedzictwopolonii.pl\/portal\/venulet-jan\/\">Venulet Jan<\/a>\n\t\t\t<\/h2>\n\t\t\t\n\t\t\t<div class=\"wpucv-post-meta\"><a href=\"https:\/\/dziedzictwopolonii.pl\/portal\/author\/redakcja\/\" title=\"Wpisy od Redakcja\">Redakcja<\/a>&nbsp;|&nbsp;<time datetime=\"2022-12-19\">19 grudnia 2022<\/time><\/div>\t\t\t\n\t\t\t<p class=\"wpucv-excerpt\">POBIERZ PDFdr hab. Joanna Py\u0142at Jan Venulet (ps. \u201cWir\u201d) &#8211; jako tw\u00f3rca \u201emi\u0119dzynarodowego programu monitorowania lek\u00f3w \u015awiatowej Organizacji Zdrowia\u201d, \u017co\u0142nierz&hellip;<\/p>\t\t<\/article>\n\t\t\t\t\t\t\t\t\n\t\t\t\t<article id=\"post-2491\" class=\"cell small-12 medium-6 large-4\" itemscope itemtype=\"http:\/\/schema.org\/Article\">\n\t\t\t<a class=\"wpucv-image-link-wrapper\" href=\"https:\/\/dziedzictwopolonii.pl\/portal\/szczepanik-edward-franciszek\/\" title=\"Szczepanik Edward Franciszek\">\n\t\t\t\t\t\t\t<img decoding=\"async\" class=\"wpucv-image-responsive\" src=\"https:\/\/dziedzictwopolonii.pl\/portal\/wp-content\/uploads\/2022\/12\/SZCZEPANIK-Edward-scaled-360x240.jpg\" srcset=\"https:\/\/dziedzictwopolonii.pl\/portal\/wp-content\/uploads\/2022\/12\/SZCZEPANIK-Edward-scaled-360x240.jpg 360w, https:\/\/dziedzictwopolonii.pl\/portal\/wp-content\/uploads\/2022\/12\/SZCZEPANIK-Edward-scaled-600x400.jpg 600w\" sizes=\"(max-width: 639px) 600w, (min-width: 640px) 360w\" title=\"Szczepanik Edward Franciszek\" alt=\"Szczepanik Edward Franciszek\" itemprop=\"image\">\n\t\t\t\t\t\t\t<\/a>\n\t\t\t<h2 class=\"wpucv-post-title\" itemprop=\"name headline\">\n\t\t\t\t<a href=\"https:\/\/dziedzictwopolonii.pl\/portal\/szczepanik-edward-franciszek\/\">Szczepanik Edward Franciszek<\/a>\n\t\t\t<\/h2>\n\t\t\t\n\t\t\t<div class=\"wpucv-post-meta\"><a href=\"https:\/\/dziedzictwopolonii.pl\/portal\/author\/redakcja\/\" title=\"Wpisy od Redakcja\">Redakcja<\/a>&nbsp;|&nbsp;<time datetime=\"2023-01-10\">10 stycznia 2023<\/time><\/div>\t\t\t\n\t\t\t<p class=\"wpucv-excerpt\">POBIERZ PDFKatarzyna Otoka, Edward Franciszek Szczepanik \u2013 naukowiec, m\u0105\u017c stanu, spo\u0142ecznik &#8211; prezes Polskiego Towarzystwa Naukowego na Obczy\u017anie (PTNO) i&hellip;<\/p>\t\t<\/article>\n\t\t\t\t\t\t\t\t\n\t\t\t\t<article id=\"post-4696\" class=\"cell small-12 medium-6 large-4\" itemscope itemtype=\"http:\/\/schema.org\/Article\">\n\t\t\t<a class=\"wpucv-image-link-wrapper\" href=\"https:\/\/dziedzictwopolonii.pl\/portal\/miroslaw-lekis-dr-w-zakresie-geografii\/\" title=\"Miros\u0142aw Lekis, dr w zakresie geografii\">\n\t\t\t\t\t\t\t<img decoding=\"async\" class=\"wpucv-image-responsive\" src=\"https:\/\/dziedzictwopolonii.pl\/portal\/wp-content\/uploads\/2023\/12\/Kopia-001_NOPIC-600x400-1-360x240.jpg\" srcset=\"https:\/\/dziedzictwopolonii.pl\/portal\/wp-content\/uploads\/2023\/12\/Kopia-001_NOPIC-600x400-1-360x240.jpg 360w, https:\/\/dziedzictwopolonii.pl\/portal\/wp-content\/uploads\/2023\/12\/Kopia-001_NOPIC-600x400-1.jpg 600w\" sizes=\"(max-width: 639px) 600w, (min-width: 640px) 360w\" title=\"Miros\u0142aw Lekis, dr w zakresie geografii\" alt=\"Miros\u0142aw Lekis, dr w zakresie geografii\" itemprop=\"image\">\n\t\t\t\t\t\t\t<\/a>\n\t\t\t<h2 class=\"wpucv-post-title\" itemprop=\"name headline\">\n\t\t\t\t<a href=\"https:\/\/dziedzictwopolonii.pl\/portal\/miroslaw-lekis-dr-w-zakresie-geografii\/\">Miros\u0142aw Lekis, dr w zakresie geografii<\/a>\n\t\t\t<\/h2>\n\t\t\t\n\t\t\t<div class=\"wpucv-post-meta\"><a href=\"https:\/\/dziedzictwopolonii.pl\/portal\/author\/admin\/\" title=\"Wpisy od admin\">admin<\/a>&nbsp;|&nbsp;<time datetime=\"2023-12-19\">19 grudnia 2023<\/time><\/div>\t\t\t\n\t\t\t<p class=\"wpucv-excerpt\">POBIERZ PDFMiros\u0142aw Lekis, dr w zakresie geografii Urodzony 11 pa\u017adziernika 1919 roku w P\u0142ocku. Uko\u0144czy\u0142 gimnazjum przyrodnicze w P\u0142ocku. By\u0142&hellip;<\/p>\t\t<\/article>\n\t\t\t\t\t\t\t\t\n\t\t\t\t<article id=\"post-3944\" class=\"cell small-12 medium-6 large-4\" itemscope itemtype=\"http:\/\/schema.org\/Article\">\n\t\t\t<a class=\"wpucv-image-link-wrapper\" href=\"https:\/\/dziedzictwopolonii.pl\/portal\/makowski-zygmunt-stanislaw\/\" title=\"Makowski Zygmunt Stanis\u0142aw\">\n\t\t\t\t\t\t\t<img decoding=\"async\" class=\"wpucv-image-responsive\" src=\"https:\/\/dziedzictwopolonii.pl\/portal\/wp-content\/uploads\/2022\/12\/MAKOWSKI-Zygmunt-Stanislaw-360x240.jpg\" srcset=\"https:\/\/dziedzictwopolonii.pl\/portal\/wp-content\/uploads\/2022\/12\/MAKOWSKI-Zygmunt-Stanislaw-360x240.jpg 360w, https:\/\/dziedzictwopolonii.pl\/portal\/wp-content\/uploads\/2022\/12\/MAKOWSKI-Zygmunt-Stanislaw-600x400.jpg 600w\" sizes=\"(max-width: 639px) 600w, (min-width: 640px) 360w\" title=\"Makowski Zygmunt Stanis\u0142aw\" alt=\"Makowski Zygmunt Stanis\u0142aw\" itemprop=\"image\">\n\t\t\t\t\t\t\t<\/a>\n\t\t\t<h2 class=\"wpucv-post-title\" itemprop=\"name headline\">\n\t\t\t\t<a href=\"https:\/\/dziedzictwopolonii.pl\/portal\/makowski-zygmunt-stanislaw\/\">Makowski Zygmunt Stanis\u0142aw<\/a>\n\t\t\t<\/h2>\n\t\t\t\n\t\t\t<div class=\"wpucv-post-meta\"><a href=\"https:\/\/dziedzictwopolonii.pl\/portal\/author\/redakcja\/\" title=\"Wpisy od Redakcja\">Redakcja<\/a>&nbsp;|&nbsp;<time datetime=\"2023-01-06\">6 stycznia 2023<\/time><\/div>\t\t\t\n\t\t\t<p class=\"wpucv-excerpt\">POBIERZ PDFZygmunt Stanis\u0142aw Makowski (1922-2005) &#8211; prof. dr in\u017c. nauk technicznych, pionier konstrukcji przestrzennych Przedstawiciel \u201ePokolenia Kolumb\u00f3w\u201d &#8211; urodzony 15&hellip;<\/p>\t\t<\/article>\n\t\t\t\t\t\t\t\t\n\t\t\t\t<article id=\"post-3933\" class=\"cell small-12 medium-6 large-4\" itemscope itemtype=\"http:\/\/schema.org\/Article\">\n\t\t\t<a class=\"wpucv-image-link-wrapper\" href=\"https:\/\/dziedzictwopolonii.pl\/portal\/lichtarowicz-andrzej\/\" title=\"Lichtarowicz Andrzej\">\n\t\t\t\t\t\t\t<img decoding=\"async\" class=\"wpucv-image-responsive\" src=\"https:\/\/dziedzictwopolonii.pl\/portal\/wp-content\/uploads\/2022\/12\/Kopia-001_NOPIC-360x240.jpg\" srcset=\"https:\/\/dziedzictwopolonii.pl\/portal\/wp-content\/uploads\/2022\/12\/Kopia-001_NOPIC-360x240.jpg 360w, https:\/\/dziedzictwopolonii.pl\/portal\/wp-content\/uploads\/2022\/12\/Kopia-001_NOPIC-600x400.jpg 600w\" sizes=\"(max-width: 639px) 600w, (min-width: 640px) 360w\" title=\"Lichtarowicz Andrzej\" alt=\"Lichtarowicz Andrzej\" itemprop=\"image\">\n\t\t\t\t\t\t\t<\/a>\n\t\t\t<h2 class=\"wpucv-post-title\" itemprop=\"name headline\">\n\t\t\t\t<a href=\"https:\/\/dziedzictwopolonii.pl\/portal\/lichtarowicz-andrzej\/\">Lichtarowicz Andrzej<\/a>\n\t\t\t<\/h2>\n\t\t\t\n\t\t\t<div class=\"wpucv-post-meta\"><a href=\"https:\/\/dziedzictwopolonii.pl\/portal\/author\/redakcja\/\" title=\"Wpisy od Redakcja\">Redakcja<\/a>&nbsp;|&nbsp;<time datetime=\"2023-01-06\">6 stycznia 2023<\/time><\/div>\t\t\t\n\t\t\t<p class=\"wpucv-excerpt\">POBIERZ PDFAndrzej Lichtarowicz (1930-2015) \u2013 prof. dr in\u017c. mechanik, instruktor (podharcmistrz) Zwi\u0105zku Harcerstwa Polskiego poza Granicami Kraju, dzia\u0142acz katolicki i&hellip;<\/p>\t\t<\/article>\n\t\t\t\t\t\t\t\t\n\t\t\t\t<article id=\"post-4857\" class=\"cell small-12 medium-6 large-4\" itemscope itemtype=\"http:\/\/schema.org\/Article\">\n\t\t\t<a class=\"wpucv-image-link-wrapper\" href=\"https:\/\/dziedzictwopolonii.pl\/portal\/eugeniusz-jarra\/\" title=\"Eugeniusz Jarra \u2013 prawnik, filozof, badacz historii polskiej filozofii prawa\">\n\t\t\t\t\t\t\t<img decoding=\"async\" class=\"wpucv-image-responsive\" src=\"https:\/\/dziedzictwopolonii.pl\/portal\/wp-content\/uploads\/2023\/12\/Jarra-360x240.jpg\" srcset=\"https:\/\/dziedzictwopolonii.pl\/portal\/wp-content\/uploads\/2023\/12\/Jarra-360x240.jpg 360w, https:\/\/dziedzictwopolonii.pl\/portal\/wp-content\/uploads\/2023\/12\/Jarra-600x400.jpg 600w\" sizes=\"(max-width: 639px) 600w, (min-width: 640px) 360w\" title=\"Eugeniusz Jarra \u2013 prawnik, filozof, badacz historii polskiej filozofii prawa\" alt=\"Eugeniusz Jarra \u2013 prawnik, filozof, badacz historii polskiej filozofii prawa\" itemprop=\"image\">\n\t\t\t\t\t\t\t<\/a>\n\t\t\t<h2 class=\"wpucv-post-title\" itemprop=\"name headline\">\n\t\t\t\t<a href=\"https:\/\/dziedzictwopolonii.pl\/portal\/eugeniusz-jarra\/\">Eugeniusz Jarra \u2013 prawnik, filozof, badacz historii polskiej filozofii prawa<\/a>\n\t\t\t<\/h2>\n\t\t\t\n\t\t\t<div class=\"wpucv-post-meta\"><a href=\"https:\/\/dziedzictwopolonii.pl\/portal\/author\/admin\/\" title=\"Wpisy od admin\">admin<\/a>&nbsp;|&nbsp;<time datetime=\"2025-04-01\">1 kwietnia 2025<\/time><\/div>\t\t\t\n\t\t\t<p class=\"wpucv-excerpt\">POBIERZ PDFKarol Jaworski Uniwersytet Kardyna\u0142a Stefana Wyszy\u0144skiego w Warszawie ORCID: 0000-0002-3204-7546 Eugeniusz Jarra \u2013 prawnik, filozof, badacz historii polskiej filozofii&hellip;<\/p>\t\t<\/article>\n\t\t\t\t\t\t\t\t\n\t\t\t\t<article id=\"post-3941\" class=\"cell small-12 medium-6 large-4\" itemscope itemtype=\"http:\/\/schema.org\/Article\">\n\t\t\t<a class=\"wpucv-image-link-wrapper\" href=\"https:\/\/dziedzictwopolonii.pl\/portal\/dzienisiewicz-jan\/\" title=\"Dzienisiewicz Jan\">\n\t\t\t\t\t\t\t<img decoding=\"async\" class=\"wpucv-image-responsive\" src=\"https:\/\/dziedzictwopolonii.pl\/portal\/wp-content\/uploads\/2022\/12\/Kopia-001_NOPIC-360x240.jpg\" srcset=\"https:\/\/dziedzictwopolonii.pl\/portal\/wp-content\/uploads\/2022\/12\/Kopia-001_NOPIC-360x240.jpg 360w, https:\/\/dziedzictwopolonii.pl\/portal\/wp-content\/uploads\/2022\/12\/Kopia-001_NOPIC-600x400.jpg 600w\" sizes=\"(max-width: 639px) 600w, (min-width: 640px) 360w\" title=\"Dzienisiewicz Jan\" alt=\"Dzienisiewicz Jan\" itemprop=\"image\">\n\t\t\t\t\t\t\t<\/a>\n\t\t\t<h2 class=\"wpucv-post-title\" itemprop=\"name headline\">\n\t\t\t\t<a href=\"https:\/\/dziedzictwopolonii.pl\/portal\/dzienisiewicz-jan\/\">Dzienisiewicz Jan<\/a>\n\t\t\t<\/h2>\n\t\t\t\n\t\t\t<div class=\"wpucv-post-meta\"><a href=\"https:\/\/dziedzictwopolonii.pl\/portal\/author\/redakcja\/\" title=\"Wpisy od Redakcja\">Redakcja<\/a>&nbsp;|&nbsp;<time datetime=\"2023-01-06\">6 stycznia 2023<\/time><\/div>\t\t\t\n\t\t\t<p class=\"wpucv-excerpt\">POBIERZ PDFJan Dzienisiewicz (1913-1988) &#8211; dr in\u017c. Urodzony 24 listopada 1913 r. w Filipowie na Suwalszczy\u017anie. Zmar\u0142 10 stycznia 1988&hellip;<\/p>\t\t<\/article>\n\t\t\t\t\t\t\t\t\n\t\t\t\t<article id=\"post-4702\" class=\"cell small-12 medium-6 large-4\" itemscope itemtype=\"http:\/\/schema.org\/Article\">\n\t\t\t<a class=\"wpucv-image-link-wrapper\" href=\"https:\/\/dziedzictwopolonii.pl\/portal\/bogdan-zaborski-prof-dr-w-zakresie-geografii-geomorfologii-i-etnografii\/\" title=\"Bogdan Zaborski &#8211; prof. dr w zakresie geografii, geomorfologii i etnografii\">\n\t\t\t\t\t\t\t<img decoding=\"async\" class=\"wpucv-image-responsive\" src=\"https:\/\/dziedzictwopolonii.pl\/portal\/wp-content\/uploads\/2023\/12\/Kopia-001_NOPIC-600x400-1-360x240.jpg\" srcset=\"https:\/\/dziedzictwopolonii.pl\/portal\/wp-content\/uploads\/2023\/12\/Kopia-001_NOPIC-600x400-1-360x240.jpg 360w, https:\/\/dziedzictwopolonii.pl\/portal\/wp-content\/uploads\/2023\/12\/Kopia-001_NOPIC-600x400-1.jpg 600w\" sizes=\"(max-width: 639px) 600w, (min-width: 640px) 360w\" title=\"Bogdan Zaborski &#8211; prof. dr w zakresie geografii, geomorfologii i etnografii\" alt=\"Bogdan Zaborski &#8211; prof. dr w zakresie geografii, geomorfologii i etnografii\" itemprop=\"image\">\n\t\t\t\t\t\t\t<\/a>\n\t\t\t<h2 class=\"wpucv-post-title\" itemprop=\"name headline\">\n\t\t\t\t<a href=\"https:\/\/dziedzictwopolonii.pl\/portal\/bogdan-zaborski-prof-dr-w-zakresie-geografii-geomorfologii-i-etnografii\/\">Bogdan Zaborski &#8211; prof. dr w zakresie geografii, geomorfologii i etnografii<\/a>\n\t\t\t<\/h2>\n\t\t\t\n\t\t\t<div class=\"wpucv-post-meta\"><a href=\"https:\/\/dziedzictwopolonii.pl\/portal\/author\/admin\/\" title=\"Wpisy od admin\">admin<\/a>&nbsp;|&nbsp;<time datetime=\"2023-12-19\">19 grudnia 2023<\/time><\/div>\t\t\t\n\t\t\t<p class=\"wpucv-excerpt\">POBIERZ PDFBogdan Zaborski &#8211; prof. dr w zakresie geografii, geomorfologii i etnografii. Urodzony 5 kwietnia 1901 r. w Warszawie. Zmar\u0142&hellip;<\/p>\t\t<\/article>\n\t\t\t\t\t\t\t\t\n\t\t\t\t<article id=\"post-2483\" class=\"cell small-12 medium-6 large-4\" itemscope itemtype=\"http:\/\/schema.org\/Article\">\n\t\t\t<a class=\"wpucv-image-link-wrapper\" href=\"https:\/\/dziedzictwopolonii.pl\/portal\/bochenski-jozef-maria\/\" title=\"Boche\u0144ski J\u00f3zef Maria\">\n\t\t\t\t\t\t\t<img decoding=\"async\" class=\"wpucv-image-responsive\" src=\"https:\/\/dziedzictwopolonii.pl\/portal\/wp-content\/uploads\/2022\/12\/BOCHENSKI-Jozef-scaled-360x240.jpg\" srcset=\"https:\/\/dziedzictwopolonii.pl\/portal\/wp-content\/uploads\/2022\/12\/BOCHENSKI-Jozef-scaled-360x240.jpg 360w, https:\/\/dziedzictwopolonii.pl\/portal\/wp-content\/uploads\/2022\/12\/BOCHENSKI-Jozef-scaled-600x400.jpg 600w\" sizes=\"(max-width: 639px) 600w, (min-width: 640px) 360w\" title=\"Boche\u0144ski J\u00f3zef Maria\" alt=\"Boche\u0144ski J\u00f3zef Maria\" itemprop=\"image\">\n\t\t\t\t\t\t\t<\/a>\n\t\t\t<h2 class=\"wpucv-post-title\" itemprop=\"name headline\">\n\t\t\t\t<a href=\"https:\/\/dziedzictwopolonii.pl\/portal\/bochenski-jozef-maria\/\">Boche\u0144ski J\u00f3zef Maria<\/a>\n\t\t\t<\/h2>\n\t\t\t\n\t\t\t<div class=\"wpucv-post-meta\"><a href=\"https:\/\/dziedzictwopolonii.pl\/portal\/author\/redakcja\/\" title=\"Wpisy od Redakcja\">Redakcja<\/a>&nbsp;|&nbsp;<time datetime=\"2022-12-20\">20 grudnia 2022<\/time><\/div>\t\t\t\n\t\t\t<p class=\"wpucv-excerpt\">POBIERZ PDFJ\u00f3zef Franciszek Emanuel Boche\u0144ski urodzi\u0142 si\u0119 30 sierpnia 1902 roku we wsi Czusz\u00f3w, niedaleko Krakowa, w polskiej rodzinie szlacheckiej,&hellip;<\/p>\t\t<\/article>\n\t\t\t\t\t\t\t\t\n\t\t\t\t<article id=\"post-3938\" class=\"cell small-12 medium-6 large-4\" itemscope itemtype=\"http:\/\/schema.org\/Article\">\n\t\t\t<a class=\"wpucv-image-link-wrapper\" href=\"https:\/\/dziedzictwopolonii.pl\/portal\/bobrowski-jan\/\" title=\"Bobrowski Jan\">\n\t\t\t\t\t\t\t<img decoding=\"async\" class=\"wpucv-image-responsive\" src=\"https:\/\/dziedzictwopolonii.pl\/portal\/wp-content\/uploads\/2022\/12\/BOBROWSKI-Jan-360x240.jpg\" srcset=\"https:\/\/dziedzictwopolonii.pl\/portal\/wp-content\/uploads\/2022\/12\/BOBROWSKI-Jan-360x240.jpg 360w, https:\/\/dziedzictwopolonii.pl\/portal\/wp-content\/uploads\/2022\/12\/BOBROWSKI-Jan-600x400.jpg 600w\" sizes=\"(max-width: 639px) 600w, (min-width: 640px) 360w\" title=\"Bobrowski Jan\" alt=\"Bobrowski Jan\" itemprop=\"image\">\n\t\t\t\t\t\t\t<\/a>\n\t\t\t<h2 class=\"wpucv-post-title\" itemprop=\"name headline\">\n\t\t\t\t<a href=\"https:\/\/dziedzictwopolonii.pl\/portal\/bobrowski-jan\/\">Bobrowski Jan<\/a>\n\t\t\t<\/h2>\n\t\t\t\n\t\t\t<div class=\"wpucv-post-meta\"><a href=\"https:\/\/dziedzictwopolonii.pl\/portal\/author\/redakcja\/\" title=\"Wpisy od Redakcja\">Redakcja<\/a>&nbsp;|&nbsp;<time datetime=\"2023-01-06\">6 stycznia 2023<\/time><\/div>\t\t\t\n\t\t\t<p class=\"wpucv-excerpt\">POBIERZ PDFJan Bobrowski (1925-2014) &#8211; prof. dr in\u017c. (specjalista in\u017cynierii l\u0105dowej i wodnej). Urodzony 31 marca 1925 r. w Konopnicy&hellip;<\/p>\t\t<\/article>\n\t\t\t\t\t\t\t\t\n\t\t\t\t<article id=\"post-2457\" class=\"cell small-12 medium-6 large-4\" itemscope itemtype=\"http:\/\/schema.org\/Article\">\n\t\t\t<a class=\"wpucv-image-link-wrapper\" href=\"https:\/\/dziedzictwopolonii.pl\/portal\/andrzejewski-stanislaw-leonard\/\" title=\"Andrzejewski Stanis\u0142aw Leonard\">\n\t\t\t\t\t\t\t<img decoding=\"async\" class=\"wpucv-image-responsive\" src=\"https:\/\/dziedzictwopolonii.pl\/portal\/wp-content\/uploads\/2022\/12\/ANDERSKI-Stanislaw-scaled-360x240.jpg\" srcset=\"https:\/\/dziedzictwopolonii.pl\/portal\/wp-content\/uploads\/2022\/12\/ANDERSKI-Stanislaw-scaled-360x240.jpg 360w, https:\/\/dziedzictwopolonii.pl\/portal\/wp-content\/uploads\/2022\/12\/ANDERSKI-Stanislaw-scaled-600x400.jpg 600w\" sizes=\"(max-width: 639px) 600w, (min-width: 640px) 360w\" title=\"Andrzejewski Stanis\u0142aw Leonard\" alt=\"Andrzejewski Stanis\u0142aw Leonard\" itemprop=\"image\">\n\t\t\t\t\t\t\t<\/a>\n\t\t\t<h2 class=\"wpucv-post-title\" itemprop=\"name headline\">\n\t\t\t\t<a href=\"https:\/\/dziedzictwopolonii.pl\/portal\/andrzejewski-stanislaw-leonard\/\">Andrzejewski Stanis\u0142aw Leonard<\/a>\n\t\t\t<\/h2>\n\t\t\t\n\t\t\t<div class=\"wpucv-post-meta\"><a href=\"https:\/\/dziedzictwopolonii.pl\/portal\/author\/redakcja\/\" title=\"Wpisy od Redakcja\">Redakcja<\/a>&nbsp;|&nbsp;<time datetime=\"2022-12-20\">20 grudnia 2022<\/time><\/div>\t\t\t\n\t\t\t<p class=\"wpucv-excerpt\">POBIERZ PDFAndrzejewski Stanis\u0142aw Leonard (znany tak\u017ce jako Andrski) (ur. w 1919 roku, w Cz\u0119stochowie, zm. w 2007 r., w Londynie,&hellip;<\/p>\t\t<\/article>\n\t\t\t\t\t\t\t\t\n\t\t\t\t<article id=\"post-2461\" class=\"cell small-12 medium-6 large-4\" itemscope itemtype=\"http:\/\/schema.org\/Article\">\n\t\t\t<a class=\"wpucv-image-link-wrapper\" href=\"https:\/\/dziedzictwopolonii.pl\/portal\/andrzejewski-bogumil-witalis\/\" title=\"Andrzejewski Bogumi\u0142 Witalis\">\n\t\t\t\t\t\t\t<img decoding=\"async\" class=\"wpucv-image-responsive\" src=\"https:\/\/dziedzictwopolonii.pl\/portal\/wp-content\/uploads\/2022\/12\/ANDRZEJEWSKI-Bogumil-scaled-360x240.jpg\" srcset=\"https:\/\/dziedzictwopolonii.pl\/portal\/wp-content\/uploads\/2022\/12\/ANDRZEJEWSKI-Bogumil-scaled-360x240.jpg 360w, https:\/\/dziedzictwopolonii.pl\/portal\/wp-content\/uploads\/2022\/12\/ANDRZEJEWSKI-Bogumil-scaled-600x400.jpg 600w\" sizes=\"(max-width: 639px) 600w, (min-width: 640px) 360w\" title=\"Andrzejewski Bogumi\u0142 Witalis\" alt=\"Andrzejewski Bogumi\u0142 Witalis\" itemprop=\"image\">\n\t\t\t\t\t\t\t<\/a>\n\t\t\t<h2 class=\"wpucv-post-title\" itemprop=\"name headline\">\n\t\t\t\t<a href=\"https:\/\/dziedzictwopolonii.pl\/portal\/andrzejewski-bogumil-witalis\/\">Andrzejewski Bogumi\u0142 Witalis<\/a>\n\t\t\t<\/h2>\n\t\t\t\n\t\t\t<div class=\"wpucv-post-meta\"><a href=\"https:\/\/dziedzictwopolonii.pl\/portal\/author\/redakcja\/\" title=\"Wpisy od Redakcja\">Redakcja<\/a>&nbsp;|&nbsp;<time datetime=\"2022-12-20\">20 grudnia 2022<\/time><\/div>\t\t\t\n\t\t\t<p class=\"wpucv-excerpt\">POBIERZ PDFANDRZEJEWSKI Bogumi\u0142 Witalis\u00a0 &#8211; ur. w 1922 roku, w Poznaniu, zm. w 1994 roku, w Hemel, w Wielkiej Brytanii.&hellip;<\/p>\t\t<\/article>\n\t\t\t\t\t\t\t\t\n\t\t\t\t<article id=\"post-2453\" class=\"cell small-12 medium-6 large-4\" itemscope itemtype=\"http:\/\/schema.org\/Article\">\n\t\t\t<a class=\"wpucv-image-link-wrapper\" href=\"https:\/\/dziedzictwopolonii.pl\/portal\/adamkiewicz-jerzy-albert\/\" title=\"Adamkiewicz Jerzy Albert\">\n\t\t\t\t\t\t\t<img decoding=\"async\" class=\"wpucv-image-responsive\" src=\"https:\/\/dziedzictwopolonii.pl\/portal\/wp-content\/uploads\/2022\/12\/ADAMKIEWICZ-Jerzy-scaled-360x240.jpg\" srcset=\"https:\/\/dziedzictwopolonii.pl\/portal\/wp-content\/uploads\/2022\/12\/ADAMKIEWICZ-Jerzy-scaled-360x240.jpg 360w, https:\/\/dziedzictwopolonii.pl\/portal\/wp-content\/uploads\/2022\/12\/ADAMKIEWICZ-Jerzy-scaled-600x400.jpg 600w\" sizes=\"(max-width: 639px) 600w, (min-width: 640px) 360w\" title=\"Adamkiewicz Jerzy Albert\" alt=\"Adamkiewicz Jerzy Albert\" itemprop=\"image\">\n\t\t\t\t\t\t\t<\/a>\n\t\t\t<h2 class=\"wpucv-post-title\" itemprop=\"name headline\">\n\t\t\t\t<a href=\"https:\/\/dziedzictwopolonii.pl\/portal\/adamkiewicz-jerzy-albert\/\">Adamkiewicz Jerzy Albert<\/a>\n\t\t\t<\/h2>\n\t\t\t\n\t\t\t<div class=\"wpucv-post-meta\"><a href=\"https:\/\/dziedzictwopolonii.pl\/portal\/author\/redakcja\/\" title=\"Wpisy od Redakcja\">Redakcja<\/a>&nbsp;|&nbsp;<time datetime=\"2022-12-20\">20 grudnia 2022<\/time><\/div>\t\t\t\n\t\t\t<p class=\"wpucv-excerpt\">POBIERZ PDFADAMKIEWICZ Jerzy Albert, [w]: Polacy Profesorami zagranicznych uczelni. S\u0142ownik Biograficzny, Warszawa 2022. (1887 Krak\u00f3w \u2013 1958 Montreal, Kanada), prawnik.&hellip;<\/p>\t\t<\/article>\n\t\t\t<\/div>\n\t<\/div>\t\t\t\t<\/div>\n\t\t\t\t\n\t\t\t\t\t\t\t\t<div class=\"wpucv-pagination-wrapper clearfix\">\n\t\t\t\t\t\t\t\t\t<\/div>\n\t\t\t\t\t\t\t\t\t<\/div>\n\t\t\n","protected":false},"excerpt":{"rendered":"<p>Wspominaj\u0105c o polskim wychod\u017astwie i emigracji, zazwyczaj skupiamy si\u0119 na losach powsta\u0144c\u00f3w, skaza\u0144c\u00f3w, etc. \u2013 tj. na emigracji politycznej&hellip;<\/p>\n","protected":false},"author":4,"featured_media":0,"comment_status":"closed","ping_status":"closed","sticky":false,"template":"","format":"standard","meta":{"_mi_skip_tracking":false,"footnotes":""},"categories":[103],"tags":[],"class_list":["post-2181","post","type-post","status-publish","format-standard","hentry","category-lista-biogramow"],"_links":{"self":[{"href":"https:\/\/dziedzictwopolonii.pl\/portal\/wp-json\/wp\/v2\/posts\/2181","targetHints":{"allow":["GET"]}}],"collection":[{"href":"https:\/\/dziedzictwopolonii.pl\/portal\/wp-json\/wp\/v2\/posts"}],"about":[{"href":"https:\/\/dziedzictwopolonii.pl\/portal\/wp-json\/wp\/v2\/types\/post"}],"author":[{"embeddable":true,"href":"https:\/\/dziedzictwopolonii.pl\/portal\/wp-json\/wp\/v2\/users\/4"}],"replies":[{"embeddable":true,"href":"https:\/\/dziedzictwopolonii.pl\/portal\/wp-json\/wp\/v2\/comments?post=2181"}],"version-history":[{"count":4,"href":"https:\/\/dziedzictwopolonii.pl\/portal\/wp-json\/wp\/v2\/posts\/2181\/revisions"}],"predecessor-version":[{"id":2452,"href":"https:\/\/dziedzictwopolonii.pl\/portal\/wp-json\/wp\/v2\/posts\/2181\/revisions\/2452"}],"wp:attachment":[{"href":"https:\/\/dziedzictwopolonii.pl\/portal\/wp-json\/wp\/v2\/media?parent=2181"}],"wp:term":[{"taxonomy":"category","embeddable":true,"href":"https:\/\/dziedzictwopolonii.pl\/portal\/wp-json\/wp\/v2\/categories?post=2181"},{"taxonomy":"post_tag","embeddable":true,"href":"https:\/\/dziedzictwopolonii.pl\/portal\/wp-json\/wp\/v2\/tags?post=2181"}],"curies":[{"name":"wp","href":"https:\/\/api.w.org\/{rel}","templated":true}]}}