{"id":2179,"date":"2022-12-19T17:10:54","date_gmt":"2022-12-19T16:10:54","guid":{"rendered":"http:\/\/yanh.pl\/dev\/srbnp\/?p=2179"},"modified":"2023-01-27T10:02:05","modified_gmt":"2023-01-27T09:02:05","slug":"muzycy-kompozytorzy","status":"publish","type":"post","link":"https:\/\/dziedzictwopolonii.pl\/portal\/muzycy-kompozytorzy\/","title":{"rendered":"Muzycy i kompozytorzy"},"content":{"rendered":"<div class=\"pdfprnt-buttons pdfprnt-buttons-post pdfprnt-top-right\"><a href=\"https:\/\/dziedzictwopolonii.pl\/portal\/wp-json\/wp\/v2\/posts\/2179?print=pdf\" class=\"pdfprnt-button pdfprnt-button-pdf\" target=\"_blank\"><img decoding=\"async\" src=\"http:\/\/dziedzictwopolonii.pl\/portal\/wp-content\/plugins\/pdf-print\/images\/pdf.png\" alt=\"image_pdf\" title=\"Download PDF\" \/><span class=\"pdfprnt-button-title pdfprnt-button-pdf-title\">POBIERZ PDF<\/span><\/a><a href=\"https:\/\/dziedzictwopolonii.pl\/portal\/wp-json\/wp\/v2\/posts\/2179?print=print\" class=\"pdfprnt-button pdfprnt-button-print\" target=\"_blank\"><img decoding=\"async\" src=\"http:\/\/dziedzictwopolonii.pl\/portal\/wp-content\/plugins\/pdf-print\/images\/print.png\" alt=\"image_print\" title=\"Print Content\" \/><\/a><\/div><h3 style=\"text-align: justify;\"><em>\u201eMuzyka jest wi\u0119kszym objawieniem<\/em><\/h3>\n<h3 style=\"text-align: justify;\"><em>ni\u017c ca\u0142a m\u0105dro\u015b\u0107 i filozofia\u201d<\/em><\/h3>\n<h3 style=\"text-align: justify;\"><em>\u00a0<\/em>Ludwik Van Beethoven<\/h3>\n<p style=\"text-align: justify;\">\n<p style=\"text-align: justify;\">Trudne dzieje Polski zawa\u017cy\u0142y na mo\u017cliwo\u015bciach dokumentowania osi\u0105gni\u0119\u0107 Polak\u00f3w mieszkaj\u0105cych na obczy\u017anie. Konsekwencj\u0105 tego stanu rzeczy jest brak wiedzy o ich dokonaniach i ma\u0142a \u015bwiadomo\u015b\u0107 o udziale Polonii w formowaniu cywilizacji, a tak\u017ce b\u0142\u0119dne przekonanie polegaj\u0105ce na zaliczaniu os\u00f3b polskiego pochodzenia do innych narodowo\u015bci.<\/p>\n<p style=\"text-align: justify;\">Wielomilionowa Polonia, zar\u00f3wno swoj\u0105 obecno\u015bci\u0105 jak i indywidualnymi czynami, wsp\u00f3\u0142tworzy\u0142a przez lata histori\u0119 kraj\u00f3w osiedlenia i tym samym histori\u0119 kraju pochodzenia.<\/p>\n<p style=\"text-align: justify;\">Niestety jej dokonania nie znalaz\u0142y pe\u0142nego odzwierciedlenia w zagranicznych publikacjach, np. wydaniach s\u0142ownikowych, a je\u015bli ju\u017c, to s\u0105 one fragmentaryczne, nie ukazuj\u0105 ca\u0142ej prawdy i na og\u00f3\u0142 nie informuj\u0105 o polskim rodowodzie danych os\u00f3b, co w przypadku zmian imion i nazwisk prowadzi do dezinformacji.<\/p>\n<p style=\"text-align: justify;\">Wirtualny zbi\u00f3r biogram\u00f3w <em>Polskich muzyk\u00f3w w \u015bwiecie <\/em>prezentuje sylwetki os\u00f3b polskiego pochodzenia i Polak\u00f3w, kt\u00f3rzy zajmowali si\u0119 muzyk\u0105 \u017cyj\u0105c poza Polsk\u0105.<\/p>\n<p style=\"text-align: justify;\">Zaprezentowane na stronach naszego portalu biogramy kompozytor\u00f3w, wokalist\u00f3w, wirtuoz\u00f3w, maj\u0105 na celu przybli\u017cenie postaci i dorobku os\u00f3b, kt\u00f3re zapisa\u0142y si\u0119 w historii muzyki, a tak\u017ce zainspirowanie historyk\u00f3w i os\u00f3b gromadz\u0105cych dokumentacj\u0119 dotycz\u0105c\u0105 tej historii do szczeg\u00f3\u0142owych bada\u0144 i opracowa\u0144 w zakresie polonijnej biografistyki muzycznej, kt\u00f3ra w obecnej chwili przedstawia si\u0119 nad wyraz skromnie.<\/p>\n<p style=\"text-align: justify;\">Biogramy poszczeg\u00f3lnych postaci opracowane zosta\u0142y na podstawie \u017ar\u00f3de\u0142 archiwalnych i dost\u0119pnej literatury przedmiotowej.<\/p>\n<p style=\"text-align: justify;\">Maj\u0105c na uwadze charakter niniejszego portalu, w informacjach o poszczeg\u00f3lnych osobach g\u0142\u00f3wny nacisk po\u0142o\u017cono na ich dzia\u0142alno\u015b\u0107 i osi\u0105gni\u0119cia w czasie kiedy \u017cy\u0142y one i tworzy\u0142y poza Polsk\u0105.<\/p>\n<p style=\"text-align: justify;\">Znaki diakrytyczne wyst\u0119puj\u0105ce w nazwiskach obcych nie s\u0105 brane pod uwag\u0119. Zapoznaj\u0105c si\u0119 z biogramami nale\u017cy mie\u0107 na uwadze przyj\u0119te sta\u0142e regu\u0142y zapisu: data przy informacji okre\u015bla rok, w kt\u00f3rym dany fakt mia\u0142 miejsce (np. w przypadku szk\u00f3\u0142 data informuje o roku ich uko\u0144czenia); daty po\u0142\u0105czone p\u00f3\u0142pauz\u0105 (np. 1951-1957) okre\u015blaj\u0105 lata, w kt\u00f3rych dany fakt mia\u0142 miejsce; data z p\u00f3\u0142pauz\u0105 (np. 2004-) oznacza, \u017ce informacja, do kt\u00f3rej si\u0119 ona odnosi jest nadal aktualna.<\/p>\n<p style=\"text-align: justify;\"><strong>Zbigniew Judycki<\/strong><\/p>\n<p style=\"text-align: justify;\">\t\t\n\t\t\n\t\t<style>\n\t\t\n\t\t#list_69f1f8f1bc553 .wpucv-list article.wpucv-featured-post h2.wpucv-post-title {\n\t\t\t\t\t\tfont-size: 20px !important;\n\t\t\t\t\t\t\n\t\t\t\t\t\tline-height: 26px !important;\n\t\t\t\t\t\t\n\t\t\t\t\t\tfont-weight: 700 !important;\n\t\t\t\t\t}\n\t\t\n\t\t\t\t#list_69f1f8f1bc553 .wpucv-list article.wpucv-featured-post .wpucv-post-title,\n\t\t#list_69f1f8f1bc553 .wpucv-list article.wpucv-featured-post .wpucv-post-title a,\n\t\t#list_69f1f8f1bc553 .wpucv-list article.wpucv-featured-post .wpucv-post-title a:visited{\n\t\t\tcolor: #232323 !important;\n\t\t}\n\t\t\t\t\n\t\t\t\t#list_69f1f8f1bc553 .wpucv-list article.wpucv-featured-post .wpucv-post-title a:hover,\n\t\t#list_69f1f8f1bc553 .wpucv-list article.wpucv-featured-post .wpucv-post-title a:active {\n\t\t\tcolor: #232323 !important;\n\t\t}\n\t\t\t\t\n\t\t#list_69f1f8f1bc553 .wpucv-list article.wpucv-featured-post .wpucv-post-meta,\n\t\t#list_69f1f8f1bc553 .wpucv-list article.wpucv-featured-post .wpucv-post-meta a{\n\t\t\t\t\t\tfont-size: 12px !important;\n\t\t\t\t\t\t\n\t\t\t\t\t\tline-height: 16px !important;\n\t\t\t\t\t\t\n\t\t\t\t\t\tfont-weight: 400 !important;\n\t\t\t\t\t\t\n\t\t\t\t\t\tcolor: #888888 !important;\n\t\t\t\t\t}\n\t\t\n\t\t#list_69f1f8f1bc553 .wpucv-list article.wpucv-featured-post p.wpucv-excerpt{\n\t\t\t\t\t\tfont-size: 13px !important;\n\t\t\t\t\t\t\n\t\t\t\t\t\tline-height: 17px !important;\n\t\t\t\t\t\t\n\t\t\t\t\t\tfont-weight: 400 !important;\n\t\t\t\t\t\t\n\t\t\t\t\t\tcolor: #333333 !important;\n\t\t\t\t\t}\n\t\t\n\t\t#list_69f1f8f1bc553 .wpucv-list article.wpucv-featured-post a.wpucv-read-more,\n\t\t#list_69f1f8f1bc553 .wpucv-list article.wpucv-featured-post a.wpucv-read-more.wpucv-button{\n\t\t\t\t\t\tcolor: #FFFFFF !important;\n\t\t\t\t\t\t\n\t\t\t\t\t\tfont-size: 14px !important;\n\t\t\t\t\t\t\n\t\t\t\t\t\tline-height: 14px !important;\n\t\t\t\t\t\t\n\t\t\t\t\t\tfont-weight: 400 !important;\n\t\t\t\t\t\t\n\t\t\t-webkit-transition: all 0.7s !important;\n\t\t\t-moz-transition: all 0.7s !important;\n\t\t\t-o-transition: all 0.7s !important;\n\t\t\ttransition: all 0.7s !important;\n\t\t}\n\t\t\n\t\t\t\t#list_69f1f8f1bc553 .wpucv-list article.wpucv-featured-post a.wpucv-read-more,\n\t\t#list_69f1f8f1bc553 .wpucv-list article.wpucv-featured-post a.wpucv-read-more.wpucv-button{\n\t\t\tbackground-color: #5e5e5e !important;\n\t\t}\n\t\t\t\t\n\t\t\t\t#list_69f1f8f1bc553 .wpucv-list article.wpucv-featured-post a.wpucv-read-more:hover,\n\t\t#list_69f1f8f1bc553 .wpucv-list article.wpucv-featured-post a.wpucv-read-more:active,\n\t\t#list_69f1f8f1bc553 .wpucv-list article.wpucv-featured-post a.wpucv-read-more.wpucv-button:hover,\n\t\t#list_69f1f8f1bc553 .wpucv-list article.wpucv-featured-post a.wpucv-read-more.wpucv-button:active{\n\t\t\tcolor: #FFFFFF !important;\n\t\t}\n\t\t\t\t\n\t\t\t\t#list_69f1f8f1bc553 .wpucv-list article.wpucv-featured-post a.wpucv-read-more.wpucv-button:hover,\n\t\t#list_69f1f8f1bc553 .wpucv-list article.wpucv-featured-post a.wpucv-read-more.wpucv-button:active{\n\t\t\tbackground-color: #5e5e5e !important;\n\t\t}\n\t\t\t\t\n\t\t#list_69f1f8f1bc553 .wpucv-list article h2.wpucv-post-title{\n\t\t\t\t\t\tfont-size: 20px !important;\n\t\t\t\t\t\t\n\t\t\t\t\t\tline-height: 26px !important;\n\t\t\t\t\t\t\n\t\t\t\t\t\tfont-weight: 700 !important;\n\t\t\t\t\t}\n\t\t\n\t\t\t\t#list_69f1f8f1bc553 .wpucv-list article .wpucv-post-title,\n\t\t#list_69f1f8f1bc553 .wpucv-list article .wpucv-post-title a,\n\t\t#list_69f1f8f1bc553 .wpucv-list article .wpucv-post-title a:visited{\n\t\t\tcolor: #232323 !important;\n\t\t}\n\t\t\t\t\n\t\t\t\t#list_69f1f8f1bc553 .wpucv-list article .wpucv-post-title a:hover,\n\t\t#list_69f1f8f1bc553 .wpucv-list article .wpucv-post-title a:active {\n\t\t\tcolor: #232323 !important;\n\t\t}\n\t\t\t\t\n\t\t#list_69f1f8f1bc553 .wpucv-list article .wpucv-post-meta{\n\t\t\t\t\t\tfont-size: 12px !important;\n\t\t\t\t\t\t\n\t\t\t\t\t\tline-height: 16px !important;\n\t\t\t\t\t\t\n\t\t\t\t\t\tfont-weight: 400 !important;\n\t\t\t\t\t}\n\t\t\n\t\t\t\t#list_69f1f8f1bc553 .wpucv-list article .wpucv-post-meta,\n\t\t#list_69f1f8f1bc553 .wpucv-list article .wpucv-post-meta a,\n\t\t#list_69f1f8f1bc553 .wpucv-list article .wpucv-post-meta a:visited,\n\t\t#list_69f1f8f1bc553 .wpucv-list article .wpucv-post-meta a:hover,\n\t\t#list_69f1f8f1bc553 .wpucv-list article .wpucv-post-meta a:active{\n\t\t\tcolor: #888888 !important;\n\t\t}\n\t\t\t\t\n\t\t#list_69f1f8f1bc553 .wpucv-list article p.wpucv-excerpt{\n\t\t\t\t\t\tfont-size: 13px !important;\n\t\t\t\t\t\t\n\t\t\t\t\t\tline-height: 17px !important;\n\t\t\t\t\t\t\n\t\t\t\t\t\tfont-weight: 400 !important;\n\t\t\t\n\t\t\t\t\t\tcolor: #333333 !important;\n\t\t\t\t\t}\n\t\t\n\t\t#list_69f1f8f1bc553 .wpucv-list article a.wpucv-read-more,\n\t\t#list_69f1f8f1bc553 .wpucv-list article a.wpucv-read-more.wpucv-button{\n\t\t\t\t\t\tcolor: #FFFFFF !important;\n\t\t\t\t\t\t\n\t\t\t\t\t\tfont-size: 14px !important;\n\t\t\t\t\t\t\n\t\t\t\t\t\tline-height: 14px !important;\n\t\t\t\t\t\t\n\t\t\t\t\t\tfont-weight: 400 !important;\n\t\t\t\n\t\t\t-webkit-transition: all 0.7s !important;\n\t\t\t-moz-transition: all 0.7s !important;\n\t\t\t-o-transition: all 0.7s !important;\n\t\t\ttransition: all 0.7s !important;\n\t\t}\n\t\t\n\t\t\t\t#list_69f1f8f1bc553 .wpucv-list article a.wpucv-read-more.wpucv-button{\n\t\t\tbackground-color: #5e5e5e !important;\n\t\t}\n\t\t\t\t\n\t\t\t\t#list_69f1f8f1bc553 .wpucv-list article a.wpucv-read-more:hover,\n\t\t#list_69f1f8f1bc553 .wpucv-list article a.wpucv-read-more:active,\n\t\t#list_69f1f8f1bc553 .wpucv-list article a.wpucv-read-more.wpucv-button:hover,\n\t\t#list_69f1f8f1bc553 .wpucv-list article a.wpucv-read-more.wpucv-button:active{\n\t\t\tcolor: #FFFFFF !important;\n\t\t}\n\t\t\t\t\n\t\t\t\t#list_69f1f8f1bc553 .wpucv-list article a.wpucv-read-more.wpucv-button:hover,\n\t\t#list_69f1f8f1bc553 .wpucv-list article a.wpucv-read-more.wpucv-button:active{\n\t\t\tbackground-color: #ff0000 !important;\n\t\t}\n\t\t\t\t\n\t\t\t\t\n\t\t#list_69f1f8f1bc553 .wpucv-pagination-wrapper .wpucv-pagination li a{\n\t\t\t\t\t\tcolor: #FFFFFF !important;\n\t\t\t\t\t\t\n\t\t\t\t\t\tbackground-color: #4584ED !important;\n\t\t\t\t\t}\n\t\t\n\t\t#list_69f1f8f1bc553 .wpucv-pagination-wrapper .wpucv-pagination li a:hover,\n\t\t#list_69f1f8f1bc553 .wpucv-pagination-wrapper .wpucv-pagination li span{\n\t\t\t\t\t\tcolor: #FFFFFF !important;\n\t\t\t\t\t\t\n\t\t\t\t\t\tbackground-color: #adadad !important;\n\t\t\t\t\t}\n\t\t\n\t\t\t\t\n\t\t\t\t\n\t\t\t\t#list_69f1f8f1bc553 .wpucv-list.wpucv-style06 article {\n\t\t\t text-align: center;\n\t\t}\n\t\t\t\t\n\t\t\t\t\n\t\t\t\t\n\t\t\t\t#list_69f1f8f1bc553 .wpucv-list.wpucv-style02 article {\n\t\t\tpadding-left: 10px !important;\n\t\t\tpadding-right: 10px !important;\n\t\t}\n\t\t\t\t\n\t\t\t\t#list_69f1f8f1bc553 .wpucv-list.wpucv-style02 article {\n\t\t\tpadding-top: 10px !important;\n\t\t\tpadding-bottom: 10px !important;\n\t\t}\n\t\t\t\t\n\t\t\t\t#list_69f1f8f1bc553 .wpucv-list.wpucv-style05 .cell {\n\t\t\tpadding: 5px !important;\n\t\t}\n\t\t\t\t\n\t\t\t\t<\/style>\n\t\t\t\t<div class=\"wpucv\" id=\"list_69f1f8f1bc553\">\n\t\t\t\t\t\t\t\t\t\t\t\n\t\t\t\t<div class=\"wpucv-list-wrapper\">\n\t\t\t\t\t\n<div class=\"wpucv-list wpucv-style02\">\n\t\t<div class=\"grid-x\">\n\t\t\t\t\t\t\t\t\n\t\t\t\t<article id=\"post-2751\" class=\"cell small-12 medium-6 large-4\" itemscope itemtype=\"http:\/\/schema.org\/Article\">\n\t\t\t<a class=\"wpucv-image-link-wrapper\" href=\"https:\/\/dziedzictwopolonii.pl\/portal\/abratowski-jerzy\/\" title=\"Abratowski Jerzy\">\n\t\t\t\t\t\t\t<img decoding=\"async\" class=\"wpucv-image-responsive\" src=\"https:\/\/dziedzictwopolonii.pl\/portal\/wp-content\/uploads\/2022\/12\/herald_default-1-360x240.jpg\" srcset=\"https:\/\/dziedzictwopolonii.pl\/portal\/wp-content\/uploads\/2022\/12\/herald_default-1-360x240.jpg 360w, https:\/\/dziedzictwopolonii.pl\/portal\/wp-content\/uploads\/2022\/12\/herald_default-1-600x400.jpg 600w\" sizes=\"(max-width: 639px) 600w, (min-width: 640px) 360w\" title=\"Abratowski Jerzy\" alt=\"Abratowski Jerzy\" itemprop=\"image\">\n\t\t\t\t\t\t\t<\/a>\n\t\t\t<h2 class=\"wpucv-post-title\" itemprop=\"name headline\">\n\t\t\t\t<a href=\"https:\/\/dziedzictwopolonii.pl\/portal\/abratowski-jerzy\/\">Abratowski Jerzy<\/a>\n\t\t\t<\/h2>\n\t\t\t\n\t\t\t<div class=\"wpucv-post-meta\"><a href=\"https:\/\/dziedzictwopolonii.pl\/portal\/author\/redakcja\/\" title=\"Wpisy od Redakcja\">Redakcja<\/a>&nbsp;|&nbsp;<time datetime=\"2022-12-20\">20 grudnia 2022<\/time><\/div>\t\t\t\n\t\t\t<p class=\"wpucv-excerpt\">POBIERZ PDFABRATOWSKI Jerzy, kompozytor, pianista, organista; ur. 22 kwietnia 1929 roku we Lwowie, zm. 1 lutego 1989 r. w Los&hellip;<\/p>\t\t<\/article>\n\t\t\t\t\t\t\t\t\n\t\t\t\t<article id=\"post-2755\" class=\"cell small-12 medium-6 large-4\" itemscope itemtype=\"http:\/\/schema.org\/Article\">\n\t\t\t<a class=\"wpucv-image-link-wrapper\" href=\"https:\/\/dziedzictwopolonii.pl\/portal\/adamowska-szumowska-antonina\/\" title=\"Adamowska &#8211; Szumowska Antonina\">\n\t\t\t\t\t\t\t<img decoding=\"async\" class=\"wpucv-image-responsive\" src=\"https:\/\/dziedzictwopolonii.pl\/portal\/wp-content\/uploads\/2022\/12\/herald_default-1-360x240.jpg\" srcset=\"https:\/\/dziedzictwopolonii.pl\/portal\/wp-content\/uploads\/2022\/12\/herald_default-1-360x240.jpg 360w, https:\/\/dziedzictwopolonii.pl\/portal\/wp-content\/uploads\/2022\/12\/herald_default-1-600x400.jpg 600w\" sizes=\"(max-width: 639px) 600w, (min-width: 640px) 360w\" title=\"Adamowska &#8211; Szumowska Antonina\" alt=\"Adamowska &#8211; Szumowska Antonina\" itemprop=\"image\">\n\t\t\t\t\t\t\t<\/a>\n\t\t\t<h2 class=\"wpucv-post-title\" itemprop=\"name headline\">\n\t\t\t\t<a href=\"https:\/\/dziedzictwopolonii.pl\/portal\/adamowska-szumowska-antonina\/\">Adamowska &#8211; Szumowska Antonina<\/a>\n\t\t\t<\/h2>\n\t\t\t\n\t\t\t<div class=\"wpucv-post-meta\"><a href=\"https:\/\/dziedzictwopolonii.pl\/portal\/author\/redakcja\/\" title=\"Wpisy od Redakcja\">Redakcja<\/a>&nbsp;|&nbsp;<time datetime=\"2022-12-20\">20 grudnia 2022<\/time><\/div>\t\t\t\n\t\t\t<p class=\"wpucv-excerpt\">POBIERZ PDFADAMOWSKA-SZUMOWSKA Antonina, pianistka, kompozytorka; ur. 22 lutego 1868 r. w Lublinie, zm. 18 sierpnia 1938 roku, w Rumson (New&hellip;<\/p>\t\t<\/article>\n\t\t\t\t\t\t\t\t\n\t\t\t\t<article id=\"post-2758\" class=\"cell small-12 medium-6 large-4\" itemscope itemtype=\"http:\/\/schema.org\/Article\">\n\t\t\t<a class=\"wpucv-image-link-wrapper\" href=\"https:\/\/dziedzictwopolonii.pl\/portal\/adamowski-jozef\/\" title=\"Adamowski J\u00f3zef\">\n\t\t\t\t\t\t\t<img decoding=\"async\" class=\"wpucv-image-responsive\" src=\"https:\/\/dziedzictwopolonii.pl\/portal\/wp-content\/uploads\/2022\/12\/herald_default-1-360x240.jpg\" srcset=\"https:\/\/dziedzictwopolonii.pl\/portal\/wp-content\/uploads\/2022\/12\/herald_default-1-360x240.jpg 360w, https:\/\/dziedzictwopolonii.pl\/portal\/wp-content\/uploads\/2022\/12\/herald_default-1-600x400.jpg 600w\" sizes=\"(max-width: 639px) 600w, (min-width: 640px) 360w\" title=\"Adamowski J\u00f3zef\" alt=\"Adamowski J\u00f3zef\" itemprop=\"image\">\n\t\t\t\t\t\t\t<\/a>\n\t\t\t<h2 class=\"wpucv-post-title\" itemprop=\"name headline\">\n\t\t\t\t<a href=\"https:\/\/dziedzictwopolonii.pl\/portal\/adamowski-jozef\/\">Adamowski J\u00f3zef<\/a>\n\t\t\t<\/h2>\n\t\t\t\n\t\t\t<div class=\"wpucv-post-meta\"><a href=\"https:\/\/dziedzictwopolonii.pl\/portal\/author\/redakcja\/\" title=\"Wpisy od Redakcja\">Redakcja<\/a>&nbsp;|&nbsp;<time datetime=\"2022-12-20\">20 grudnia 2022<\/time><\/div>\t\t\t\n\t\t\t<p class=\"wpucv-excerpt\">POBIERZ PDFADAMOWSKI J\u00f3zef, wiolonczelista; ur. 4 lipca 1862 r. w Warszawie, zm. 8 maja 1930 roku w Cambridge (Massachusetts, USA).&hellip;<\/p>\t\t<\/article>\n\t\t\t\t\t\t\t\t\n\t\t\t\t<article id=\"post-2761\" class=\"cell small-12 medium-6 large-4\" itemscope itemtype=\"http:\/\/schema.org\/Article\">\n\t\t\t<a class=\"wpucv-image-link-wrapper\" href=\"https:\/\/dziedzictwopolonii.pl\/portal\/aleksandrowicz-jerzy\/\" title=\"Aleksandrowicz Jerzy\">\n\t\t\t\t\t\t\t<img decoding=\"async\" class=\"wpucv-image-responsive\" src=\"https:\/\/dziedzictwopolonii.pl\/portal\/wp-content\/uploads\/2022\/12\/herald_default-1-360x240.jpg\" srcset=\"https:\/\/dziedzictwopolonii.pl\/portal\/wp-content\/uploads\/2022\/12\/herald_default-1-360x240.jpg 360w, https:\/\/dziedzictwopolonii.pl\/portal\/wp-content\/uploads\/2022\/12\/herald_default-1-600x400.jpg 600w\" sizes=\"(max-width: 639px) 600w, (min-width: 640px) 360w\" title=\"Aleksandrowicz Jerzy\" alt=\"Aleksandrowicz Jerzy\" itemprop=\"image\">\n\t\t\t\t\t\t\t<\/a>\n\t\t\t<h2 class=\"wpucv-post-title\" itemprop=\"name headline\">\n\t\t\t\t<a href=\"https:\/\/dziedzictwopolonii.pl\/portal\/aleksandrowicz-jerzy\/\">Aleksandrowicz Jerzy<\/a>\n\t\t\t<\/h2>\n\t\t\t\n\t\t\t<div class=\"wpucv-post-meta\"><a href=\"https:\/\/dziedzictwopolonii.pl\/portal\/author\/redakcja\/\" title=\"Wpisy od Redakcja\">Redakcja<\/a>&nbsp;|&nbsp;<time datetime=\"2022-12-20\">20 grudnia 2022<\/time><\/div>\t\t\t\n\t\t\t<p class=\"wpucv-excerpt\">POBIERZ PDFALEKSANDROWICZ Jerzy, kompozytor, dzia\u0142acz emigracyjny; ur. 1920. W latach sze\u015b\u0107dziesi\u0105tych XX wieku komponowa\u0142 utwory dla teatru polonijnego w Polskim&hellip;<\/p>\t\t<\/article>\n\t\t\t\t\t\t\t\t\n\t\t\t\t<article id=\"post-2764\" class=\"cell small-12 medium-6 large-4\" itemscope itemtype=\"http:\/\/schema.org\/Article\">\n\t\t\t<a class=\"wpucv-image-link-wrapper\" href=\"https:\/\/dziedzictwopolonii.pl\/portal\/alten-bella\/\" title=\"Alten Bella\">\n\t\t\t\t\t\t\t<img decoding=\"async\" class=\"wpucv-image-responsive\" src=\"https:\/\/dziedzictwopolonii.pl\/portal\/wp-content\/uploads\/2022\/12\/herald_default-1-360x240.jpg\" srcset=\"https:\/\/dziedzictwopolonii.pl\/portal\/wp-content\/uploads\/2022\/12\/herald_default-1-360x240.jpg 360w, https:\/\/dziedzictwopolonii.pl\/portal\/wp-content\/uploads\/2022\/12\/herald_default-1-600x400.jpg 600w\" sizes=\"(max-width: 639px) 600w, (min-width: 640px) 360w\" title=\"Alten Bella\" alt=\"Alten Bella\" itemprop=\"image\">\n\t\t\t\t\t\t\t<\/a>\n\t\t\t<h2 class=\"wpucv-post-title\" itemprop=\"name headline\">\n\t\t\t\t<a href=\"https:\/\/dziedzictwopolonii.pl\/portal\/alten-bella\/\">Alten Bella<\/a>\n\t\t\t<\/h2>\n\t\t\t\n\t\t\t<div class=\"wpucv-post-meta\"><a href=\"https:\/\/dziedzictwopolonii.pl\/portal\/author\/redakcja\/\" title=\"Wpisy od Redakcja\">Redakcja<\/a>&nbsp;|&nbsp;<time datetime=\"2022-12-20\">20 grudnia 2022<\/time><\/div>\t\t\t\n\t\t\t<p class=\"wpucv-excerpt\">POBIERZ PDFALTEN Bella, \u015bpiewaczka operowa (sopran); ur. 30 czerwca 1877 w Zaskaczewie, zm. 31 grudnia 1962 w Londynie. Wykszta\u0142cenie: nauk\u0119&hellip;<\/p>\t\t<\/article>\n\t\t\t\t\t\t\t\t\n\t\t\t\t<article id=\"post-2767\" class=\"cell small-12 medium-6 large-4\" itemscope itemtype=\"http:\/\/schema.org\/Article\">\n\t\t\t<a class=\"wpucv-image-link-wrapper\" href=\"https:\/\/dziedzictwopolonii.pl\/portal\/anders-irena-renata\/\" title=\"Anders Irena Renata\">\n\t\t\t\t\t\t\t<img decoding=\"async\" class=\"wpucv-image-responsive\" src=\"https:\/\/dziedzictwopolonii.pl\/portal\/wp-content\/uploads\/2022\/12\/ANDERS-Irena-1-1-360x240.jpg\" srcset=\"https:\/\/dziedzictwopolonii.pl\/portal\/wp-content\/uploads\/2022\/12\/ANDERS-Irena-1-1-360x240.jpg 360w, https:\/\/dziedzictwopolonii.pl\/portal\/wp-content\/uploads\/2022\/12\/ANDERS-Irena-1-1-600x400.jpg 600w\" sizes=\"(max-width: 639px) 600w, (min-width: 640px) 360w\" title=\"Anders Irena Renata\" alt=\"Anders Irena Renata\" itemprop=\"image\">\n\t\t\t\t\t\t\t<\/a>\n\t\t\t<h2 class=\"wpucv-post-title\" itemprop=\"name headline\">\n\t\t\t\t<a href=\"https:\/\/dziedzictwopolonii.pl\/portal\/anders-irena-renata\/\">Anders Irena Renata<\/a>\n\t\t\t<\/h2>\n\t\t\t\n\t\t\t<div class=\"wpucv-post-meta\"><a href=\"https:\/\/dziedzictwopolonii.pl\/portal\/author\/redakcja\/\" title=\"Wpisy od Redakcja\">Redakcja<\/a>&nbsp;|&nbsp;<time datetime=\"2022-12-20\">20 grudnia 2022<\/time><\/div>\t\t\t\n\t\t\t<p class=\"wpucv-excerpt\">POBIERZ PDFANDERS Irena Renata ps. Renata Bogda\u0144ska, \u015bpiewaczka; ur. 12 maja 1920 w Brunt\u00e1l (Czechy), zm. 29 listopada 2010 w&hellip;<\/p>\t\t<\/article>\n\t\t\t\t\t\t\t\t\n\t\t\t\t<article id=\"post-2772\" class=\"cell small-12 medium-6 large-4\" itemscope itemtype=\"http:\/\/schema.org\/Article\">\n\t\t\t<a class=\"wpucv-image-link-wrapper\" href=\"https:\/\/dziedzictwopolonii.pl\/portal\/antheil-george\/\" title=\"Antheil George\">\n\t\t\t\t\t\t\t<img decoding=\"async\" class=\"wpucv-image-responsive\" src=\"https:\/\/dziedzictwopolonii.pl\/portal\/wp-content\/uploads\/2022\/12\/herald_default-1-360x240.jpg\" srcset=\"https:\/\/dziedzictwopolonii.pl\/portal\/wp-content\/uploads\/2022\/12\/herald_default-1-360x240.jpg 360w, https:\/\/dziedzictwopolonii.pl\/portal\/wp-content\/uploads\/2022\/12\/herald_default-1-600x400.jpg 600w\" sizes=\"(max-width: 639px) 600w, (min-width: 640px) 360w\" title=\"Antheil George\" alt=\"Antheil George\" itemprop=\"image\">\n\t\t\t\t\t\t\t<\/a>\n\t\t\t<h2 class=\"wpucv-post-title\" itemprop=\"name headline\">\n\t\t\t\t<a href=\"https:\/\/dziedzictwopolonii.pl\/portal\/antheil-george\/\">Antheil George<\/a>\n\t\t\t<\/h2>\n\t\t\t\n\t\t\t<div class=\"wpucv-post-meta\"><a href=\"https:\/\/dziedzictwopolonii.pl\/portal\/author\/redakcja\/\" title=\"Wpisy od Redakcja\">Redakcja<\/a>&nbsp;|&nbsp;<time datetime=\"2022-12-20\">20 grudnia 2022<\/time><\/div>\t\t\t\n\t\t\t<p class=\"wpucv-excerpt\">POBIERZ PDFANTHEIL George, ameryka\u0144ski kompozytor i pianista polskiego pochodzenia; ur. 8 lipca 1900 roku w Trenton (New Jersey, USA), zm.&hellip;<\/p>\t\t<\/article>\n\t\t\t\t\t\t\t\t\n\t\t\t\t<article id=\"post-2775\" class=\"cell small-12 medium-6 large-4\" itemscope itemtype=\"http:\/\/schema.org\/Article\">\n\t\t\t<a class=\"wpucv-image-link-wrapper\" href=\"https:\/\/dziedzictwopolonii.pl\/portal\/askenaze-stefan\/\" title=\"Askenaze Stefan\">\n\t\t\t\t\t\t\t<img decoding=\"async\" class=\"wpucv-image-responsive\" src=\"https:\/\/dziedzictwopolonii.pl\/portal\/wp-content\/uploads\/2022\/12\/herald_default-1-360x240.jpg\" srcset=\"https:\/\/dziedzictwopolonii.pl\/portal\/wp-content\/uploads\/2022\/12\/herald_default-1-360x240.jpg 360w, https:\/\/dziedzictwopolonii.pl\/portal\/wp-content\/uploads\/2022\/12\/herald_default-1-600x400.jpg 600w\" sizes=\"(max-width: 639px) 600w, (min-width: 640px) 360w\" title=\"Askenaze Stefan\" alt=\"Askenaze Stefan\" itemprop=\"image\">\n\t\t\t\t\t\t\t<\/a>\n\t\t\t<h2 class=\"wpucv-post-title\" itemprop=\"name headline\">\n\t\t\t\t<a href=\"https:\/\/dziedzictwopolonii.pl\/portal\/askenaze-stefan\/\">Askenaze Stefan<\/a>\n\t\t\t<\/h2>\n\t\t\t\n\t\t\t<div class=\"wpucv-post-meta\"><a href=\"https:\/\/dziedzictwopolonii.pl\/portal\/author\/redakcja\/\" title=\"Wpisy od Redakcja\">Redakcja<\/a>&nbsp;|&nbsp;<time datetime=\"2022-12-20\">20 grudnia 2022<\/time><\/div>\t\t\t\n\t\t\t<p class=\"wpucv-excerpt\">POBIERZ PDFASKENASE Stefan, pianista, pedagog muzyczny; ur. 10 lipca 1896 roku we Lwowie, zm. 18 pa\u017adziernika 1985 roku w Bonn&hellip;<\/p>\t\t<\/article>\n\t\t\t\t\t\t\t\t\n\t\t\t\t<article id=\"post-2778\" class=\"cell small-12 medium-6 large-4\" itemscope itemtype=\"http:\/\/schema.org\/Article\">\n\t\t\t<a class=\"wpucv-image-link-wrapper\" href=\"https:\/\/dziedzictwopolonii.pl\/portal\/aston-adam\/\" title=\"Aston Adam\">\n\t\t\t\t\t\t\t<img decoding=\"async\" class=\"wpucv-image-responsive\" src=\"https:\/\/dziedzictwopolonii.pl\/portal\/wp-content\/uploads\/2022\/12\/herald_default-1-360x240.jpg\" srcset=\"https:\/\/dziedzictwopolonii.pl\/portal\/wp-content\/uploads\/2022\/12\/herald_default-1-360x240.jpg 360w, https:\/\/dziedzictwopolonii.pl\/portal\/wp-content\/uploads\/2022\/12\/herald_default-1-600x400.jpg 600w\" sizes=\"(max-width: 639px) 600w, (min-width: 640px) 360w\" title=\"Aston Adam\" alt=\"Aston Adam\" itemprop=\"image\">\n\t\t\t\t\t\t\t<\/a>\n\t\t\t<h2 class=\"wpucv-post-title\" itemprop=\"name headline\">\n\t\t\t\t<a href=\"https:\/\/dziedzictwopolonii.pl\/portal\/aston-adam\/\">Aston Adam<\/a>\n\t\t\t<\/h2>\n\t\t\t\n\t\t\t<div class=\"wpucv-post-meta\"><a href=\"https:\/\/dziedzictwopolonii.pl\/portal\/author\/redakcja\/\" title=\"Wpisy od Redakcja\">Redakcja<\/a>&nbsp;|&nbsp;<time datetime=\"2022-12-20\">20 grudnia 2022<\/time><\/div>\t\t\t\n\t\t\t<p class=\"wpucv-excerpt\">POBIERZ PDFASTON Adam (Adam Wi\u0144ski) w\u0142a\u015bc. Adolf Loewinsohn, piosenkarz; ur. 12 wrze\u015bnia 1902 w Warszawie, zm. 10 stycznia 1993 r.&hellip;<\/p>\t\t<\/article>\n\t\t\t\t\t\t\t\t\n\t\t\t\t<article id=\"post-2781\" class=\"cell small-12 medium-6 large-4\" itemscope itemtype=\"http:\/\/schema.org\/Article\">\n\t\t\t<a class=\"wpucv-image-link-wrapper\" href=\"https:\/\/dziedzictwopolonii.pl\/portal\/bandrowski-aleksander\/\" title=\"Bandrowski Aleksander\">\n\t\t\t\t\t\t\t<img decoding=\"async\" class=\"wpucv-image-responsive\" src=\"https:\/\/dziedzictwopolonii.pl\/portal\/wp-content\/uploads\/2022\/12\/herald_default-1-360x240.jpg\" srcset=\"https:\/\/dziedzictwopolonii.pl\/portal\/wp-content\/uploads\/2022\/12\/herald_default-1-360x240.jpg 360w, https:\/\/dziedzictwopolonii.pl\/portal\/wp-content\/uploads\/2022\/12\/herald_default-1-600x400.jpg 600w\" sizes=\"(max-width: 639px) 600w, (min-width: 640px) 360w\" title=\"Bandrowski Aleksander\" alt=\"Bandrowski Aleksander\" itemprop=\"image\">\n\t\t\t\t\t\t\t<\/a>\n\t\t\t<h2 class=\"wpucv-post-title\" itemprop=\"name headline\">\n\t\t\t\t<a href=\"https:\/\/dziedzictwopolonii.pl\/portal\/bandrowski-aleksander\/\">Bandrowski Aleksander<\/a>\n\t\t\t<\/h2>\n\t\t\t\n\t\t\t<div class=\"wpucv-post-meta\"><a href=\"https:\/\/dziedzictwopolonii.pl\/portal\/author\/redakcja\/\" title=\"Wpisy od Redakcja\">Redakcja<\/a>&nbsp;|&nbsp;<time datetime=\"2022-12-20\">20 grudnia 2022<\/time><\/div>\t\t\t\n\t\t\t<p class=\"wpucv-excerpt\">POBIERZ PDFBANDROWSKI (SAS-BANDROWSKI) Aleksander, \u015bpiewak operowy (tenor); ur. 22 kwietnia 1860 roku w Lubaczowie, zm. 28 maja 1913 roku w&hellip;<\/p>\t\t<\/article>\n\t\t\t\t\t\t\t\t\n\t\t\t\t<article id=\"post-2784\" class=\"cell small-12 medium-6 large-4\" itemscope itemtype=\"http:\/\/schema.org\/Article\">\n\t\t\t<a class=\"wpucv-image-link-wrapper\" href=\"https:\/\/dziedzictwopolonii.pl\/portal\/beethowna-karolina\/\" title=\"Beeth\u00f3wna Karolina\">\n\t\t\t\t\t\t\t<img decoding=\"async\" class=\"wpucv-image-responsive\" src=\"https:\/\/dziedzictwopolonii.pl\/portal\/wp-content\/uploads\/2022\/12\/Beethowna-Karolina-1-1-220x240.jpg\" srcset=\"https:\/\/dziedzictwopolonii.pl\/portal\/wp-content\/uploads\/2022\/12\/Beethowna-Karolina-1-1-220x240.jpg 360w, https:\/\/dziedzictwopolonii.pl\/portal\/wp-content\/uploads\/2022\/12\/Beethowna-Karolina-1-1.jpg 600w\" sizes=\"(max-width: 639px) 600w, (min-width: 640px) 360w\" title=\"Beeth\u00f3wna Karolina\" alt=\"Beeth\u00f3wna Karolina\" itemprop=\"image\">\n\t\t\t\t\t\t\t<\/a>\n\t\t\t<h2 class=\"wpucv-post-title\" itemprop=\"name headline\">\n\t\t\t\t<a href=\"https:\/\/dziedzictwopolonii.pl\/portal\/beethowna-karolina\/\">Beeth\u00f3wna Karolina<\/a>\n\t\t\t<\/h2>\n\t\t\t\n\t\t\t<div class=\"wpucv-post-meta\"><a href=\"https:\/\/dziedzictwopolonii.pl\/portal\/author\/redakcja\/\" title=\"Wpisy od Redakcja\">Redakcja<\/a>&nbsp;|&nbsp;<time datetime=\"2022-12-20\">20 grudnia 2022<\/time><\/div>\t\t\t\n\t\t\t<p class=\"wpucv-excerpt\">POBIERZ PDFBEETH\u00d3WNA (BEETH) Karolina (Lola) , \u015bpiewaczka operowa (sopran); ur. 23 listopada 1861 w Krakowie, zm. 18 marca 1940 w&hellip;<\/p>\t\t<\/article>\n\t\t\t\t\t\t\t\t\n\t\t\t\t<article id=\"post-2789\" class=\"cell small-12 medium-6 large-4\" itemscope itemtype=\"http:\/\/schema.org\/Article\">\n\t\t\t<a class=\"wpucv-image-link-wrapper\" href=\"https:\/\/dziedzictwopolonii.pl\/portal\/berger-roman\/\" title=\"Berger Roman\">\n\t\t\t\t\t\t\t<img decoding=\"async\" class=\"wpucv-image-responsive\" src=\"https:\/\/dziedzictwopolonii.pl\/portal\/wp-content\/uploads\/2022\/12\/herald_default-1-360x240.jpg\" srcset=\"https:\/\/dziedzictwopolonii.pl\/portal\/wp-content\/uploads\/2022\/12\/herald_default-1-360x240.jpg 360w, https:\/\/dziedzictwopolonii.pl\/portal\/wp-content\/uploads\/2022\/12\/herald_default-1-600x400.jpg 600w\" sizes=\"(max-width: 639px) 600w, (min-width: 640px) 360w\" title=\"Berger Roman\" alt=\"Berger Roman\" itemprop=\"image\">\n\t\t\t\t\t\t\t<\/a>\n\t\t\t<h2 class=\"wpucv-post-title\" itemprop=\"name headline\">\n\t\t\t\t<a href=\"https:\/\/dziedzictwopolonii.pl\/portal\/berger-roman\/\">Berger Roman<\/a>\n\t\t\t<\/h2>\n\t\t\t\n\t\t\t<div class=\"wpucv-post-meta\"><a href=\"https:\/\/dziedzictwopolonii.pl\/portal\/author\/redakcja\/\" title=\"Wpisy od Redakcja\">Redakcja<\/a>&nbsp;|&nbsp;<time datetime=\"2022-12-20\">20 grudnia 2022<\/time><\/div>\t\t\t\n\t\t\t<p class=\"wpucv-excerpt\">POBIERZ PDFBERGER Roman, kompozytor, pianista, muzykolog i filozof muzyki; ur. 9 sierpnia 1930 roku w Cieszynie, zm. 22 grudnia 2020&hellip;<\/p>\t\t<\/article>\n\t\t\t\t\t\t\t\t\n\t\t\t\t<article id=\"post-2792\" class=\"cell small-12 medium-6 large-4\" itemscope itemtype=\"http:\/\/schema.org\/Article\">\n\t\t\t<a class=\"wpucv-image-link-wrapper\" href=\"https:\/\/dziedzictwopolonii.pl\/portal\/bergson-michal\/\" title=\"Bergson Micha\u0142\">\n\t\t\t\t\t\t\t<img decoding=\"async\" class=\"wpucv-image-responsive\" src=\"https:\/\/dziedzictwopolonii.pl\/portal\/wp-content\/uploads\/2022\/12\/herald_default-1-360x240.jpg\" srcset=\"https:\/\/dziedzictwopolonii.pl\/portal\/wp-content\/uploads\/2022\/12\/herald_default-1-360x240.jpg 360w, https:\/\/dziedzictwopolonii.pl\/portal\/wp-content\/uploads\/2022\/12\/herald_default-1-600x400.jpg 600w\" sizes=\"(max-width: 639px) 600w, (min-width: 640px) 360w\" title=\"Bergson Micha\u0142\" alt=\"Bergson Micha\u0142\" itemprop=\"image\">\n\t\t\t\t\t\t\t<\/a>\n\t\t\t<h2 class=\"wpucv-post-title\" itemprop=\"name headline\">\n\t\t\t\t<a href=\"https:\/\/dziedzictwopolonii.pl\/portal\/bergson-michal\/\">Bergson Micha\u0142<\/a>\n\t\t\t<\/h2>\n\t\t\t\n\t\t\t<div class=\"wpucv-post-meta\"><a href=\"https:\/\/dziedzictwopolonii.pl\/portal\/author\/redakcja\/\" title=\"Wpisy od Redakcja\">Redakcja<\/a>&nbsp;|&nbsp;<time datetime=\"2022-12-20\">20 grudnia 2022<\/time><\/div>\t\t\t\n\t\t\t<p class=\"wpucv-excerpt\">POBIERZ PDFBERGSON (BERGSOHN) Micha\u0142, kompozytor, pianista; ur. 20 maja 1820 w Warszawie, zm. 9 marca 1898 w Londynie, syn Gabriela.&hellip;<\/p>\t\t<\/article>\n\t\t\t\t\t\t\t\t\n\t\t\t\t<article id=\"post-2795\" class=\"cell small-12 medium-6 large-4\" itemscope itemtype=\"http:\/\/schema.org\/Article\">\n\t\t\t<a class=\"wpucv-image-link-wrapper\" href=\"https:\/\/dziedzictwopolonii.pl\/portal\/birnbaum-zdzislaw\/\" title=\"Birnbaum Zdzis\u0142aw\">\n\t\t\t\t\t\t\t<img decoding=\"async\" class=\"wpucv-image-responsive\" src=\"https:\/\/dziedzictwopolonii.pl\/portal\/wp-content\/uploads\/2022\/12\/herald_default-1-360x240.jpg\" srcset=\"https:\/\/dziedzictwopolonii.pl\/portal\/wp-content\/uploads\/2022\/12\/herald_default-1-360x240.jpg 360w, https:\/\/dziedzictwopolonii.pl\/portal\/wp-content\/uploads\/2022\/12\/herald_default-1-600x400.jpg 600w\" sizes=\"(max-width: 639px) 600w, (min-width: 640px) 360w\" title=\"Birnbaum Zdzis\u0142aw\" alt=\"Birnbaum Zdzis\u0142aw\" itemprop=\"image\">\n\t\t\t\t\t\t\t<\/a>\n\t\t\t<h2 class=\"wpucv-post-title\" itemprop=\"name headline\">\n\t\t\t\t<a href=\"https:\/\/dziedzictwopolonii.pl\/portal\/birnbaum-zdzislaw\/\">Birnbaum Zdzis\u0142aw<\/a>\n\t\t\t<\/h2>\n\t\t\t\n\t\t\t<div class=\"wpucv-post-meta\"><a href=\"https:\/\/dziedzictwopolonii.pl\/portal\/author\/redakcja\/\" title=\"Wpisy od Redakcja\">Redakcja<\/a>&nbsp;|&nbsp;<time datetime=\"2022-12-20\">20 grudnia 2022<\/time><\/div>\t\t\t\n\t\t\t<p class=\"wpucv-excerpt\">POBIERZ PDFBIRNBAUM Zdzis\u0142aw Aleksander, dyrygent, skrzypek, kompozytor; ur. 28 lutego 1878 w Warszawie, zm. 27 wrze\u015bnia 1921 roku \u015bmierci\u0105 samob\u00f3jcz\u0105&hellip;<\/p>\t\t<\/article>\n\t\t\t\t\t\t\t\t\n\t\t\t\t<article id=\"post-2798\" class=\"cell small-12 medium-6 large-4\" itemscope itemtype=\"http:\/\/schema.org\/Article\">\n\t\t\t<a class=\"wpucv-image-link-wrapper\" href=\"https:\/\/dziedzictwopolonii.pl\/portal\/bobrowicz-jan\/\" title=\"Bobrowicz Jan\">\n\t\t\t\t\t\t\t<img decoding=\"async\" class=\"wpucv-image-responsive\" src=\"https:\/\/dziedzictwopolonii.pl\/portal\/wp-content\/uploads\/2022\/12\/herald_default-1-360x240.jpg\" srcset=\"https:\/\/dziedzictwopolonii.pl\/portal\/wp-content\/uploads\/2022\/12\/herald_default-1-360x240.jpg 360w, https:\/\/dziedzictwopolonii.pl\/portal\/wp-content\/uploads\/2022\/12\/herald_default-1-600x400.jpg 600w\" sizes=\"(max-width: 639px) 600w, (min-width: 640px) 360w\" title=\"Bobrowicz Jan\" alt=\"Bobrowicz Jan\" itemprop=\"image\">\n\t\t\t\t\t\t\t<\/a>\n\t\t\t<h2 class=\"wpucv-post-title\" itemprop=\"name headline\">\n\t\t\t\t<a href=\"https:\/\/dziedzictwopolonii.pl\/portal\/bobrowicz-jan\/\">Bobrowicz Jan<\/a>\n\t\t\t<\/h2>\n\t\t\t\n\t\t\t<div class=\"wpucv-post-meta\"><a href=\"https:\/\/dziedzictwopolonii.pl\/portal\/author\/redakcja\/\" title=\"Wpisy od Redakcja\">Redakcja<\/a>&nbsp;|&nbsp;<time datetime=\"2022-12-20\">20 grudnia 2022<\/time><\/div>\t\t\t\n\t\t\t<p class=\"wpucv-excerpt\">POBIERZ PDFBOBROWICZ Jan Nepomucen, kompozytor, wirtuoz muzyki gitarowej, ksi\u0119garz, wydawca; ur. 12 maja 1805 roku w Krakowie, zm. 2 listopada&hellip;<\/p>\t\t<\/article>\n\t\t\t\t\t\t\t\t\n\t\t\t\t<article id=\"post-2801\" class=\"cell small-12 medium-6 large-4\" itemscope itemtype=\"http:\/\/schema.org\/Article\">\n\t\t\t<a class=\"wpucv-image-link-wrapper\" href=\"https:\/\/dziedzictwopolonii.pl\/portal\/boitto-arrigo\/\" title=\"Boitto Arrigo\">\n\t\t\t\t\t\t\t<img decoding=\"async\" class=\"wpucv-image-responsive\" src=\"https:\/\/dziedzictwopolonii.pl\/portal\/wp-content\/uploads\/2022\/12\/herald_default-1-360x240.jpg\" srcset=\"https:\/\/dziedzictwopolonii.pl\/portal\/wp-content\/uploads\/2022\/12\/herald_default-1-360x240.jpg 360w, https:\/\/dziedzictwopolonii.pl\/portal\/wp-content\/uploads\/2022\/12\/herald_default-1-600x400.jpg 600w\" sizes=\"(max-width: 639px) 600w, (min-width: 640px) 360w\" title=\"Boitto Arrigo\" alt=\"Boitto Arrigo\" itemprop=\"image\">\n\t\t\t\t\t\t\t<\/a>\n\t\t\t<h2 class=\"wpucv-post-title\" itemprop=\"name headline\">\n\t\t\t\t<a href=\"https:\/\/dziedzictwopolonii.pl\/portal\/boitto-arrigo\/\">Boitto Arrigo<\/a>\n\t\t\t<\/h2>\n\t\t\t\n\t\t\t<div class=\"wpucv-post-meta\"><a href=\"https:\/\/dziedzictwopolonii.pl\/portal\/author\/redakcja\/\" title=\"Wpisy od Redakcja\">Redakcja<\/a>&nbsp;|&nbsp;<time datetime=\"2022-12-20\">20 grudnia 2022<\/time><\/div>\t\t\t\n\t\t\t<p class=\"wpucv-excerpt\">POBIERZ PDFBOITO Arrigo, w\u0142a\u015bc. Enrico Giuseppe Giovanni Boito, w\u0142oski kompozytor i poeta polskiego pochodzenia; ur. 24 lutego 1842 roku w&hellip;<\/p>\t\t<\/article>\n\t\t\t\t\t\t\t\t\n\t\t\t\t<article id=\"post-2804\" class=\"cell small-12 medium-6 large-4\" itemscope itemtype=\"http:\/\/schema.org\/Article\">\n\t\t\t<a class=\"wpucv-image-link-wrapper\" href=\"https:\/\/dziedzictwopolonii.pl\/portal\/bojanowski-jerzy\/\" title=\"Bojanowski Jerzy\">\n\t\t\t\t\t\t\t<img decoding=\"async\" class=\"wpucv-image-responsive\" src=\"https:\/\/dziedzictwopolonii.pl\/portal\/wp-content\/uploads\/2022\/12\/herald_default-1-360x240.jpg\" srcset=\"https:\/\/dziedzictwopolonii.pl\/portal\/wp-content\/uploads\/2022\/12\/herald_default-1-360x240.jpg 360w, https:\/\/dziedzictwopolonii.pl\/portal\/wp-content\/uploads\/2022\/12\/herald_default-1-600x400.jpg 600w\" sizes=\"(max-width: 639px) 600w, (min-width: 640px) 360w\" title=\"Bojanowski Jerzy\" alt=\"Bojanowski Jerzy\" itemprop=\"image\">\n\t\t\t\t\t\t\t<\/a>\n\t\t\t<h2 class=\"wpucv-post-title\" itemprop=\"name headline\">\n\t\t\t\t<a href=\"https:\/\/dziedzictwopolonii.pl\/portal\/bojanowski-jerzy\/\">Bojanowski Jerzy<\/a>\n\t\t\t<\/h2>\n\t\t\t\n\t\t\t<div class=\"wpucv-post-meta\"><a href=\"https:\/\/dziedzictwopolonii.pl\/portal\/author\/redakcja\/\" title=\"Wpisy od Redakcja\">Redakcja<\/a>&nbsp;|&nbsp;<time datetime=\"2022-12-20\">20 grudnia 2022<\/time><\/div>\t\t\t\n\t\t\t<p class=\"wpucv-excerpt\">POBIERZ PDFBOJANOWSKI Jerzy, dyrygent, kompozytor; ur. 18 czerwca 1893 roku w Kamenskoje, k. Jekaterynos\u0142awia (Ukraina), zm. 10 wrze\u015bnia 1983 roku&hellip;<\/p>\t\t<\/article>\n\t\t\t\t\t\t\t\t\n\t\t\t\t<article id=\"post-2807\" class=\"cell small-12 medium-6 large-4\" itemscope itemtype=\"http:\/\/schema.org\/Article\">\n\t\t\t<a class=\"wpucv-image-link-wrapper\" href=\"https:\/\/dziedzictwopolonii.pl\/portal\/borucki-gwidon\/\" title=\"Borucki Gwidon\">\n\t\t\t\t\t\t\t<img decoding=\"async\" class=\"wpucv-image-responsive\" src=\"https:\/\/dziedzictwopolonii.pl\/portal\/wp-content\/uploads\/2022\/12\/BORUCKI-Gwidon-3-1-360x240.jpg\" srcset=\"https:\/\/dziedzictwopolonii.pl\/portal\/wp-content\/uploads\/2022\/12\/BORUCKI-Gwidon-3-1-360x240.jpg 360w, https:\/\/dziedzictwopolonii.pl\/portal\/wp-content\/uploads\/2022\/12\/BORUCKI-Gwidon-3-1-600x400.jpg 600w\" sizes=\"(max-width: 639px) 600w, (min-width: 640px) 360w\" title=\"Borucki Gwidon\" alt=\"Borucki Gwidon\" itemprop=\"image\">\n\t\t\t\t\t\t\t<\/a>\n\t\t\t<h2 class=\"wpucv-post-title\" itemprop=\"name headline\">\n\t\t\t\t<a href=\"https:\/\/dziedzictwopolonii.pl\/portal\/borucki-gwidon\/\">Borucki Gwidon<\/a>\n\t\t\t<\/h2>\n\t\t\t\n\t\t\t<div class=\"wpucv-post-meta\"><a href=\"https:\/\/dziedzictwopolonii.pl\/portal\/author\/redakcja\/\" title=\"Wpisy od Redakcja\">Redakcja<\/a>&nbsp;|&nbsp;<time datetime=\"2022-12-20\">20 grudnia 2022<\/time><\/div>\t\t\t\n\t\t\t<p class=\"wpucv-excerpt\">POBIERZ PDFBORUCKI Gwidon ps. Guido Lorraine, aktor, piosenkarz; ur. 2 wrze\u015bnia 1912 w Krakowie, zm. 31 grudnia 2009 w Melbourne&hellip;<\/p>\t\t<\/article>\n\t\t\t\t\t\t\t\t\n\t\t\t\t<article id=\"post-2814\" class=\"cell small-12 medium-6 large-4\" itemscope itemtype=\"http:\/\/schema.org\/Article\">\n\t\t\t<a class=\"wpucv-image-link-wrapper\" href=\"https:\/\/dziedzictwopolonii.pl\/portal\/brachocki-aleksander\/\" title=\"Brachocki Aleksander\">\n\t\t\t\t\t\t\t<img decoding=\"async\" class=\"wpucv-image-responsive\" src=\"https:\/\/dziedzictwopolonii.pl\/portal\/wp-content\/uploads\/2022\/12\/herald_default-1-360x240.jpg\" srcset=\"https:\/\/dziedzictwopolonii.pl\/portal\/wp-content\/uploads\/2022\/12\/herald_default-1-360x240.jpg 360w, https:\/\/dziedzictwopolonii.pl\/portal\/wp-content\/uploads\/2022\/12\/herald_default-1-600x400.jpg 600w\" sizes=\"(max-width: 639px) 600w, (min-width: 640px) 360w\" title=\"Brachocki Aleksander\" alt=\"Brachocki Aleksander\" itemprop=\"image\">\n\t\t\t\t\t\t\t<\/a>\n\t\t\t<h2 class=\"wpucv-post-title\" itemprop=\"name headline\">\n\t\t\t\t<a href=\"https:\/\/dziedzictwopolonii.pl\/portal\/brachocki-aleksander\/\">Brachocki Aleksander<\/a>\n\t\t\t<\/h2>\n\t\t\t\n\t\t\t<div class=\"wpucv-post-meta\"><a href=\"https:\/\/dziedzictwopolonii.pl\/portal\/author\/redakcja\/\" title=\"Wpisy od Redakcja\">Redakcja<\/a>&nbsp;|&nbsp;<time datetime=\"2022-12-20\">20 grudnia 2022<\/time><\/div>\t\t\t\n\t\t\t<p class=\"wpucv-excerpt\">POBIERZ PDFBRACHOCKI Aleksander, pianista, kompozytor, pedagog muzyczny; ur. 17 stycznia 1897 roku w Scranton (Pensylwania, USA), zm. mi\u0119dzy 1945 a&hellip;<\/p>\t\t<\/article>\n\t\t\t\t\t\t\t\t\n\t\t\t\t<article id=\"post-2817\" class=\"cell small-12 medium-6 large-4\" itemscope itemtype=\"http:\/\/schema.org\/Article\">\n\t\t\t<a class=\"wpucv-image-link-wrapper\" href=\"https:\/\/dziedzictwopolonii.pl\/portal\/bronarski-ludwik\/\" title=\"Bronarski Ludwik\">\n\t\t\t\t\t\t\t<img decoding=\"async\" class=\"wpucv-image-responsive\" src=\"https:\/\/dziedzictwopolonii.pl\/portal\/wp-content\/uploads\/2022\/12\/herald_default-1-360x240.jpg\" srcset=\"https:\/\/dziedzictwopolonii.pl\/portal\/wp-content\/uploads\/2022\/12\/herald_default-1-360x240.jpg 360w, https:\/\/dziedzictwopolonii.pl\/portal\/wp-content\/uploads\/2022\/12\/herald_default-1-600x400.jpg 600w\" sizes=\"(max-width: 639px) 600w, (min-width: 640px) 360w\" title=\"Bronarski Ludwik\" alt=\"Bronarski Ludwik\" itemprop=\"image\">\n\t\t\t\t\t\t\t<\/a>\n\t\t\t<h2 class=\"wpucv-post-title\" itemprop=\"name headline\">\n\t\t\t\t<a href=\"https:\/\/dziedzictwopolonii.pl\/portal\/bronarski-ludwik\/\">Bronarski Ludwik<\/a>\n\t\t\t<\/h2>\n\t\t\t\n\t\t\t<div class=\"wpucv-post-meta\"><a href=\"https:\/\/dziedzictwopolonii.pl\/portal\/author\/redakcja\/\" title=\"Wpisy od Redakcja\">Redakcja<\/a>&nbsp;|&nbsp;<time datetime=\"2022-12-20\">20 grudnia 2022<\/time><\/div>\t\t\t\n\t\t\t<p class=\"wpucv-excerpt\">POBIERZ PDFBRONARSKI Ludwik, pianista, muzykolog, pedagog muzyczny; ur. 13 kwietnia 1890 roku we Lwowie, zm. 9 listopada 1975 roku we&hellip;<\/p>\t\t<\/article>\n\t\t\t\t\t\t\t\t\n\t\t\t\t<article id=\"post-2820\" class=\"cell small-12 medium-6 large-4\" itemscope itemtype=\"http:\/\/schema.org\/Article\">\n\t\t\t<a class=\"wpucv-image-link-wrapper\" href=\"https:\/\/dziedzictwopolonii.pl\/portal\/brzozowska-mejan-jadwiga\/\" title=\"Brzozowska &#8211; Mejan Jadwiga\">\n\t\t\t\t\t\t\t<img decoding=\"async\" class=\"wpucv-image-responsive\" src=\"https:\/\/dziedzictwopolonii.pl\/portal\/wp-content\/uploads\/2022\/12\/herald_default-1-360x240.jpg\" srcset=\"https:\/\/dziedzictwopolonii.pl\/portal\/wp-content\/uploads\/2022\/12\/herald_default-1-360x240.jpg 360w, https:\/\/dziedzictwopolonii.pl\/portal\/wp-content\/uploads\/2022\/12\/herald_default-1-600x400.jpg 600w\" sizes=\"(max-width: 639px) 600w, (min-width: 640px) 360w\" title=\"Brzozowska &#8211; Mejan Jadwiga\" alt=\"Brzozowska &#8211; Mejan Jadwiga\" itemprop=\"image\">\n\t\t\t\t\t\t\t<\/a>\n\t\t\t<h2 class=\"wpucv-post-title\" itemprop=\"name headline\">\n\t\t\t\t<a href=\"https:\/\/dziedzictwopolonii.pl\/portal\/brzozowska-mejan-jadwiga\/\">Brzozowska &#8211; Mejan Jadwiga<\/a>\n\t\t\t<\/h2>\n\t\t\t\n\t\t\t<div class=\"wpucv-post-meta\"><a href=\"https:\/\/dziedzictwopolonii.pl\/portal\/author\/redakcja\/\" title=\"Wpisy od Redakcja\">Redakcja<\/a>&nbsp;|&nbsp;<time datetime=\"2022-12-20\">20 grudnia 2022<\/time><\/div>\t\t\t\n\t\t\t<p class=\"wpucv-excerpt\">POBIERZ PDFBRZOZOWSKA-M\u00c9JEAN Jadwiga ps. Jadwiga Jagie\u0142\u0142o, pianistka, kompozytorka, pedagog muzyczny; ur. 1830 w Warszawie, zm. ok. 1886 w Pary\u017cu, c\u00f3rka&hellip;<\/p>\t\t<\/article>\n\t\t\t\t\t\t\t\t\n\t\t\t\t<article id=\"post-2823\" class=\"cell small-12 medium-6 large-4\" itemscope itemtype=\"http:\/\/schema.org\/Article\">\n\t\t\t<a class=\"wpucv-image-link-wrapper\" href=\"https:\/\/dziedzictwopolonii.pl\/portal\/chasyd-jozef\/\" title=\"Chasyd J\u00f3zef\">\n\t\t\t\t\t\t\t<img decoding=\"async\" class=\"wpucv-image-responsive\" src=\"https:\/\/dziedzictwopolonii.pl\/portal\/wp-content\/uploads\/2022\/12\/herald_default-1-360x240.jpg\" srcset=\"https:\/\/dziedzictwopolonii.pl\/portal\/wp-content\/uploads\/2022\/12\/herald_default-1-360x240.jpg 360w, https:\/\/dziedzictwopolonii.pl\/portal\/wp-content\/uploads\/2022\/12\/herald_default-1-600x400.jpg 600w\" sizes=\"(max-width: 639px) 600w, (min-width: 640px) 360w\" title=\"Chasyd J\u00f3zef\" alt=\"Chasyd J\u00f3zef\" itemprop=\"image\">\n\t\t\t\t\t\t\t<\/a>\n\t\t\t<h2 class=\"wpucv-post-title\" itemprop=\"name headline\">\n\t\t\t\t<a href=\"https:\/\/dziedzictwopolonii.pl\/portal\/chasyd-jozef\/\">Chasyd J\u00f3zef<\/a>\n\t\t\t<\/h2>\n\t\t\t\n\t\t\t<div class=\"wpucv-post-meta\"><a href=\"https:\/\/dziedzictwopolonii.pl\/portal\/author\/redakcja\/\" title=\"Wpisy od Redakcja\">Redakcja<\/a>&nbsp;|&nbsp;<time datetime=\"2022-12-20\">20 grudnia 2022<\/time><\/div>\t\t\t\n\t\t\t<p class=\"wpucv-excerpt\">POBIERZ PDFCHASYD J\u00f3zef (Joseph Hassid), polski skrzypek \u017cydowskiego pochodzenia; ur. 28 grudnia 1923 w Suwa\u0142kach, zm. 7 listopada 1950 w&hellip;<\/p>\t\t<\/article>\n\t\t\t\t\t\t\t\t\n\t\t\t\t<article id=\"post-2826\" class=\"cell small-12 medium-6 large-4\" itemscope itemtype=\"http:\/\/schema.org\/Article\">\n\t\t\t<a class=\"wpucv-image-link-wrapper\" href=\"https:\/\/dziedzictwopolonii.pl\/portal\/chopin-fryderyk\/\" title=\"Chopin Fryderyk\">\n\t\t\t\t\t\t\t<img decoding=\"async\" class=\"wpucv-image-responsive\" src=\"https:\/\/dziedzictwopolonii.pl\/portal\/wp-content\/uploads\/2022\/12\/herald_default-1-360x240.jpg\" srcset=\"https:\/\/dziedzictwopolonii.pl\/portal\/wp-content\/uploads\/2022\/12\/herald_default-1-360x240.jpg 360w, https:\/\/dziedzictwopolonii.pl\/portal\/wp-content\/uploads\/2022\/12\/herald_default-1-600x400.jpg 600w\" sizes=\"(max-width: 639px) 600w, (min-width: 640px) 360w\" title=\"Chopin Fryderyk\" alt=\"Chopin Fryderyk\" itemprop=\"image\">\n\t\t\t\t\t\t\t<\/a>\n\t\t\t<h2 class=\"wpucv-post-title\" itemprop=\"name headline\">\n\t\t\t\t<a href=\"https:\/\/dziedzictwopolonii.pl\/portal\/chopin-fryderyk\/\">Chopin Fryderyk<\/a>\n\t\t\t<\/h2>\n\t\t\t\n\t\t\t<div class=\"wpucv-post-meta\"><a href=\"https:\/\/dziedzictwopolonii.pl\/portal\/author\/redakcja\/\" title=\"Wpisy od Redakcja\">Redakcja<\/a>&nbsp;|&nbsp;<time datetime=\"2022-12-20\">20 grudnia 2022<\/time><\/div>\t\t\t\n\t\t\t<p class=\"wpucv-excerpt\">POBIERZ PDFCHOPIN Fryderyk, pianista, kompozytor, wsp\u00f3\u0142tw\u00f3rca europejskiego romantyzmu; ur. 1 marca 1810 (wg innych historyk\u00f3w 22 lutego 1810) we wsi&hellip;<\/p>\t\t<\/article>\n\t\t\t\t\t\t\t\t\n\t\t\t\t<article id=\"post-2829\" class=\"cell small-12 medium-6 large-4\" itemscope itemtype=\"http:\/\/schema.org\/Article\">\n\t\t\t<a class=\"wpucv-image-link-wrapper\" href=\"https:\/\/dziedzictwopolonii.pl\/portal\/czajkowski-andrzej\/\" title=\"Czajkowski Andrzej\">\n\t\t\t\t\t\t\t<img decoding=\"async\" class=\"wpucv-image-responsive\" src=\"https:\/\/dziedzictwopolonii.pl\/portal\/wp-content\/uploads\/2022\/12\/herald_default-1-360x240.jpg\" srcset=\"https:\/\/dziedzictwopolonii.pl\/portal\/wp-content\/uploads\/2022\/12\/herald_default-1-360x240.jpg 360w, https:\/\/dziedzictwopolonii.pl\/portal\/wp-content\/uploads\/2022\/12\/herald_default-1-600x400.jpg 600w\" sizes=\"(max-width: 639px) 600w, (min-width: 640px) 360w\" title=\"Czajkowski Andrzej\" alt=\"Czajkowski Andrzej\" itemprop=\"image\">\n\t\t\t\t\t\t\t<\/a>\n\t\t\t<h2 class=\"wpucv-post-title\" itemprop=\"name headline\">\n\t\t\t\t<a href=\"https:\/\/dziedzictwopolonii.pl\/portal\/czajkowski-andrzej\/\">Czajkowski Andrzej<\/a>\n\t\t\t<\/h2>\n\t\t\t\n\t\t\t<div class=\"wpucv-post-meta\"><a href=\"https:\/\/dziedzictwopolonii.pl\/portal\/author\/redakcja\/\" title=\"Wpisy od Redakcja\">Redakcja<\/a>&nbsp;|&nbsp;<time datetime=\"2022-12-20\">20 grudnia 2022<\/time><\/div>\t\t\t\n\t\t\t<p class=\"wpucv-excerpt\">POBIERZ PDFCZAJKOWSKI Andrzej, pianista, kompozytor; ur. 1 listopada 1935 w Warszawie, zm. 26 czerwca 1982 w Oksfordzie (Wielka Brytania). Wykszta\u0142cenie:&hellip;<\/p>\t\t<\/article>\n\t\t\t\t\t\t\t\t\n\t\t\t\t<article id=\"post-2832\" class=\"cell small-12 medium-6 large-4\" itemscope itemtype=\"http:\/\/schema.org\/Article\">\n\t\t\t<a class=\"wpucv-image-link-wrapper\" href=\"https:\/\/dziedzictwopolonii.pl\/portal\/czartoryska-marcelina\/\" title=\"Czartoryska Marcelina\">\n\t\t\t\t\t\t\t<img decoding=\"async\" class=\"wpucv-image-responsive\" src=\"https:\/\/dziedzictwopolonii.pl\/portal\/wp-content\/uploads\/2022\/12\/herald_default-1-360x240.jpg\" srcset=\"https:\/\/dziedzictwopolonii.pl\/portal\/wp-content\/uploads\/2022\/12\/herald_default-1-360x240.jpg 360w, https:\/\/dziedzictwopolonii.pl\/portal\/wp-content\/uploads\/2022\/12\/herald_default-1-600x400.jpg 600w\" sizes=\"(max-width: 639px) 600w, (min-width: 640px) 360w\" title=\"Czartoryska Marcelina\" alt=\"Czartoryska Marcelina\" itemprop=\"image\">\n\t\t\t\t\t\t\t<\/a>\n\t\t\t<h2 class=\"wpucv-post-title\" itemprop=\"name headline\">\n\t\t\t\t<a href=\"https:\/\/dziedzictwopolonii.pl\/portal\/czartoryska-marcelina\/\">Czartoryska Marcelina<\/a>\n\t\t\t<\/h2>\n\t\t\t\n\t\t\t<div class=\"wpucv-post-meta\"><a href=\"https:\/\/dziedzictwopolonii.pl\/portal\/author\/redakcja\/\" title=\"Wpisy od Redakcja\">Redakcja<\/a>&nbsp;|&nbsp;<time datetime=\"2022-12-20\">20 grudnia 2022<\/time><\/div>\t\t\t\n\t\t\t<p class=\"wpucv-excerpt\">POBIERZ PDFCZARTORYSKA Marcelina, pianistka; ur. 18 maja 1817 w Pod\u0142u\u017cnem na Podlasiu, zm. 5 czerwca 1894 w Krakowie, c\u00f3rka Micha\u0142a&hellip;<\/p>\t\t<\/article>\n\t\t\t\t\t\t\t\t\n\t\t\t\t<article id=\"post-2835\" class=\"cell small-12 medium-6 large-4\" itemscope itemtype=\"http:\/\/schema.org\/Article\">\n\t\t\t<a class=\"wpucv-image-link-wrapper\" href=\"https:\/\/dziedzictwopolonii.pl\/portal\/danilowski-wladyslaw\/\" title=\"Dani\u0142owski W\u0142adys\u0142aw\">\n\t\t\t\t\t\t\t<img decoding=\"async\" class=\"wpucv-image-responsive\" src=\"https:\/\/dziedzictwopolonii.pl\/portal\/wp-content\/uploads\/2022\/12\/herald_default-1-360x240.jpg\" srcset=\"https:\/\/dziedzictwopolonii.pl\/portal\/wp-content\/uploads\/2022\/12\/herald_default-1-360x240.jpg 360w, https:\/\/dziedzictwopolonii.pl\/portal\/wp-content\/uploads\/2022\/12\/herald_default-1-600x400.jpg 600w\" sizes=\"(max-width: 639px) 600w, (min-width: 640px) 360w\" title=\"Dani\u0142owski W\u0142adys\u0142aw\" alt=\"Dani\u0142owski W\u0142adys\u0142aw\" itemprop=\"image\">\n\t\t\t\t\t\t\t<\/a>\n\t\t\t<h2 class=\"wpucv-post-title\" itemprop=\"name headline\">\n\t\t\t\t<a href=\"https:\/\/dziedzictwopolonii.pl\/portal\/danilowski-wladyslaw\/\">Dani\u0142owski W\u0142adys\u0142aw<\/a>\n\t\t\t<\/h2>\n\t\t\t\n\t\t\t<div class=\"wpucv-post-meta\"><a href=\"https:\/\/dziedzictwopolonii.pl\/portal\/author\/redakcja\/\" title=\"Wpisy od Redakcja\">Redakcja<\/a>&nbsp;|&nbsp;<time datetime=\"2022-12-20\">20 grudnia 2022<\/time><\/div>\t\t\t\n\t\t\t<p class=\"wpucv-excerpt\">POBIERZ PDFDANI\u0141OWSKI W\u0142adys\u0142aw ps. Dan, kompozytor, pianista, wokalista; ur. 26 kwietnia 1902 w Warszawie, zm. 4 marca 2000 w Miami&hellip;<\/p>\t\t<\/article>\n\t\t\t\t\t\t\t\t\n\t\t\t\t<article id=\"post-2838\" class=\"cell small-12 medium-6 large-4\" itemscope itemtype=\"http:\/\/schema.org\/Article\">\n\t\t\t<a class=\"wpucv-image-link-wrapper\" href=\"https:\/\/dziedzictwopolonii.pl\/portal\/dedek-elzbieta\/\" title=\"Dedek El\u017cbieta\">\n\t\t\t\t\t\t\t<img decoding=\"async\" class=\"wpucv-image-responsive\" src=\"https:\/\/dziedzictwopolonii.pl\/portal\/wp-content\/uploads\/2022\/12\/herald_default-1-360x240.jpg\" srcset=\"https:\/\/dziedzictwopolonii.pl\/portal\/wp-content\/uploads\/2022\/12\/herald_default-1-360x240.jpg 360w, https:\/\/dziedzictwopolonii.pl\/portal\/wp-content\/uploads\/2022\/12\/herald_default-1-600x400.jpg 600w\" sizes=\"(max-width: 639px) 600w, (min-width: 640px) 360w\" title=\"Dedek El\u017cbieta\" alt=\"Dedek El\u017cbieta\" itemprop=\"image\">\n\t\t\t\t\t\t\t<\/a>\n\t\t\t<h2 class=\"wpucv-post-title\" itemprop=\"name headline\">\n\t\t\t\t<a href=\"https:\/\/dziedzictwopolonii.pl\/portal\/dedek-elzbieta\/\">Dedek El\u017cbieta<\/a>\n\t\t\t<\/h2>\n\t\t\t\n\t\t\t<div class=\"wpucv-post-meta\"><a href=\"https:\/\/dziedzictwopolonii.pl\/portal\/author\/redakcja\/\" title=\"Wpisy od Redakcja\">Redakcja<\/a>&nbsp;|&nbsp;<time datetime=\"2022-12-20\">20 grudnia 2022<\/time><\/div>\t\t\t\n\t\t\t<p class=\"wpucv-excerpt\">POBIERZ PDFDEDEK El\u017cbieta, pianistka; ur. 18 czerwca 1944 w Warszawie. Wykszta\u0142cenie: Pa\u0144stwowa Wy\u017csza Szko\u0142a Muzyczna w Warszawie; Kr\u00f3lewskie Konserwatorium Muzyczne&hellip;<\/p>\t\t<\/article>\n\t\t\t\t\t\t\t\t\n\t\t\t\t<article id=\"post-2841\" class=\"cell small-12 medium-6 large-4\" itemscope itemtype=\"http:\/\/schema.org\/Article\">\n\t\t\t<a class=\"wpucv-image-link-wrapper\" href=\"https:\/\/dziedzictwopolonii.pl\/portal\/delmar-czarnecka-irena\/\" title=\"Delmar &#8211; Czarnecka Irena\">\n\t\t\t\t\t\t\t<img decoding=\"async\" class=\"wpucv-image-responsive\" src=\"https:\/\/dziedzictwopolonii.pl\/portal\/wp-content\/uploads\/2022\/12\/herald_default-1-360x240.jpg\" srcset=\"https:\/\/dziedzictwopolonii.pl\/portal\/wp-content\/uploads\/2022\/12\/herald_default-1-360x240.jpg 360w, https:\/\/dziedzictwopolonii.pl\/portal\/wp-content\/uploads\/2022\/12\/herald_default-1-600x400.jpg 600w\" sizes=\"(max-width: 639px) 600w, (min-width: 640px) 360w\" title=\"Delmar &#8211; Czarnecka Irena\" alt=\"Delmar &#8211; Czarnecka Irena\" itemprop=\"image\">\n\t\t\t\t\t\t\t<\/a>\n\t\t\t<h2 class=\"wpucv-post-title\" itemprop=\"name headline\">\n\t\t\t\t<a href=\"https:\/\/dziedzictwopolonii.pl\/portal\/delmar-czarnecka-irena\/\">Delmar &#8211; Czarnecka Irena<\/a>\n\t\t\t<\/h2>\n\t\t\t\n\t\t\t<div class=\"wpucv-post-meta\"><a href=\"https:\/\/dziedzictwopolonii.pl\/portal\/author\/redakcja\/\" title=\"Wpisy od Redakcja\">Redakcja<\/a>&nbsp;|&nbsp;<time datetime=\"2022-12-20\">20 grudnia 2022<\/time><\/div>\t\t\t\n\t\t\t<p class=\"wpucv-excerpt\">POBIERZ PDFDELMAR-CZARNECKA Irena, \u015bpiewaczka, aktorka; ur. w Cz\u0119stochowie. Wykszta\u0142cenie: Joan Reynold\u2019s Davies School of Singing w Londynie oraz studia wokalne&hellip;<\/p>\t\t<\/article>\n\t\t\t\t\t\t\t\t\n\t\t\t\t<article id=\"post-2844\" class=\"cell small-12 medium-6 large-4\" itemscope itemtype=\"http:\/\/schema.org\/Article\">\n\t\t\t<a class=\"wpucv-image-link-wrapper\" href=\"https:\/\/dziedzictwopolonii.pl\/portal\/didur-adam\/\" title=\"Didur Adam\">\n\t\t\t\t\t\t\t<img decoding=\"async\" class=\"wpucv-image-responsive\" src=\"https:\/\/dziedzictwopolonii.pl\/portal\/wp-content\/uploads\/2022\/12\/herald_default-1-360x240.jpg\" srcset=\"https:\/\/dziedzictwopolonii.pl\/portal\/wp-content\/uploads\/2022\/12\/herald_default-1-360x240.jpg 360w, https:\/\/dziedzictwopolonii.pl\/portal\/wp-content\/uploads\/2022\/12\/herald_default-1-600x400.jpg 600w\" sizes=\"(max-width: 639px) 600w, (min-width: 640px) 360w\" title=\"Didur Adam\" alt=\"Didur Adam\" itemprop=\"image\">\n\t\t\t\t\t\t\t<\/a>\n\t\t\t<h2 class=\"wpucv-post-title\" itemprop=\"name headline\">\n\t\t\t\t<a href=\"https:\/\/dziedzictwopolonii.pl\/portal\/didur-adam\/\">Didur Adam<\/a>\n\t\t\t<\/h2>\n\t\t\t\n\t\t\t<div class=\"wpucv-post-meta\"><a href=\"https:\/\/dziedzictwopolonii.pl\/portal\/author\/redakcja\/\" title=\"Wpisy od Redakcja\">Redakcja<\/a>&nbsp;|&nbsp;<time datetime=\"2022-12-20\">20 grudnia 2022<\/time><\/div>\t\t\t\n\t\t\t<p class=\"wpucv-excerpt\">POBIERZ PDFDIDUR Adam, \u015bpiewak operowy (bas), ur. 24 grudnia 1874 r. w Woli S\u0119kowej, zm. 7 stycznia 1946 roku w&hellip;<\/p>\t\t<\/article>\n\t\t\t\t\t\t\t\t\n\t\t\t\t<article id=\"post-2847\" class=\"cell small-12 medium-6 large-4\" itemscope itemtype=\"http:\/\/schema.org\/Article\">\n\t\t\t<a class=\"wpucv-image-link-wrapper\" href=\"https:\/\/dziedzictwopolonii.pl\/portal\/ditte-adam-lucy\/\" title=\"Ditte &#8211; Adam Lucy\">\n\t\t\t\t\t\t\t<img decoding=\"async\" class=\"wpucv-image-responsive\" src=\"https:\/\/dziedzictwopolonii.pl\/portal\/wp-content\/uploads\/2022\/12\/herald_default-1-360x240.jpg\" srcset=\"https:\/\/dziedzictwopolonii.pl\/portal\/wp-content\/uploads\/2022\/12\/herald_default-1-360x240.jpg 360w, https:\/\/dziedzictwopolonii.pl\/portal\/wp-content\/uploads\/2022\/12\/herald_default-1-600x400.jpg 600w\" sizes=\"(max-width: 639px) 600w, (min-width: 640px) 360w\" title=\"Ditte &#8211; Adam Lucy\" alt=\"Ditte &#8211; Adam Lucy\" itemprop=\"image\">\n\t\t\t\t\t\t\t<\/a>\n\t\t\t<h2 class=\"wpucv-post-title\" itemprop=\"name headline\">\n\t\t\t\t<a href=\"https:\/\/dziedzictwopolonii.pl\/portal\/ditte-adam-lucy\/\">Ditte &#8211; Adam Lucy<\/a>\n\t\t\t<\/h2>\n\t\t\t\n\t\t\t<div class=\"wpucv-post-meta\"><a href=\"https:\/\/dziedzictwopolonii.pl\/portal\/author\/redakcja\/\" title=\"Wpisy od Redakcja\">Redakcja<\/a>&nbsp;|&nbsp;<time datetime=\"2022-12-20\">20 grudnia 2022<\/time><\/div>\t\t\t\n\t\t\t<p class=\"wpucv-excerpt\">POBIERZ PDFDITTE-ADAM Lucy, piosenkarka, pianistka; ur. 16 maja 1930 w Marles-les-Mines (Francja), c\u00f3rka Boles\u0142awa i Joanny z Cie\u015blewicz\u00f3w. Nauk\u0119 gry&hellip;<\/p>\t\t<\/article>\n\t\t\t\t\t\t\t\t\n\t\t\t\t<article id=\"post-2850\" class=\"cell small-12 medium-6 large-4\" itemscope itemtype=\"http:\/\/schema.org\/Article\">\n\t\t\t<a class=\"wpucv-image-link-wrapper\" href=\"https:\/\/dziedzictwopolonii.pl\/portal\/dobrowolski-andrzej\/\" title=\"Dobrowolski Andrzej\">\n\t\t\t\t\t\t\t<img decoding=\"async\" class=\"wpucv-image-responsive\" src=\"https:\/\/dziedzictwopolonii.pl\/portal\/wp-content\/uploads\/2022\/12\/herald_default-1-360x240.jpg\" srcset=\"https:\/\/dziedzictwopolonii.pl\/portal\/wp-content\/uploads\/2022\/12\/herald_default-1-360x240.jpg 360w, https:\/\/dziedzictwopolonii.pl\/portal\/wp-content\/uploads\/2022\/12\/herald_default-1-600x400.jpg 600w\" sizes=\"(max-width: 639px) 600w, (min-width: 640px) 360w\" title=\"Dobrowolski Andrzej\" alt=\"Dobrowolski Andrzej\" itemprop=\"image\">\n\t\t\t\t\t\t\t<\/a>\n\t\t\t<h2 class=\"wpucv-post-title\" itemprop=\"name headline\">\n\t\t\t\t<a href=\"https:\/\/dziedzictwopolonii.pl\/portal\/dobrowolski-andrzej\/\">Dobrowolski Andrzej<\/a>\n\t\t\t<\/h2>\n\t\t\t\n\t\t\t<div class=\"wpucv-post-meta\"><a href=\"https:\/\/dziedzictwopolonii.pl\/portal\/author\/redakcja\/\" title=\"Wpisy od Redakcja\">Redakcja<\/a>&nbsp;|&nbsp;<time datetime=\"2022-12-20\">20 grudnia 2022<\/time><\/div>\t\t\t\n\t\t\t<p class=\"wpucv-excerpt\">POBIERZ PDFDOBROWOLSKI Andrzej, kompozytor, pedagog muzyczny; ur. 9 wrze\u015bnia 1921 we Lwowie, zm. 8 sierpnia 1990 w Grazu (Austria). Wykszta\u0142cenie:&hellip;<\/p>\t\t<\/article>\n\t\t\t\t\t\t\t\t\n\t\t\t\t<article id=\"post-2853\" class=\"cell small-12 medium-6 large-4\" itemscope itemtype=\"http:\/\/schema.org\/Article\">\n\t\t\t<a class=\"wpucv-image-link-wrapper\" href=\"https:\/\/dziedzictwopolonii.pl\/portal\/drewniak-jozef\/\" title=\"Drewniak J\u00f3zef\">\n\t\t\t\t\t\t\t<img decoding=\"async\" class=\"wpucv-image-responsive\" src=\"https:\/\/dziedzictwopolonii.pl\/portal\/wp-content\/uploads\/2022\/12\/herald_default-1-360x240.jpg\" srcset=\"https:\/\/dziedzictwopolonii.pl\/portal\/wp-content\/uploads\/2022\/12\/herald_default-1-360x240.jpg 360w, https:\/\/dziedzictwopolonii.pl\/portal\/wp-content\/uploads\/2022\/12\/herald_default-1-600x400.jpg 600w\" sizes=\"(max-width: 639px) 600w, (min-width: 640px) 360w\" title=\"Drewniak J\u00f3zef\" alt=\"Drewniak J\u00f3zef\" itemprop=\"image\">\n\t\t\t\t\t\t\t<\/a>\n\t\t\t<h2 class=\"wpucv-post-title\" itemprop=\"name headline\">\n\t\t\t\t<a href=\"https:\/\/dziedzictwopolonii.pl\/portal\/drewniak-jozef\/\">Drewniak J\u00f3zef<\/a>\n\t\t\t<\/h2>\n\t\t\t\n\t\t\t<div class=\"wpucv-post-meta\"><a href=\"https:\/\/dziedzictwopolonii.pl\/portal\/author\/redakcja\/\" title=\"Wpisy od Redakcja\">Redakcja<\/a>&nbsp;|&nbsp;<time datetime=\"2022-12-20\">20 grudnia 2022<\/time><\/div>\t\t\t\n\t\t\t<p class=\"wpucv-excerpt\">POBIERZ PDFDREWNIAK J\u00f3zef, \u015bpiewak operowy (baryton), aktor; ur. 15 stycznia 1924 w Wadowicach, zm. 1 sierpnia 2015 w Sydney (Australia),&hellip;<\/p>\t\t<\/article>\n\t\t\t\t\t\t\t\t\n\t\t\t\t<article id=\"post-2856\" class=\"cell small-12 medium-6 large-4\" itemscope itemtype=\"http:\/\/schema.org\/Article\">\n\t\t\t<a class=\"wpucv-image-link-wrapper\" href=\"https:\/\/dziedzictwopolonii.pl\/portal\/dygat-zygmunt\/\" title=\"Dygat Zygmunt\">\n\t\t\t\t\t\t\t<img decoding=\"async\" class=\"wpucv-image-responsive\" src=\"https:\/\/dziedzictwopolonii.pl\/portal\/wp-content\/uploads\/2022\/12\/herald_default-1-360x240.jpg\" srcset=\"https:\/\/dziedzictwopolonii.pl\/portal\/wp-content\/uploads\/2022\/12\/herald_default-1-360x240.jpg 360w, https:\/\/dziedzictwopolonii.pl\/portal\/wp-content\/uploads\/2022\/12\/herald_default-1-600x400.jpg 600w\" sizes=\"(max-width: 639px) 600w, (min-width: 640px) 360w\" title=\"Dygat Zygmunt\" alt=\"Dygat Zygmunt\" itemprop=\"image\">\n\t\t\t\t\t\t\t<\/a>\n\t\t\t<h2 class=\"wpucv-post-title\" itemprop=\"name headline\">\n\t\t\t\t<a href=\"https:\/\/dziedzictwopolonii.pl\/portal\/dygat-zygmunt\/\">Dygat Zygmunt<\/a>\n\t\t\t<\/h2>\n\t\t\t\n\t\t\t<div class=\"wpucv-post-meta\"><a href=\"https:\/\/dziedzictwopolonii.pl\/portal\/author\/redakcja\/\" title=\"Wpisy od Redakcja\">Redakcja<\/a>&nbsp;|&nbsp;<time datetime=\"2022-12-20\">20 grudnia 2022<\/time><\/div>\t\t\t\n\t\t\t<p class=\"wpucv-excerpt\">POBIERZ PDFDYGAT Zygmunt, pianista; ur. 2 pa\u017adziernika 1894 w Krakowie, zm. 14 pa\u017adziernika 1977 w Pary\u017cu. Studia pianistyczne w Instytucie&hellip;<\/p>\t\t<\/article>\n\t\t\t\t\t\t\t\t\n\t\t\t\t<article id=\"post-2859\" class=\"cell small-12 medium-6 large-4\" itemscope itemtype=\"http:\/\/schema.org\/Article\">\n\t\t\t<a class=\"wpucv-image-link-wrapper\" href=\"https:\/\/dziedzictwopolonii.pl\/portal\/eiger-wladyslaw\/\" title=\"Eiger W\u0142adys\u0142aw\">\n\t\t\t\t\t\t\t<img decoding=\"async\" class=\"wpucv-image-responsive\" src=\"https:\/\/dziedzictwopolonii.pl\/portal\/wp-content\/uploads\/2022\/12\/herald_default-1-360x240.jpg\" srcset=\"https:\/\/dziedzictwopolonii.pl\/portal\/wp-content\/uploads\/2022\/12\/herald_default-1-360x240.jpg 360w, https:\/\/dziedzictwopolonii.pl\/portal\/wp-content\/uploads\/2022\/12\/herald_default-1-600x400.jpg 600w\" sizes=\"(max-width: 639px) 600w, (min-width: 640px) 360w\" title=\"Eiger W\u0142adys\u0142aw\" alt=\"Eiger W\u0142adys\u0142aw\" itemprop=\"image\">\n\t\t\t\t\t\t\t<\/a>\n\t\t\t<h2 class=\"wpucv-post-title\" itemprop=\"name headline\">\n\t\t\t\t<a href=\"https:\/\/dziedzictwopolonii.pl\/portal\/eiger-wladyslaw\/\">Eiger W\u0142adys\u0142aw<\/a>\n\t\t\t<\/h2>\n\t\t\t\n\t\t\t<div class=\"wpucv-post-meta\"><a href=\"https:\/\/dziedzictwopolonii.pl\/portal\/author\/redakcja\/\" title=\"Wpisy od Redakcja\">Redakcja<\/a>&nbsp;|&nbsp;<time datetime=\"2022-12-20\">20 grudnia 2022<\/time><\/div>\t\t\t\n\t\t\t<p class=\"wpucv-excerpt\">POBIERZ PDFEIGER W\u0142adys\u0142aw, kompozytor, dyrygent, pianista; ur. 7 lutego 1907 w \u0141odzi, zm. 11 maja 1991 w Pensacola (Floryda, USA).&hellip;<\/p>\t\t<\/article>\n\t\t\t\t\t\t\t\t\n\t\t\t\t<article id=\"post-2862\" class=\"cell small-12 medium-6 large-4\" itemscope itemtype=\"http:\/\/schema.org\/Article\">\n\t\t\t<a class=\"wpucv-image-link-wrapper\" href=\"https:\/\/dziedzictwopolonii.pl\/portal\/faliszewski-tadeusz\/\" title=\"Faliszewski Tadeusz\">\n\t\t\t\t\t\t\t<img decoding=\"async\" class=\"wpucv-image-responsive\" src=\"https:\/\/dziedzictwopolonii.pl\/portal\/wp-content\/uploads\/2022\/12\/herald_default-1-360x240.jpg\" srcset=\"https:\/\/dziedzictwopolonii.pl\/portal\/wp-content\/uploads\/2022\/12\/herald_default-1-360x240.jpg 360w, https:\/\/dziedzictwopolonii.pl\/portal\/wp-content\/uploads\/2022\/12\/herald_default-1-600x400.jpg 600w\" sizes=\"(max-width: 639px) 600w, (min-width: 640px) 360w\" title=\"Faliszewski Tadeusz\" alt=\"Faliszewski Tadeusz\" itemprop=\"image\">\n\t\t\t\t\t\t\t<\/a>\n\t\t\t<h2 class=\"wpucv-post-title\" itemprop=\"name headline\">\n\t\t\t\t<a href=\"https:\/\/dziedzictwopolonii.pl\/portal\/faliszewski-tadeusz\/\">Faliszewski Tadeusz<\/a>\n\t\t\t<\/h2>\n\t\t\t\n\t\t\t<div class=\"wpucv-post-meta\"><a href=\"https:\/\/dziedzictwopolonii.pl\/portal\/author\/redakcja\/\" title=\"Wpisy od Redakcja\">Redakcja<\/a>&nbsp;|&nbsp;<time datetime=\"2022-12-20\">20 grudnia 2022<\/time><\/div>\t\t\t\n\t\t\t<p class=\"wpucv-excerpt\">POBIERZ PDFFALISZEWSKI Tadeusz ps. Jan Pob\u00f3g, piosenkarz, \u015bpiewak operetkowy, aktor; ur. 20 pa\u017adziernika 1898 w \u017bywcu, zm. 2 listopada 1961&hellip;<\/p>\t\t<\/article>\n\t\t\t\t\t\t\t\t\n\t\t\t\t<article id=\"post-2865\" class=\"cell small-12 medium-6 large-4\" itemscope itemtype=\"http:\/\/schema.org\/Article\">\n\t\t\t<a class=\"wpucv-image-link-wrapper\" href=\"https:\/\/dziedzictwopolonii.pl\/portal\/ferszko-stanislaw\/\" title=\"Ferszko Stanis\u0142aw\">\n\t\t\t\t\t\t\t<img decoding=\"async\" class=\"wpucv-image-responsive\" src=\"https:\/\/dziedzictwopolonii.pl\/portal\/wp-content\/uploads\/2022\/12\/herald_default-1-360x240.jpg\" srcset=\"https:\/\/dziedzictwopolonii.pl\/portal\/wp-content\/uploads\/2022\/12\/herald_default-1-360x240.jpg 360w, https:\/\/dziedzictwopolonii.pl\/portal\/wp-content\/uploads\/2022\/12\/herald_default-1-600x400.jpg 600w\" sizes=\"(max-width: 639px) 600w, (min-width: 640px) 360w\" title=\"Ferszko Stanis\u0142aw\" alt=\"Ferszko Stanis\u0142aw\" itemprop=\"image\">\n\t\t\t\t\t\t\t<\/a>\n\t\t\t<h2 class=\"wpucv-post-title\" itemprop=\"name headline\">\n\t\t\t\t<a href=\"https:\/\/dziedzictwopolonii.pl\/portal\/ferszko-stanislaw\/\">Ferszko Stanis\u0142aw<\/a>\n\t\t\t<\/h2>\n\t\t\t\n\t\t\t<div class=\"wpucv-post-meta\"><a href=\"https:\/\/dziedzictwopolonii.pl\/portal\/author\/redakcja\/\" title=\"Wpisy od Redakcja\">Redakcja<\/a>&nbsp;|&nbsp;<time datetime=\"2022-12-20\">20 grudnia 2022<\/time><\/div>\t\t\t\n\t\t\t<p class=\"wpucv-excerpt\">POBIERZ PDFFERSZKO Stanis\u0142aw, pianista, kompozytor, dyrygent; ur. 26 lutego 1914 w \u0141ucku, zm. 30 lipca 1990 w Miami Beach (Floryda,&hellip;<\/p>\t\t<\/article>\n\t\t\t\t\t\t\t\t\n\t\t\t\t<article id=\"post-2868\" class=\"cell small-12 medium-6 large-4\" itemscope itemtype=\"http:\/\/schema.org\/Article\">\n\t\t\t<a class=\"wpucv-image-link-wrapper\" href=\"https:\/\/dziedzictwopolonii.pl\/portal\/fitelberg-jerzy\/\" title=\"Fitelberg Jerzy\">\n\t\t\t\t\t\t\t<img decoding=\"async\" class=\"wpucv-image-responsive\" src=\"https:\/\/dziedzictwopolonii.pl\/portal\/wp-content\/uploads\/2022\/12\/herald_default-1-360x240.jpg\" srcset=\"https:\/\/dziedzictwopolonii.pl\/portal\/wp-content\/uploads\/2022\/12\/herald_default-1-360x240.jpg 360w, https:\/\/dziedzictwopolonii.pl\/portal\/wp-content\/uploads\/2022\/12\/herald_default-1-600x400.jpg 600w\" sizes=\"(max-width: 639px) 600w, (min-width: 640px) 360w\" title=\"Fitelberg Jerzy\" alt=\"Fitelberg Jerzy\" itemprop=\"image\">\n\t\t\t\t\t\t\t<\/a>\n\t\t\t<h2 class=\"wpucv-post-title\" itemprop=\"name headline\">\n\t\t\t\t<a href=\"https:\/\/dziedzictwopolonii.pl\/portal\/fitelberg-jerzy\/\">Fitelberg Jerzy<\/a>\n\t\t\t<\/h2>\n\t\t\t\n\t\t\t<div class=\"wpucv-post-meta\"><a href=\"https:\/\/dziedzictwopolonii.pl\/portal\/author\/redakcja\/\" title=\"Wpisy od Redakcja\">Redakcja<\/a>&nbsp;|&nbsp;<time datetime=\"2022-12-20\">20 grudnia 2022<\/time><\/div>\t\t\t\n\t\t\t<p class=\"wpucv-excerpt\">POBIERZ PDFFITELBERG Jerzy, kompozytor; ur. 20 maja 1903 w Warszawie, zm. 25 kwietnia 1951 w Nowym Jorku, syn Grzegorza i&hellip;<\/p>\t\t<\/article>\n\t\t\t\t\t\t\t\t\n\t\t\t\t<article id=\"post-2871\" class=\"cell small-12 medium-6 large-4\" itemscope itemtype=\"http:\/\/schema.org\/Article\">\n\t\t\t<a class=\"wpucv-image-link-wrapper\" href=\"https:\/\/dziedzictwopolonii.pl\/portal\/fontana-julian-ignacy\/\" title=\"Fontana Julian Ignacy\">\n\t\t\t\t\t\t\t<img decoding=\"async\" class=\"wpucv-image-responsive\" src=\"https:\/\/dziedzictwopolonii.pl\/portal\/wp-content\/uploads\/2022\/12\/herald_default-1-360x240.jpg\" srcset=\"https:\/\/dziedzictwopolonii.pl\/portal\/wp-content\/uploads\/2022\/12\/herald_default-1-360x240.jpg 360w, https:\/\/dziedzictwopolonii.pl\/portal\/wp-content\/uploads\/2022\/12\/herald_default-1-600x400.jpg 600w\" sizes=\"(max-width: 639px) 600w, (min-width: 640px) 360w\" title=\"Fontana Julian Ignacy\" alt=\"Fontana Julian Ignacy\" itemprop=\"image\">\n\t\t\t\t\t\t\t<\/a>\n\t\t\t<h2 class=\"wpucv-post-title\" itemprop=\"name headline\">\n\t\t\t\t<a href=\"https:\/\/dziedzictwopolonii.pl\/portal\/fontana-julian-ignacy\/\">Fontana Julian Ignacy<\/a>\n\t\t\t<\/h2>\n\t\t\t\n\t\t\t<div class=\"wpucv-post-meta\"><a href=\"https:\/\/dziedzictwopolonii.pl\/portal\/author\/redakcja\/\" title=\"Wpisy od Redakcja\">Redakcja<\/a>&nbsp;|&nbsp;<time datetime=\"2022-12-20\">20 grudnia 2022<\/time><\/div>\t\t\t\n\t\t\t<p class=\"wpucv-excerpt\">POBIERZ PDFFONTANA Julian Ignacy, kompozytor, pianista; ur. 1810 w Warszawie, zm. 24 grudnia 1869 w Pary\u017cu, syn Jana i Julii&hellip;<\/p>\t\t<\/article>\n\t\t\t\t\t\t\t\t\n\t\t\t\t<article id=\"post-2874\" class=\"cell small-12 medium-6 large-4\" itemscope itemtype=\"http:\/\/schema.org\/Article\">\n\t\t\t<a class=\"wpucv-image-link-wrapper\" href=\"https:\/\/dziedzictwopolonii.pl\/portal\/frenkel-stefan\/\" title=\"Frenkel Stefan\">\n\t\t\t\t\t\t\t<img decoding=\"async\" class=\"wpucv-image-responsive\" src=\"https:\/\/dziedzictwopolonii.pl\/portal\/wp-content\/uploads\/2022\/12\/herald_default-1-360x240.jpg\" srcset=\"https:\/\/dziedzictwopolonii.pl\/portal\/wp-content\/uploads\/2022\/12\/herald_default-1-360x240.jpg 360w, https:\/\/dziedzictwopolonii.pl\/portal\/wp-content\/uploads\/2022\/12\/herald_default-1-600x400.jpg 600w\" sizes=\"(max-width: 639px) 600w, (min-width: 640px) 360w\" title=\"Frenkel Stefan\" alt=\"Frenkel Stefan\" itemprop=\"image\">\n\t\t\t\t\t\t\t<\/a>\n\t\t\t<h2 class=\"wpucv-post-title\" itemprop=\"name headline\">\n\t\t\t\t<a href=\"https:\/\/dziedzictwopolonii.pl\/portal\/frenkel-stefan\/\">Frenkel Stefan<\/a>\n\t\t\t<\/h2>\n\t\t\t\n\t\t\t<div class=\"wpucv-post-meta\"><a href=\"https:\/\/dziedzictwopolonii.pl\/portal\/author\/redakcja\/\" title=\"Wpisy od Redakcja\">Redakcja<\/a>&nbsp;|&nbsp;<time datetime=\"2022-12-20\">20 grudnia 2022<\/time><\/div>\t\t\t\n\t\t\t<p class=\"wpucv-excerpt\">POBIERZ PDFFRENKEL Stefan, skrzypek, kompozytor; ur. 21 listopada 1902 w Warszawie, zm. 1 marca 1979 w Nowym Jorku, syn Maurycego.&hellip;<\/p>\t\t<\/article>\n\t\t\t\t\t\t\t\t\n\t\t\t\t<article id=\"post-2877\" class=\"cell small-12 medium-6 large-4\" itemscope itemtype=\"http:\/\/schema.org\/Article\">\n\t\t\t<a class=\"wpucv-image-link-wrapper\" href=\"https:\/\/dziedzictwopolonii.pl\/portal\/friedman-ignacy\/\" title=\"Friedman Ignacy\">\n\t\t\t\t\t\t\t<img decoding=\"async\" class=\"wpucv-image-responsive\" src=\"https:\/\/dziedzictwopolonii.pl\/portal\/wp-content\/uploads\/2022\/12\/herald_default-1-360x240.jpg\" srcset=\"https:\/\/dziedzictwopolonii.pl\/portal\/wp-content\/uploads\/2022\/12\/herald_default-1-360x240.jpg 360w, https:\/\/dziedzictwopolonii.pl\/portal\/wp-content\/uploads\/2022\/12\/herald_default-1-600x400.jpg 600w\" sizes=\"(max-width: 639px) 600w, (min-width: 640px) 360w\" title=\"Friedman Ignacy\" alt=\"Friedman Ignacy\" itemprop=\"image\">\n\t\t\t\t\t\t\t<\/a>\n\t\t\t<h2 class=\"wpucv-post-title\" itemprop=\"name headline\">\n\t\t\t\t<a href=\"https:\/\/dziedzictwopolonii.pl\/portal\/friedman-ignacy\/\">Friedman Ignacy<\/a>\n\t\t\t<\/h2>\n\t\t\t\n\t\t\t<div class=\"wpucv-post-meta\"><a href=\"https:\/\/dziedzictwopolonii.pl\/portal\/author\/redakcja\/\" title=\"Wpisy od Redakcja\">Redakcja<\/a>&nbsp;|&nbsp;<time datetime=\"2022-12-20\">20 grudnia 2022<\/time><\/div>\t\t\t\n\t\t\t<p class=\"wpucv-excerpt\">POBIERZ PDFFRIEDMAN (FREUDMAN, FRYDMAN) Ignacy, pianista, kompozytor, pedagog muzyczny; ur. 14 lutego 1882 w Podg\u00f3rzu (obecnie dzielnica Krakowa), zm. 26&hellip;<\/p>\t\t<\/article>\n\t\t\t\t\t\t\t\t\n\t\t\t\t<article id=\"post-2880\" class=\"cell small-12 medium-6 large-4\" itemscope itemtype=\"http:\/\/schema.org\/Article\">\n\t\t\t<a class=\"wpucv-image-link-wrapper\" href=\"https:\/\/dziedzictwopolonii.pl\/portal\/garbarek-jan\/\" title=\"Garbarek Jan\">\n\t\t\t\t\t\t\t<img decoding=\"async\" class=\"wpucv-image-responsive\" src=\"https:\/\/dziedzictwopolonii.pl\/portal\/wp-content\/uploads\/2022\/12\/herald_default-1-360x240.jpg\" srcset=\"https:\/\/dziedzictwopolonii.pl\/portal\/wp-content\/uploads\/2022\/12\/herald_default-1-360x240.jpg 360w, https:\/\/dziedzictwopolonii.pl\/portal\/wp-content\/uploads\/2022\/12\/herald_default-1-600x400.jpg 600w\" sizes=\"(max-width: 639px) 600w, (min-width: 640px) 360w\" title=\"Garbarek Jan\" alt=\"Garbarek Jan\" itemprop=\"image\">\n\t\t\t\t\t\t\t<\/a>\n\t\t\t<h2 class=\"wpucv-post-title\" itemprop=\"name headline\">\n\t\t\t\t<a href=\"https:\/\/dziedzictwopolonii.pl\/portal\/garbarek-jan\/\">Garbarek Jan<\/a>\n\t\t\t<\/h2>\n\t\t\t\n\t\t\t<div class=\"wpucv-post-meta\"><a href=\"https:\/\/dziedzictwopolonii.pl\/portal\/author\/redakcja\/\" title=\"Wpisy od Redakcja\">Redakcja<\/a>&nbsp;|&nbsp;<time datetime=\"2022-12-20\">20 grudnia 2022<\/time><\/div>\t\t\t\n\t\t\t<p class=\"wpucv-excerpt\">POBIERZ PDFGARBAREK Jan, norweski saksofonista polskiego pochodzenia; ur. 4 marca 1947 w Mysen (Norwegia). Uwa\u017cany za \u201eojca skandynawskiej sceny jazzowej\u201d.&hellip;<\/p>\t\t<\/article>\n\t\t\t\t\t\t\t\t\n\t\t\t\t<article id=\"post-2883\" class=\"cell small-12 medium-6 large-4\" itemscope itemtype=\"http:\/\/schema.org\/Article\">\n\t\t\t<a class=\"wpucv-image-link-wrapper\" href=\"https:\/\/dziedzictwopolonii.pl\/portal\/gencer-leyla\/\" title=\"Gencer Leyla\">\n\t\t\t\t\t\t\t<img decoding=\"async\" class=\"wpucv-image-responsive\" src=\"https:\/\/dziedzictwopolonii.pl\/portal\/wp-content\/uploads\/2022\/12\/herald_default-1-360x240.jpg\" srcset=\"https:\/\/dziedzictwopolonii.pl\/portal\/wp-content\/uploads\/2022\/12\/herald_default-1-360x240.jpg 360w, https:\/\/dziedzictwopolonii.pl\/portal\/wp-content\/uploads\/2022\/12\/herald_default-1-600x400.jpg 600w\" sizes=\"(max-width: 639px) 600w, (min-width: 640px) 360w\" title=\"Gencer Leyla\" alt=\"Gencer Leyla\" itemprop=\"image\">\n\t\t\t\t\t\t\t<\/a>\n\t\t\t<h2 class=\"wpucv-post-title\" itemprop=\"name headline\">\n\t\t\t\t<a href=\"https:\/\/dziedzictwopolonii.pl\/portal\/gencer-leyla\/\">Gencer Leyla<\/a>\n\t\t\t<\/h2>\n\t\t\t\n\t\t\t<div class=\"wpucv-post-meta\"><a href=\"https:\/\/dziedzictwopolonii.pl\/portal\/author\/redakcja\/\" title=\"Wpisy od Redakcja\">Redakcja<\/a>&nbsp;|&nbsp;<time datetime=\"2022-12-20\">20 grudnia 2022<\/time><\/div>\t\t\t\n\t\t\t<p class=\"wpucv-excerpt\">POBIERZ PDFGENCER Leyla, turecka \u015bpiewaczka operowa (sopran) polskiego pochodzenia; ur. 10 pa\u017adziernika 1928 w Polonezk\u00f6y (polska wie\u015b w Turcji), zm.&hellip;<\/p>\t\t<\/article>\n\t\t\t\t\t\t\t\t\n\t\t\t\t<article id=\"post-2886\" class=\"cell small-12 medium-6 large-4\" itemscope itemtype=\"http:\/\/schema.org\/Article\">\n\t\t\t<a class=\"wpucv-image-link-wrapper\" href=\"https:\/\/dziedzictwopolonii.pl\/portal\/gimple-jakub\/\" title=\"Gimple Jakub\">\n\t\t\t\t\t\t\t<img decoding=\"async\" class=\"wpucv-image-responsive\" src=\"https:\/\/dziedzictwopolonii.pl\/portal\/wp-content\/uploads\/2022\/12\/herald_default-1-360x240.jpg\" srcset=\"https:\/\/dziedzictwopolonii.pl\/portal\/wp-content\/uploads\/2022\/12\/herald_default-1-360x240.jpg 360w, https:\/\/dziedzictwopolonii.pl\/portal\/wp-content\/uploads\/2022\/12\/herald_default-1-600x400.jpg 600w\" sizes=\"(max-width: 639px) 600w, (min-width: 640px) 360w\" title=\"Gimple Jakub\" alt=\"Gimple Jakub\" itemprop=\"image\">\n\t\t\t\t\t\t\t<\/a>\n\t\t\t<h2 class=\"wpucv-post-title\" itemprop=\"name headline\">\n\t\t\t\t<a href=\"https:\/\/dziedzictwopolonii.pl\/portal\/gimple-jakub\/\">Gimple Jakub<\/a>\n\t\t\t<\/h2>\n\t\t\t\n\t\t\t<div class=\"wpucv-post-meta\"><a href=\"https:\/\/dziedzictwopolonii.pl\/portal\/author\/redakcja\/\" title=\"Wpisy od Redakcja\">Redakcja<\/a>&nbsp;|&nbsp;<time datetime=\"2022-12-20\">20 grudnia 2022<\/time><\/div>\t\t\t\n\t\t\t<p class=\"wpucv-excerpt\">POBIERZ PDFGIMPEL Jakub, pianista; ur. 16 maja 1906 we Lwowie, zm. 12 marca 1989 w Los Angeles (Kalifornia, USA), syn&hellip;<\/p>\t\t<\/article>\n\t\t\t\t\t\t\t\t\n\t\t\t\t<article id=\"post-2889\" class=\"cell small-12 medium-6 large-4\" itemscope itemtype=\"http:\/\/schema.org\/Article\">\n\t\t\t<a class=\"wpucv-image-link-wrapper\" href=\"https:\/\/dziedzictwopolonii.pl\/portal\/godowski-leopold\/\" title=\"Godowski Leopold\">\n\t\t\t\t\t\t\t<img decoding=\"async\" class=\"wpucv-image-responsive\" src=\"https:\/\/dziedzictwopolonii.pl\/portal\/wp-content\/uploads\/2022\/12\/herald_default-1-360x240.jpg\" srcset=\"https:\/\/dziedzictwopolonii.pl\/portal\/wp-content\/uploads\/2022\/12\/herald_default-1-360x240.jpg 360w, https:\/\/dziedzictwopolonii.pl\/portal\/wp-content\/uploads\/2022\/12\/herald_default-1-600x400.jpg 600w\" sizes=\"(max-width: 639px) 600w, (min-width: 640px) 360w\" title=\"Godowski Leopold\" alt=\"Godowski Leopold\" itemprop=\"image\">\n\t\t\t\t\t\t\t<\/a>\n\t\t\t<h2 class=\"wpucv-post-title\" itemprop=\"name headline\">\n\t\t\t\t<a href=\"https:\/\/dziedzictwopolonii.pl\/portal\/godowski-leopold\/\">Godowski Leopold<\/a>\n\t\t\t<\/h2>\n\t\t\t\n\t\t\t<div class=\"wpucv-post-meta\"><a href=\"https:\/\/dziedzictwopolonii.pl\/portal\/author\/redakcja\/\" title=\"Wpisy od Redakcja\">Redakcja<\/a>&nbsp;|&nbsp;<time datetime=\"2022-12-20\">20 grudnia 2022<\/time><\/div>\t\t\t\n\t\t\t<p class=\"wpucv-excerpt\">POBIERZ PDFGODOWSKI Leopold, ameryka\u0144ski kompozytor, pianista i pedagog muzyczny polskiego pochodzenia; ur. 13 lutego 1870 w \u017bo\u015blach ko\u0142o Wilna, zm.&hellip;<\/p>\t\t<\/article>\n\t\t\t\t\t\t\t\t\n\t\t\t\t<article id=\"post-2892\" class=\"cell small-12 medium-6 large-4\" itemscope itemtype=\"http:\/\/schema.org\/Article\">\n\t\t\t<a class=\"wpucv-image-link-wrapper\" href=\"https:\/\/dziedzictwopolonii.pl\/portal\/gold-henryk\/\" title=\"Gold Henryk\">\n\t\t\t\t\t\t\t<img decoding=\"async\" class=\"wpucv-image-responsive\" src=\"https:\/\/dziedzictwopolonii.pl\/portal\/wp-content\/uploads\/2022\/12\/herald_default-1-360x240.jpg\" srcset=\"https:\/\/dziedzictwopolonii.pl\/portal\/wp-content\/uploads\/2022\/12\/herald_default-1-360x240.jpg 360w, https:\/\/dziedzictwopolonii.pl\/portal\/wp-content\/uploads\/2022\/12\/herald_default-1-600x400.jpg 600w\" sizes=\"(max-width: 639px) 600w, (min-width: 640px) 360w\" title=\"Gold Henryk\" alt=\"Gold Henryk\" itemprop=\"image\">\n\t\t\t\t\t\t\t<\/a>\n\t\t\t<h2 class=\"wpucv-post-title\" itemprop=\"name headline\">\n\t\t\t\t<a href=\"https:\/\/dziedzictwopolonii.pl\/portal\/gold-henryk\/\">Gold Henryk<\/a>\n\t\t\t<\/h2>\n\t\t\t\n\t\t\t<div class=\"wpucv-post-meta\"><a href=\"https:\/\/dziedzictwopolonii.pl\/portal\/author\/redakcja\/\" title=\"Wpisy od Redakcja\">Redakcja<\/a>&nbsp;|&nbsp;<time datetime=\"2022-12-20\">20 grudnia 2022<\/time><\/div>\t\t\t\n\t\t\t<p class=\"wpucv-excerpt\">POBIERZ PDFGOLD Henryk, skrzypek, kompozytor; ur. 3 wrze\u015bnia 1899 w Warszawie, zm. 1977 w Nowym Jorku, syn Micha\u0142a i Heleny&hellip;<\/p>\t\t<\/article>\n\t\t\t\t\t\t\t\t\n\t\t\t\t<article id=\"post-2895\" class=\"cell small-12 medium-6 large-4\" itemscope itemtype=\"http:\/\/schema.org\/Article\">\n\t\t\t<a class=\"wpucv-image-link-wrapper\" href=\"https:\/\/dziedzictwopolonii.pl\/portal\/gorbaty-jan\/\" title=\"Gorbaty Jan\">\n\t\t\t\t\t\t\t<img decoding=\"async\" class=\"wpucv-image-responsive\" src=\"https:\/\/dziedzictwopolonii.pl\/portal\/wp-content\/uploads\/2022\/12\/herald_default-1-360x240.jpg\" srcset=\"https:\/\/dziedzictwopolonii.pl\/portal\/wp-content\/uploads\/2022\/12\/herald_default-1-360x240.jpg 360w, https:\/\/dziedzictwopolonii.pl\/portal\/wp-content\/uploads\/2022\/12\/herald_default-1-600x400.jpg 600w\" sizes=\"(max-width: 639px) 600w, (min-width: 640px) 360w\" title=\"Gorbaty Jan\" alt=\"Gorbaty Jan\" itemprop=\"image\">\n\t\t\t\t\t\t\t<\/a>\n\t\t\t<h2 class=\"wpucv-post-title\" itemprop=\"name headline\">\n\t\t\t\t<a href=\"https:\/\/dziedzictwopolonii.pl\/portal\/gorbaty-jan\/\">Gorbaty Jan<\/a>\n\t\t\t<\/h2>\n\t\t\t\n\t\t\t<div class=\"wpucv-post-meta\"><a href=\"https:\/\/dziedzictwopolonii.pl\/portal\/author\/redakcja\/\" title=\"Wpisy od Redakcja\">Redakcja<\/a>&nbsp;|&nbsp;<time datetime=\"2022-12-20\">20 grudnia 2022<\/time><\/div>\t\t\t\n\t\t\t<p class=\"wpucv-excerpt\">POBIERZ PDFGORBATY Jan, pianista, pedagog muzyczny; ur. 8 marca 1915 w Wo\u0142ochi\u0144sku (Rosja), zm. 6 wrze\u015bnia 1999 w Nowym Jorku.&hellip;<\/p>\t\t<\/article>\n\t\t\t\t\t\t\t\t\n\t\t\t\t<article id=\"post-2898\" class=\"cell small-12 medium-6 large-4\" itemscope itemtype=\"http:\/\/schema.org\/Article\">\n\t\t\t<a class=\"wpucv-image-link-wrapper\" href=\"https:\/\/dziedzictwopolonii.pl\/portal\/gorski-konstanty-antoni\/\" title=\"Gorski Konstanty Antoni\">\n\t\t\t\t\t\t\t<img decoding=\"async\" class=\"wpucv-image-responsive\" src=\"https:\/\/dziedzictwopolonii.pl\/portal\/wp-content\/uploads\/2022\/12\/herald_default-1-360x240.jpg\" srcset=\"https:\/\/dziedzictwopolonii.pl\/portal\/wp-content\/uploads\/2022\/12\/herald_default-1-360x240.jpg 360w, https:\/\/dziedzictwopolonii.pl\/portal\/wp-content\/uploads\/2022\/12\/herald_default-1-600x400.jpg 600w\" sizes=\"(max-width: 639px) 600w, (min-width: 640px) 360w\" title=\"Gorski Konstanty Antoni\" alt=\"Gorski Konstanty Antoni\" itemprop=\"image\">\n\t\t\t\t\t\t\t<\/a>\n\t\t\t<h2 class=\"wpucv-post-title\" itemprop=\"name headline\">\n\t\t\t\t<a href=\"https:\/\/dziedzictwopolonii.pl\/portal\/gorski-konstanty-antoni\/\">Gorski Konstanty Antoni<\/a>\n\t\t\t<\/h2>\n\t\t\t\n\t\t\t<div class=\"wpucv-post-meta\"><a href=\"https:\/\/dziedzictwopolonii.pl\/portal\/author\/redakcja\/\" title=\"Wpisy od Redakcja\">Redakcja<\/a>&nbsp;|&nbsp;<time datetime=\"2022-12-20\">20 grudnia 2022<\/time><\/div>\t\t\t\n\t\t\t<p class=\"wpucv-excerpt\">POBIERZ PDFGORSKI Konstanty Antoni, skrzypek, kompozytor, dyrygent, pedagog muzyczny; ur. 13 czerwca 1859 w Lidzie, zm. 31 maja 1924 w&hellip;<\/p>\t\t<\/article>\n\t\t\t\t\t\t\t\t\n\t\t\t\t<article id=\"post-2901\" class=\"cell small-12 medium-6 large-4\" itemscope itemtype=\"http:\/\/schema.org\/Article\">\n\t\t\t<a class=\"wpucv-image-link-wrapper\" href=\"https:\/\/dziedzictwopolonii.pl\/portal\/gran-wiera\/\" title=\"Gran Wiera\">\n\t\t\t\t\t\t\t<img decoding=\"async\" class=\"wpucv-image-responsive\" src=\"https:\/\/dziedzictwopolonii.pl\/portal\/wp-content\/uploads\/2022\/12\/herald_default-1-360x240.jpg\" srcset=\"https:\/\/dziedzictwopolonii.pl\/portal\/wp-content\/uploads\/2022\/12\/herald_default-1-360x240.jpg 360w, https:\/\/dziedzictwopolonii.pl\/portal\/wp-content\/uploads\/2022\/12\/herald_default-1-600x400.jpg 600w\" sizes=\"(max-width: 639px) 600w, (min-width: 640px) 360w\" title=\"Gran Wiera\" alt=\"Gran Wiera\" itemprop=\"image\">\n\t\t\t\t\t\t\t<\/a>\n\t\t\t<h2 class=\"wpucv-post-title\" itemprop=\"name headline\">\n\t\t\t\t<a href=\"https:\/\/dziedzictwopolonii.pl\/portal\/gran-wiera\/\">Gran Wiera<\/a>\n\t\t\t<\/h2>\n\t\t\t\n\t\t\t<div class=\"wpucv-post-meta\"><a href=\"https:\/\/dziedzictwopolonii.pl\/portal\/author\/redakcja\/\" title=\"Wpisy od Redakcja\">Redakcja<\/a>&nbsp;|&nbsp;<time datetime=\"2022-12-20\">20 grudnia 2022<\/time><\/div>\t\t\t\n\t\t\t<p class=\"wpucv-excerpt\">POBIERZ PDFGRAN Wiera w\u0142a\u015bc. Dwojra Grimberg, piosenkarka i aktorka rewiowa; ur. 20 kwietnia 1914 w Warszawie, zm. 19 listopada 2007&hellip;<\/p>\t\t<\/article>\n\t\t\t\t\t\t\t\t\n\t\t\t\t<article id=\"post-2904\" class=\"cell small-12 medium-6 large-4\" itemscope itemtype=\"http:\/\/schema.org\/Article\">\n\t\t\t<a class=\"wpucv-image-link-wrapper\" href=\"https:\/\/dziedzictwopolonii.pl\/portal\/grigaitis-walter\/\" title=\"Grigaitis Walter\">\n\t\t\t\t\t\t\t<img decoding=\"async\" class=\"wpucv-image-responsive\" src=\"https:\/\/dziedzictwopolonii.pl\/portal\/wp-content\/uploads\/2022\/12\/herald_default-1-360x240.jpg\" srcset=\"https:\/\/dziedzictwopolonii.pl\/portal\/wp-content\/uploads\/2022\/12\/herald_default-1-360x240.jpg 360w, https:\/\/dziedzictwopolonii.pl\/portal\/wp-content\/uploads\/2022\/12\/herald_default-1-600x400.jpg 600w\" sizes=\"(max-width: 639px) 600w, (min-width: 640px) 360w\" title=\"Grigaitis Walter\" alt=\"Grigaitis Walter\" itemprop=\"image\">\n\t\t\t\t\t\t\t<\/a>\n\t\t\t<h2 class=\"wpucv-post-title\" itemprop=\"name headline\">\n\t\t\t\t<a href=\"https:\/\/dziedzictwopolonii.pl\/portal\/grigaitis-walter\/\">Grigaitis Walter<\/a>\n\t\t\t<\/h2>\n\t\t\t\n\t\t\t<div class=\"wpucv-post-meta\"><a href=\"https:\/\/dziedzictwopolonii.pl\/portal\/author\/redakcja\/\" title=\"Wpisy od Redakcja\">Redakcja<\/a>&nbsp;|&nbsp;<time datetime=\"2022-12-20\">20 grudnia 2022<\/time><\/div>\t\t\t\n\t\t\t<p class=\"wpucv-excerpt\">POBIERZ PDFGRIGAITIS Walter, organista, dyrygent, kompozytor; ur. ok. 1880 w Rydze, zm. ok. 1957 w Filadelfii (USA). Wykszta\u0142cenie: Konserwatorium Muzyczne&hellip;<\/p>\t\t<\/article>\n\t\t\t\t\t\t\t\t\n\t\t\t\t<article id=\"post-2907\" class=\"cell small-12 medium-6 large-4\" itemscope itemtype=\"http:\/\/schema.org\/Article\">\n\t\t\t<a class=\"wpucv-image-link-wrapper\" href=\"https:\/\/dziedzictwopolonii.pl\/portal\/grudzinska-nina\/\" title=\"Grudzi\u0144ska Nina\">\n\t\t\t\t\t\t\t<img decoding=\"async\" class=\"wpucv-image-responsive\" src=\"https:\/\/dziedzictwopolonii.pl\/portal\/wp-content\/uploads\/2022\/12\/herald_default-1-360x240.jpg\" srcset=\"https:\/\/dziedzictwopolonii.pl\/portal\/wp-content\/uploads\/2022\/12\/herald_default-1-360x240.jpg 360w, https:\/\/dziedzictwopolonii.pl\/portal\/wp-content\/uploads\/2022\/12\/herald_default-1-600x400.jpg 600w\" sizes=\"(max-width: 639px) 600w, (min-width: 640px) 360w\" title=\"Grudzi\u0144ska Nina\" alt=\"Grudzi\u0144ska Nina\" itemprop=\"image\">\n\t\t\t\t\t\t\t<\/a>\n\t\t\t<h2 class=\"wpucv-post-title\" itemprop=\"name headline\">\n\t\t\t\t<a href=\"https:\/\/dziedzictwopolonii.pl\/portal\/grudzinska-nina\/\">Grudzi\u0144ska Nina<\/a>\n\t\t\t<\/h2>\n\t\t\t\n\t\t\t<div class=\"wpucv-post-meta\"><a href=\"https:\/\/dziedzictwopolonii.pl\/portal\/author\/redakcja\/\" title=\"Wpisy od Redakcja\">Redakcja<\/a>&nbsp;|&nbsp;<time datetime=\"2022-12-20\">20 grudnia 2022<\/time><\/div>\t\t\t\n\t\t\t<p class=\"wpucv-excerpt\">POBIERZ PDFGRUDZI\u0143SKA Nina, \u015bpiewaczka operowa; ur. 1904 w Winnicy (Ukraina), zm. 1982 w Londynie. Wykszta\u0142cenie: studia wokalne w Polsce (u&hellip;<\/p>\t\t<\/article>\n\t\t\t\t\t\t\t\t\n\t\t\t\t<article id=\"post-2910\" class=\"cell small-12 medium-6 large-4\" itemscope itemtype=\"http:\/\/schema.org\/Article\">\n\t\t\t<a class=\"wpucv-image-link-wrapper\" href=\"https:\/\/dziedzictwopolonii.pl\/portal\/grzybowski-zbigniew-sylwan\/\" title=\"Grzybowski Zbigniew Sylwan\">\n\t\t\t\t\t\t\t<img decoding=\"async\" class=\"wpucv-image-responsive\" src=\"https:\/\/dziedzictwopolonii.pl\/portal\/wp-content\/uploads\/2022\/12\/herald_default-1-360x240.jpg\" srcset=\"https:\/\/dziedzictwopolonii.pl\/portal\/wp-content\/uploads\/2022\/12\/herald_default-1-360x240.jpg 360w, https:\/\/dziedzictwopolonii.pl\/portal\/wp-content\/uploads\/2022\/12\/herald_default-1-600x400.jpg 600w\" sizes=\"(max-width: 639px) 600w, (min-width: 640px) 360w\" title=\"Grzybowski Zbigniew Sylwan\" alt=\"Grzybowski Zbigniew Sylwan\" itemprop=\"image\">\n\t\t\t\t\t\t\t<\/a>\n\t\t\t<h2 class=\"wpucv-post-title\" itemprop=\"name headline\">\n\t\t\t\t<a href=\"https:\/\/dziedzictwopolonii.pl\/portal\/grzybowski-zbigniew-sylwan\/\">Grzybowski Zbigniew Sylwan<\/a>\n\t\t\t<\/h2>\n\t\t\t\n\t\t\t<div class=\"wpucv-post-meta\"><a href=\"https:\/\/dziedzictwopolonii.pl\/portal\/author\/redakcja\/\" title=\"Wpisy od Redakcja\">Redakcja<\/a>&nbsp;|&nbsp;<time datetime=\"2022-12-20\">20 grudnia 2022<\/time><\/div>\t\t\t\n\t\t\t<p class=\"wpucv-excerpt\">POBIERZ PDFGRZYBOWSKI Zbigniew Sylwan, pianista, pedagog muzyczny; ur. 11 lutego 1911 w B\u0142oniu k. Warszawy, zm. 27 grudnia 1992 w&hellip;<\/p>\t\t<\/article>\n\t\t\t<\/div>\n\t<\/div>\t\t\t\t<\/div>\n\t\t\t\t\n\t\t\t\t\t\t\t\t<div class=\"wpucv-pagination-wrapper clearfix\">\n\t\t\t\t\t\t\t\t\t<\/div>\n\t\t\t\t\t\t\t\t\t<\/div>\n\t\t\n","protected":false},"excerpt":{"rendered":"<p>\u201eMuzyka jest wi\u0119kszym objawieniem ni\u017c ca\u0142a m\u0105dro\u015b\u0107 i filozofia\u201d \u00a0Ludwik Van Beethoven Trudne dzieje Polski zawa\u017cy\u0142y na mo\u017cliwo\u015bciach dokumentowania&hellip;<\/p>\n","protected":false},"author":4,"featured_media":0,"comment_status":"closed","ping_status":"closed","sticky":false,"template":"","format":"standard","meta":{"_mi_skip_tracking":false,"footnotes":""},"categories":[103],"tags":[],"class_list":["post-2179","post","type-post","status-publish","format-standard","hentry","category-lista-biogramow"],"_links":{"self":[{"href":"https:\/\/dziedzictwopolonii.pl\/portal\/wp-json\/wp\/v2\/posts\/2179","targetHints":{"allow":["GET"]}}],"collection":[{"href":"https:\/\/dziedzictwopolonii.pl\/portal\/wp-json\/wp\/v2\/posts"}],"about":[{"href":"https:\/\/dziedzictwopolonii.pl\/portal\/wp-json\/wp\/v2\/types\/post"}],"author":[{"embeddable":true,"href":"https:\/\/dziedzictwopolonii.pl\/portal\/wp-json\/wp\/v2\/users\/4"}],"replies":[{"embeddable":true,"href":"https:\/\/dziedzictwopolonii.pl\/portal\/wp-json\/wp\/v2\/comments?post=2179"}],"version-history":[{"count":5,"href":"https:\/\/dziedzictwopolonii.pl\/portal\/wp-json\/wp\/v2\/posts\/2179\/revisions"}],"predecessor-version":[{"id":2750,"href":"https:\/\/dziedzictwopolonii.pl\/portal\/wp-json\/wp\/v2\/posts\/2179\/revisions\/2750"}],"wp:attachment":[{"href":"https:\/\/dziedzictwopolonii.pl\/portal\/wp-json\/wp\/v2\/media?parent=2179"}],"wp:term":[{"taxonomy":"category","embeddable":true,"href":"https:\/\/dziedzictwopolonii.pl\/portal\/wp-json\/wp\/v2\/categories?post=2179"},{"taxonomy":"post_tag","embeddable":true,"href":"https:\/\/dziedzictwopolonii.pl\/portal\/wp-json\/wp\/v2\/tags?post=2179"}],"curies":[{"name":"wp","href":"https:\/\/api.w.org\/{rel}","templated":true}]}}